{"id":112686,"date":"2017-10-14T13:29:23","date_gmt":"2017-10-14T11:29:23","guid":{"rendered":"http:\/\/kulturbloggen.com\/?p=112686"},"modified":"2017-10-14T13:29:23","modified_gmt":"2017-10-14T11:29:23","slug":"10-ars-jubileum-the-mary-onettes-debutalbum-aterutges-och-framfors-i-sin-helhet-live","status":"publish","type":"post","link":"https:\/\/kulturbloggen.com\/?p=112686","title":{"rendered":"10-\u00e5rs jubileum! The Mary Onettes debutalbum \u00e5terutges och framf\u00f6rs i sin helhet live"},"content":{"rendered":"<p><img loading=\"lazy\" decoding=\"async\" src=\"http:\/\/kulturbloggen.com\/wp-content\/uploads\/2017\/10\/maryonettescover-300x300.jpg\" alt=\"\" width=\"300\" height=\"300\" class=\"aligncenter size-medium wp-image-112726\" srcset=\"https:\/\/kulturbloggen.com\/wp-content\/uploads\/2017\/10\/maryonettescover-300x300.jpg 300w, https:\/\/kulturbloggen.com\/wp-content\/uploads\/2017\/10\/maryonettescover-150x150.jpg 150w, https:\/\/kulturbloggen.com\/wp-content\/uploads\/2017\/10\/maryonettescover-768x768.jpg 768w, https:\/\/kulturbloggen.com\/wp-content\/uploads\/2017\/10\/maryonettescover-1024x1024.jpg 1024w, https:\/\/kulturbloggen.com\/wp-content\/uploads\/2017\/10\/maryonettescover.jpg 1890w\" sizes=\"auto, (max-width: 300px) 100vw, 300px\" \/><\/p>\n<p>The Mary Onettes klassiska debutalbum fyller tio \u00e5r den 10 november och det firar bandet och skivbolaget Labrador med att \u00e5terutgivning av  The Mary Onettes klassiska debutalbum. I samband med releasen framf\u00f6r bandet albumet i sin helhet p\u00e5 Debaser Strand den 24 november.<\/p>\n<p>The Mary Onettes beskrevs i b\u00f6rjan som ett modernt A-ha kl\u00e4tt i svart kompade av tidiga The Jesus and Mary Chain. Singeln \u201dLost\u201d blev \u201dBest New Music\u201d p\u00e5 Pitchfork och i en v\u00e4rldens d\u00e5 mest popul\u00e4ra TV-serier, Grey\u2019s Anatomy, kunde man h\u00f6ra b\u00e5de \u201dLost\u201d och \u201dExplosions\u201d fr\u00e5n albumet.<\/p>\n<p>Nu sl\u00e4pps \u201dThe Mary Onettes\u201d f\u00f6r f\u00f6rsta g\u00e5ngen n\u00e5gonsin p\u00e5 vinyl (limiterad upplaga p\u00e5 endast 500 ex) och \u00e5terutges p\u00e5 CD. <\/p>\n<p>\u201dThe Mary Onettes\u201d \u00e4r en storartad svensk popdebut.\u201d, EXPRESSEN<br \/>\n\u201dThe Mary Onettes rullar ut hit efter hit\u201d, SVENSKA DAGBLADET<br \/>\n&#8221;\u201dMed \u00f6msom sp\u00e4nstiga \u00f6msom smekande popmelodier, inbjudande refr\u00e4nger sprider The Mary Onette ett eget ljus i dysterhetsdimman\u201d, DAGENS NYHETER<br \/>\n&#8221;Det \u00e4r intensivt och koncentrerat och tar sig, i kontakt med luften utanf\u00f6r, oanade proportioner, tr\u00e4nger in, fastnar och stannar kvar.\u201d, SYDSVENSKAN<br \/>\n\u201d\u2026 efter intensiva ep-f\u00f6rspel kommer s\u00e5 full\u00e4ngdaren och den \u00e4r exakt s\u00e5 man vill\u201d, G\u00d6TEBORGSPOSTEN<\/p>\n<p><iframe loading=\"lazy\" src=\"https:\/\/open.spotify.com\/embed\/album\/2Cm2ntRQgZVanSkMcEOJbG\" width=\"300\" height=\"380\" frameborder=\"0\" allowtransparency=\"true\"><\/iframe><\/p>\n","protected":false},"excerpt":{"rendered":"<p>The Mary Onettes klassiska debutalbum fyller tio \u00e5r den 10 november och det firar bandet och skivbolaget Labrador med att \u00e5terutgivning av The Mary Onettes klassiska debutalbum. I samband med releasen framf\u00f6r bandet albumet i sin helhet p\u00e5 Debaser Strand den 24 november. The Mary Onettes beskrevs i b\u00f6rjan som ett modernt A-ha kl\u00e4tt i [&hellip;]<\/p>\n","protected":false},"author":13,"featured_media":0,"comment_status":"open","ping_status":"open","sticky":false,"template":"","format":"standard","meta":{"_genesis_hide_title":false,"_genesis_hide_breadcrumbs":false,"_genesis_hide_singular_image":false,"_genesis_hide_footer_widgets":false,"_genesis_custom_body_class":"","_genesis_custom_post_class":"","_genesis_layout":"","footnotes":""},"categories":[7],"tags":[],"class_list":{"0":"post-112686","1":"post","2":"type-post","3":"status-publish","4":"format-standard","6":"category-musik","7":"entry"},"_links":{"self":[{"href":"https:\/\/kulturbloggen.com\/index.php?rest_route=\/wp\/v2\/posts\/112686","targetHints":{"allow":["GET"]}}],"collection":[{"href":"https:\/\/kulturbloggen.com\/index.php?rest_route=\/wp\/v2\/posts"}],"about":[{"href":"https:\/\/kulturbloggen.com\/index.php?rest_route=\/wp\/v2\/types\/post"}],"author":[{"embeddable":true,"href":"https:\/\/kulturbloggen.com\/index.php?rest_route=\/wp\/v2\/users\/13"}],"replies":[{"embeddable":true,"href":"https:\/\/kulturbloggen.com\/index.php?rest_route=%2Fwp%2Fv2%2Fcomments&post=112686"}],"version-history":[{"count":4,"href":"https:\/\/kulturbloggen.com\/index.php?rest_route=\/wp\/v2\/posts\/112686\/revisions"}],"predecessor-version":[{"id":112779,"href":"https:\/\/kulturbloggen.com\/index.php?rest_route=\/wp\/v2\/posts\/112686\/revisions\/112779"}],"wp:attachment":[{"href":"https:\/\/kulturbloggen.com\/index.php?rest_route=%2Fwp%2Fv2%2Fmedia&parent=112686"}],"wp:term":[{"taxonomy":"category","embeddable":true,"href":"https:\/\/kulturbloggen.com\/index.php?rest_route=%2Fwp%2Fv2%2Fcategories&post=112686"},{"taxonomy":"post_tag","embeddable":true,"href":"https:\/\/kulturbloggen.com\/index.php?rest_route=%2Fwp%2Fv2%2Ftags&post=112686"}],"curies":[{"name":"wp","href":"https:\/\/api.w.org\/{rel}","templated":true}]}}