{"id":11268,"date":"2009-07-20T21:32:47","date_gmt":"2009-07-20T19:32:47","guid":{"rendered":"http:\/\/kulturbloggen.com\/?p=11268"},"modified":"2009-07-20T21:32:47","modified_gmt":"2009-07-20T19:32:47","slug":"rapport-och-filmklipp-fran-presskonferens-med-erykah-badu","status":"publish","type":"post","link":"https:\/\/kulturbloggen.com\/?p=11268","title":{"rendered":"Rapport och filmklipp fr\u00e5n presskonferens med Erykah Badu"},"content":{"rendered":"<p><img loading=\"lazy\" decoding=\"async\" src=\"http:\/\/sodergren.com\/kulturbloggen\/wp-content\/uploads\/2009\/07\/erykahbadu.jpg\" alt=\"erykahbadu\" title=\"erykahbadu\" width=\"300\" height=\"224\" class=\"aligncenter size-full wp-image-11278\" \/><br \/>\nKoncentrera dig p\u00e5 n\u00e5got omkring dig, se saken, ta i den helt och fullt, se den som den \u00e4r. Bara betrakta den och var i nuet. Koppla bort alla tankar p\u00e5 vad som var ig\u00e5r och vad som ska komma.<\/p>\n<p>Det \u00e4r en slags meditation som Erykay Badu beskrev. Det var hennes avslutande ord p\u00e5 en presskonferens p\u00e5 Stockholms jazzfestival. Tekniken att meditera i vardagen p\u00e5 det s\u00e4ttet ville hon dela med sig av till alla som var d\u00e4r.<br \/>\nDet var en fascinerande och ovanlig presskonferens som soulstj\u00e4rnan h\u00f6ll efter sin konsert, som var finalpunkten och avslutningen p\u00e5 Stockholms Jazzfestival.<\/p>\n<p>Omkring \u00e5tta representanter f\u00f6r medier, varav Kulturbloggen var en, var inbjudna och fick vara med. Dessutom var ett femtontal fans inbjudna att f\u00e5 delta i presskonferensen. I presst\u00e4ltet hade det tidigare under festivalen funnits en lapp d\u00e4r alla ackrediterade journalister, fotografer och bloggare fick skriva upp sig p\u00e5 f\u00f6r att visa sitt intresse att delta. 40-50 namn var uppskrivna, men Erykah Badu meddelade via sitt skivbolag att hon ville ha en mer intim presskonferens och de valde ut n\u00e5gra f\u00e5 som blev inbjudna. Men ist\u00e4llet bj\u00f6d de allts\u00e5 in ett del fans.<\/p>\n<p>Under presskonferensen ber\u00e4ttade Erykah Badu att hon gjort s\u00e5 i tio \u00e5r. Efter varenda konsert bjuder hon in n\u00e5gra fans som f\u00e5r tr\u00e4ffa henne och st\u00e4lla fr\u00e5gor och hon f\u00e5r en chans att fr\u00e5ga dem om saker.<\/p>\n<p><img loading=\"lazy\" decoding=\"async\" src=\"http:\/\/sodergren.com\/kulturbloggen\/wp-content\/uploads\/2009\/07\/badu_cover-150x150.jpg\" alt=\"badu_cover\" title=\"badu_cover\" width=\"150\" height=\"150\" class=\"alignright size-thumbnail wp-image-11286\" \/>En av fansen fr\u00e5gade om hon hade n\u00e5gon som hj\u00e4lpte henne med hennes koreaorafi, scenkl\u00e4der med mera.<\/p>\n<p>&#8211; Absolut inte, svarade hon.<br \/>\n&#8211; Jag \u00e4r kontrollfreak, jag g\u00f6r allt sj\u00e4lv. Min dans, ljuss\u00e4ttning, hur bandet ska spela, allt &#8230; Fast freak och freak? Det handlar om passion. Jag vill f\u00f6ra fram n\u00e5got, jag brinner f\u00f6r det och h\u00e5ller p\u00e5 och jobbar med det flera timmar varje dag, kring allt som jag skapar.<\/p>\n<p>Erykah Badu \u00e4r ju inte bara musiker utan har varit med i flera filmer, bland annat i Lasse Hallstr\u00f6ms film Ciderhusreglerna. Hon har \u00e4ven varit med i Blues Brothers 2000 och spelade h\u00f6sten 2004 med i en film med namnet House of D som regisserades av David Duchovny.<br \/>\nHon ber\u00e4ttade att hon \u00e4lskar att st\u00e5 p\u00e5 scen, att hon \u00e4r en teaterapa. Hon b\u00f6rjade som tre-fyra\u00e5ring med att spela teater p\u00e5 f\u00f6rskolan och sedan dess har hon alltid \u00e4lskat att vara p\u00e5 scen och vetat att det \u00e4r det hon vill syssla med,<\/p>\n<p>&#8211; Kommer r\u00e4tt filmroll tackar jag absolut ja att vara med i en film igen, sade hon.<\/p>\n<p><img loading=\"lazy\" decoding=\"async\" src=\"http:\/\/sodergren.com\/kulturbloggen\/wp-content\/uploads\/2009\/07\/erykah-badu-baduism-1997_cover-150x150.jpg\" alt=\"erykah-badu-baduism-1997_cover\" title=\"erykah-badu-baduism-1997_cover\" width=\"150\" height=\"150\" class=\"alignright size-thumbnail wp-image-11289\" \/>Hon fick en fr\u00e5ga om n\u00e5gon av hennes barn verkade ha samma k\u00e4rlek till att upptr\u00e4da. D\u00e5 ber\u00e4ttade hon om sina tre barn. Sonen, Seven, \u00e4r i elva\u00e5rs\u00e5ldern och mycket duktig i skolan och har f\u00e5tt en stipendium och ska studera i Washington. \u00c4ldsta dottern heter Puma och \u00e4r fem \u00e5r.<\/p>\n<p>&#8211; Hon \u00e4r som jag, hon \u00e4lskar att upptr\u00e4da och att sjunga, sade Erykah Badu.<\/p>\n<p>Den minsta flickan f\u00f6ddes i februari 2009 och var liksom storasystern med p\u00e5 jazzfestivalen.<\/p>\n<p>&#8211; Hon \u00e4r bara fem m\u00e5nader nu och hon l\u00e5ter n\u00e4r hon skriker, men det \u00e4r f\u00f6r tidigt att s\u00e4ga om hon vill vara p\u00e5 scenen, sade Erykah Badu.<\/p>\n<p>Hon verkar vara v\u00e4ldigt intresserad av barn och det verkar som om g\u00e4rna f\u00e5r fler barn.<\/p>\n<p>En av fansen fr\u00e5gade vad hon ville g\u00f6ra fram\u00f6ver. &#8221;Du har ju redan gjort s\u00e5 mycket&#8221;, menade hennes fans.<\/p>\n<p>&#8211; \u00c5h, det finns s\u00e5 m\u00e5nga s\u00e5nger att skriva, det finns s\u00e5 m\u00e5nga konserter att s\u00e4tta samma och ja, det finns fler barn att f\u00e5, svara hon.<\/p>\n<p><a href=\"http:\/\/www.rockfoto.nu\/artists\/Erykah%20Badu\/gig\/20090719\/11517\/photos\/81943\">Rockfoto har f\u00f6rresten j\u00e4ttefina bilder p\u00e5 Erykah Badu, fr\u00e5n konserten.<\/a><\/p>\n<p>H\u00e4r \u00e4r en del av presskonferensen p\u00e5 video:<\/p>\n<p><object width=\"425\" height=\"344\"><param name=\"movie\" value=\"http:\/\/www.youtube.com\/v\/Qq3LAYO8sFQ&#038;hl=sv&#038;fs=1&#038;\"><\/param><param name=\"allowFullScreen\" value=\"true\"><\/param><param name=\"allowscriptaccess\" value=\"always\"><\/param><embed src=\"http:\/\/www.youtube.com\/v\/Qq3LAYO8sFQ&#038;hl=sv&#038;fs=1&#038;\" type=\"application\/x-shockwave-flash\" allowscriptaccess=\"always\" allowfullscreen=\"true\" width=\"425\" height=\"344\"><\/embed><\/object><\/p>\n<p><a href=\"http:\/\/www.svd.se\/kulturnoje\/scen\/artikel_3228159.svd\">Hon fick betyg 5 f\u00f6r konserten av SVD<\/a> och <a href=\"http:\/\/www.dn.se\/kultur-noje\/konstrecensioner\/jazzfestivalen-sista-dagen-1.914860\">DN:s recensent var ocks\u00e5 n\u00f6jd<\/a>.<br \/>\n<a href=\"http:\/\/sv.wikipedia.org\/wiki\/Erykah_Badu\">En del fakta om Erykah Badu finns i svenska wikipedia.<\/a><br \/>\n<a href=\"http:\/\/www.myspace.com\/erykahbadu\">Lyssna g\u00e4rna p\u00e5 Erykah Badu p\u00e5 Myspace.<\/a><\/p>\n<p>L\u00e4s \u00e4ven andra bloggares \u00e5sikter om <a href=\"http:\/\/bloggar.se\/om\/jazz\" rel=\"tag\">jazz<\/a>, <a href=\"http:\/\/bloggar.se\/om\/soul\" rel=\"tag\">soul<\/a>, <a href=\"http:\/\/bloggar.se\/om\/hiphop\" rel=\"tag\">hiphop<\/a>, <a href=\"http:\/\/bloggar.se\/om\/intervju\" rel=\"tag\">intervju<\/a>, <a href=\"http:\/\/bloggar.se\/om\/barn\" rel=\"tag\">barn<\/a>, <a href=\"http:\/\/bloggar.se\/om\/Stockholmk\" rel=\"tag\">Stockholmk<\/a>, <a href=\"http:\/\/bloggar.se\/om\/jazzfestival\" rel=\"tag\">jazzfestival<\/a>, <a href=\"http:\/\/bloggar.se\/om\/Erykah+Badu\" rel=\"tag\">Erykah Badu<\/a>, <a href=\"http:\/\/bloggar.se\/om\/Puma\" rel=\"tag\">Puma<\/a><\/p>\n","protected":false},"excerpt":{"rendered":"<p>Koncentrera dig p\u00e5 n\u00e5got omkring dig, se saken, ta i den helt och fullt, se den som den \u00e4r. Bara betrakta den och var i nuet. Koppla bort alla tankar p\u00e5 vad som var ig\u00e5r och vad som ska komma. Det \u00e4r en slags meditation som Erykay Badu beskrev. Det var hennes avslutande ord p\u00e5 [&hellip;]<\/p>\n","protected":false},"author":2,"featured_media":0,"comment_status":"open","ping_status":"open","sticky":false,"template":"","format":"standard","meta":{"_genesis_hide_title":false,"_genesis_hide_breadcrumbs":false,"_genesis_hide_singular_image":false,"_genesis_hide_footer_widgets":false,"_genesis_custom_body_class":"","_genesis_custom_post_class":"","_genesis_layout":"","footnotes":""},"categories":[5],"tags":[529,2274,12281,2632,24],"class_list":{"0":"post-11268","1":"post","2":"type-post","3":"status-publish","4":"format-standard","6":"category-intervju","7":"tag-barn","8":"tag-hiphop","9":"tag-intervju","10":"tag-jazz","11":"tag-soul-musik","12":"entry"},"_links":{"self":[{"href":"https:\/\/kulturbloggen.com\/index.php?rest_route=\/wp\/v2\/posts\/11268","targetHints":{"allow":["GET"]}}],"collection":[{"href":"https:\/\/kulturbloggen.com\/index.php?rest_route=\/wp\/v2\/posts"}],"about":[{"href":"https:\/\/kulturbloggen.com\/index.php?rest_route=\/wp\/v2\/types\/post"}],"author":[{"embeddable":true,"href":"https:\/\/kulturbloggen.com\/index.php?rest_route=\/wp\/v2\/users\/2"}],"replies":[{"embeddable":true,"href":"https:\/\/kulturbloggen.com\/index.php?rest_route=%2Fwp%2Fv2%2Fcomments&post=11268"}],"version-history":[{"count":0,"href":"https:\/\/kulturbloggen.com\/index.php?rest_route=\/wp\/v2\/posts\/11268\/revisions"}],"wp:attachment":[{"href":"https:\/\/kulturbloggen.com\/index.php?rest_route=%2Fwp%2Fv2%2Fmedia&parent=11268"}],"wp:term":[{"taxonomy":"category","embeddable":true,"href":"https:\/\/kulturbloggen.com\/index.php?rest_route=%2Fwp%2Fv2%2Fcategories&post=11268"},{"taxonomy":"post_tag","embeddable":true,"href":"https:\/\/kulturbloggen.com\/index.php?rest_route=%2Fwp%2Fv2%2Ftags&post=11268"}],"curies":[{"name":"wp","href":"https:\/\/api.w.org\/{rel}","templated":true}]}}