{"id":11260,"date":"2009-07-20T11:57:31","date_gmt":"2009-07-20T09:57:31","guid":{"rendered":"http:\/\/kulturbloggen.com\/?p=11260"},"modified":"2009-07-20T11:57:31","modified_gmt":"2009-07-20T09:57:31","slug":"echo-and-the-bunnymen-slappte-nyheter-om-sin-kommande-skiva-pa-twitter","status":"publish","type":"post","link":"https:\/\/kulturbloggen.com\/?p=11260","title":{"rendered":"Echo and the Bunnymen sl\u00e4ppte nyheter om sin kommande skiva p\u00e5 twitter"},"content":{"rendered":"<p><a href=\"http:\/\/sodergren.com\/kulturbloggen\/wp-content\/uploads\/2009\/07\/echo_songs.jpg\"><img loading=\"lazy\" decoding=\"async\" src=\"http:\/\/sodergren.com\/kulturbloggen\/wp-content\/uploads\/2009\/07\/echo_songs.jpg\" alt=\"echo_songs\" title=\"echo_songs\" width=\"301\" height=\"300\" class=\"alignright size-full wp-image-11265\" \/><\/a><\/p>\n<p>Echo and the Bunnymen gav oss ig\u00e5r en del information om sin nya skiva p\u00e5 twitter.<!--more--><\/p>\n<p><em>&#8221;The Fountain LP release date 12 Oct &#038; I Think I Need It Too single release 28 Sept. 4 Track samples on bunnymen.com &#038; MySpace from Tues&#8221;<\/em><\/p>\n<p>The Fountain blir allts\u00e5 bandets f\u00f6rsta album p\u00e5 fyra \u00e5r. Med klassiska l\u00e5tar som &#8221;The Killing Moon&#8221;, &#8221;The Back of Love&#8221; och &#8221;Lips Like Sugar&#8221; bakom sig blir det intressant att se hur bandet \u00e4r idag. Deras f\u00f6rra skiva, Siberia fr\u00e5n 2005, var \u00f6verraskande bra.<\/p>\n<p>L\u00e5tarna &#8221;I Think I Need It Too&#8221;, &#8221;Do You Know Who I Am?&#8221;, &#8221;Proxy&#8221; och &#8221;Drivetime&#8221; kan du provlyssna p\u00e5 om du g\u00e5r in p\u00e5 bandets <a href=\"http:\/\/www.myspace.com\/thebunnymen\">myspace<\/a>.<\/p>\n<p>S\u00e5 h\u00e4r har bandet skrivit p\u00e5 sin officiella hemsida:<\/p>\n<p><em>Echo &#038; the Bunnymen are pleased to be able to bring you the first official details about the bands 10th studio album.<\/p>\n<p>The 12th October will see the release of The Fountain as a digital download &#038; CD.<\/p>\n<p>4 tracks Think I Need It Too, Do You Know Who I Am, Proxy &#038; Drivetime will be sampled for fans to listen to via Bunnymen.com &#038; MySpace next week.<\/p>\n<p>A single will be released before The Fountain. Think I Need It Too will be released on the 28th September as a digital download and cd single.<\/p>\n<p>Echo &#038; The Bunnymen will be announcing 4 UK live dates to coincide with the release of The Fountain.<\/p>\n<p>The live dates will be announced on Bunnymen.com next week.<\/em><\/p>\n<p>I augusti kommer de till Sverige f\u00f6r att spela sin klassiska skiva Ocean Rain fr\u00e5n 1984 i sin helhet p\u00e5 Way Out West-festivalen. <\/p>\n<p>H\u00e4r \u00e4r ett youtube-klipp d\u00e4r Bring on the Dancing Horses framf\u00f6rs live:<\/p>\n<p><object width=\"425\" height=\"344\"><param name=\"movie\" value=\"http:\/\/www.youtube.com\/v\/_Xx0kHWmsjA&#038;hl=sv&#038;fs=1&#038;\"><\/param><param name=\"allowFullScreen\" value=\"true\"><\/param><param name=\"allowscriptaccess\" value=\"always\"><\/param><embed src=\"http:\/\/www.youtube.com\/v\/_Xx0kHWmsjA&#038;hl=sv&#038;fs=1&#038;\" type=\"application\/x-shockwave-flash\" allowscriptaccess=\"always\" allowfullscreen=\"true\" width=\"425\" height=\"344\"><\/embed><\/object><\/p>\n","protected":false},"excerpt":{"rendered":"<p>Echo and the Bunnymen gav oss ig\u00e5r en del information om sin nya skiva p\u00e5 twitter.<\/p>\n","protected":false},"author":3,"featured_media":0,"comment_status":"open","ping_status":"open","sticky":false,"template":"","format":"standard","meta":{"_genesis_hide_title":false,"_genesis_hide_breadcrumbs":false,"_genesis_hide_singular_image":false,"_genesis_hide_footer_widgets":false,"_genesis_custom_body_class":"","_genesis_custom_post_class":"","_genesis_layout":"","footnotes":""},"categories":[7],"tags":[12282],"class_list":{"0":"post-11260","1":"post","2":"type-post","3":"status-publish","4":"format-standard","6":"category-musik","7":"tag-musik","8":"entry"},"_links":{"self":[{"href":"https:\/\/kulturbloggen.com\/index.php?rest_route=\/wp\/v2\/posts\/11260","targetHints":{"allow":["GET"]}}],"collection":[{"href":"https:\/\/kulturbloggen.com\/index.php?rest_route=\/wp\/v2\/posts"}],"about":[{"href":"https:\/\/kulturbloggen.com\/index.php?rest_route=\/wp\/v2\/types\/post"}],"author":[{"embeddable":true,"href":"https:\/\/kulturbloggen.com\/index.php?rest_route=\/wp\/v2\/users\/3"}],"replies":[{"embeddable":true,"href":"https:\/\/kulturbloggen.com\/index.php?rest_route=%2Fwp%2Fv2%2Fcomments&post=11260"}],"version-history":[{"count":0,"href":"https:\/\/kulturbloggen.com\/index.php?rest_route=\/wp\/v2\/posts\/11260\/revisions"}],"wp:attachment":[{"href":"https:\/\/kulturbloggen.com\/index.php?rest_route=%2Fwp%2Fv2%2Fmedia&parent=11260"}],"wp:term":[{"taxonomy":"category","embeddable":true,"href":"https:\/\/kulturbloggen.com\/index.php?rest_route=%2Fwp%2Fv2%2Fcategories&post=11260"},{"taxonomy":"post_tag","embeddable":true,"href":"https:\/\/kulturbloggen.com\/index.php?rest_route=%2Fwp%2Fv2%2Ftags&post=11260"}],"curies":[{"name":"wp","href":"https:\/\/api.w.org\/{rel}","templated":true}]}}