{"id":112448,"date":"2017-09-28T13:35:47","date_gmt":"2017-09-28T11:35:47","guid":{"rendered":"http:\/\/kulturbloggen.com\/?p=112448"},"modified":"2017-09-28T13:36:14","modified_gmt":"2017-09-28T11:36:14","slug":"stad-i-stad-en-berattelse-efter-fogelstrom-pa-teater-reflex","status":"publish","type":"post","link":"https:\/\/kulturbloggen.com\/?p=112448","title":{"rendered":"Stad i Stad &#8211; en ber\u00e4ttelse efter Fogelstr\u00f6m p\u00e5 Teater Reflex"},"content":{"rendered":"<p><a href=\"http:\/\/kulturbloggen.com\/wp-content\/uploads\/2017\/09\/stadidag.jpg\"><img loading=\"lazy\" decoding=\"async\" src=\"http:\/\/kulturbloggen.com\/wp-content\/uploads\/2017\/09\/stadidag-212x300.jpg\" alt=\"\" width=\"212\" height=\"300\" class=\"aligncenter size-medium wp-image-112457\" srcset=\"https:\/\/kulturbloggen.com\/wp-content\/uploads\/2017\/09\/stadidag-212x300.jpg 212w, https:\/\/kulturbloggen.com\/wp-content\/uploads\/2017\/09\/stadidag-768x1086.jpg 768w, https:\/\/kulturbloggen.com\/wp-content\/uploads\/2017\/09\/stadidag-724x1024.jpg 724w, https:\/\/kulturbloggen.com\/wp-content\/uploads\/2017\/09\/stadidag.jpg 800w\" sizes=\"auto, (max-width: 212px) 100vw, 212px\" \/><\/a><\/p>\n<p><strong>Stad i Stad <\/strong> &#8211; en ber\u00e4ttelse efter Fogelstr\u00f6m<br \/>\nRegi Kent Ekberg<br \/>\nManus Greta Sundberg<br \/>\nF\u00f6rest\u00e4llning som recenseras: Teater Reflex i K\u00e4rrtorp 27 september 2017<\/p>\n<p>I samband med att vi firar Fogelstr\u00f6ms 100 \u00e5r i \u00e5r dyker f\u00f6rest\u00e4llningen upp som p\u00e5 best\u00e4llning. Kv\u00e4llen utlovar att vi ska f\u00e5 se rollkarakt\u00e4rer i enlighet med Fogelstr\u00f6m men i nyare tappning och med tiden. Vilket l\u00e5ter lovande med tanke p\u00e5 att det dessutom \u00e4r reformationens 500 \u00e5rs firande ocks\u00e5 i \u00e5r. Det \u00e4r ju viktigt att det som en g\u00e5ng varit kan g\u00f6ras om, funderas kring och l\u00e4ggas i nya formar f\u00f6r v\u00e5r tid. K\u00e4nslan av att v\u00e5r tid sannerligen ha v\u00e4ldigt m\u00e5nga \u201dvuxna barn\u201d, ges tydligt och jag kan inget annat \u00e4n h\u00e5lla med.<\/p>\n<p>Mest sl\u00e5ende under kv\u00e4llen \u00e4r den enorma f\u00e4rgspraklighet som r\u00e5dde p\u00e5 scen. Den franska touchen kanske inte helt h\u00f6r hemma, i Fogelstr\u00f6ms gr\u00e5 och slitsamma tid, men har man lovat f\u00f6r\u00e4ndring och nyt\u00e4nk s\u00e5 tilltalade det r\u00f6da, svarta, vit och randiga mig. Ska man dessutom ge v\u00e5r samtid en f\u00f6rvarning kring ytligheternas behov av glamour s\u00e5 kunde det sannerligen ge svar p\u00e5 tal. Ironin kring n\u00f6jeskonsulter, prostitution, branschen och livets mening var tydlig och i m\u00e5nga stunder tr\u00e4ffande. Dessutom uppskattades det att den lilla m\u00e4nniskan togs i f\u00f6rsvar i ett Stockholm d\u00e4r fortfarande m\u00e4nniskor inte ha r\u00e5d att k\u00f6pa en l\u00e4genhet eller inte ens kan r\u00e4kna med att facket st\u00e5r upp f\u00f6r dem.<\/p>\n<p>Man fascinerades mycket av det stora antalet av akt\u00f6rer och s\u00e5ngare som f\u00f6rekom under kv\u00e4llen och den disciplin som kr\u00e4vs f\u00f6r att var och en beh\u00f6ver ha f\u00f6r att vara p\u00e5 r\u00e4tt plats vid r\u00e4tt tillf\u00e4lle. D\u00e4remot h\u00f6rdes texterna v\u00e4ldigt d\u00e5ligt, trots det och det f\u00f6rv\u00e5nade mig mycket. Jag kunde inte avg\u00f6ra om det var n\u00e5got fel p\u00e5 ljudet. F\u00f6r om inte den skaran kan f\u00e5 texten att n\u00e5 fram, borde det n\u00e4stan ha varit n\u00e5got tekniskt fel. Tyv\u00e4rr h\u00f6rdes \u00e4ven akt\u00f6rerna mer eller mindre bra under kv\u00e4llen vilket f\u00f6rsv\u00e5rade att h\u00e4nga med i det udda tempo som f\u00f6reskred under kv\u00e4llen. Sv\u00e5rast att h\u00f6ra var det dock under de s\u00e5 kallade storscenerna med m\u00e5nga p\u00e5 scen, d\u00e4r det skulle avbrytas och pratas om varandra. D\u00e5 gick det inte att h\u00f6ra n\u00e5got alls.<\/p>\n<p>Det \u00e4r en sp\u00e4nnande och en rolig id\u00e9 att f\u00f6rs\u00f6ka \u00f6vers\u00e4tta rollkarakt\u00e4rer fr\u00e5n d\u00e5 till nu. Det g\u00f6r ju att manuset f\u00e5r en helt ny arena att st\u00e5 p\u00e5 om nutidens m\u00e4nniskor k\u00e4nner igen den problematik d\u00e5 som \u00e4ven en del av nu. Trots att jag har l\u00e4st en del av Fogelstr\u00f6m var det inte alltid helt klart vilka karakt\u00e4rer som hade f\u00e5tt en ny tappning, fast det gjorde inget k\u00e4nde jag. Ska man t\u00e4nka om kan man lika v\u00e4l f\u00f6rs\u00f6ka g\u00f6ra det ordentligt. D\u00e4remot upplevde jag att vi var ganska m\u00e5nga som inte f\u00f6rstod manusets handling. Det var tv\u00e4ra kast mellan det ena och det andra, utan en b\u00f6rjan, en mitt eller ett slut. M\u00e5nga sidosp\u00e5r f\u00f6rvirrade. Man ska ocks\u00e5 bet\u00e4nka att n\u00e4r man har en tunn linje mellan vem som \u00e4r akt\u00f6rer, sk\u00e5despelare och statister p\u00e5 scen \u00e4r det \u00e4nnu viktigare att handlingen h\u00e5lls ihop av n\u00e5gon typ av tydlighet f\u00f6r att inneh\u00e5llet inte ska uppfattas som oj\u00e4mnt och spreta. Ibland m\u00e5ste man f\u00f6rs\u00f6ka g\u00f6ra det mer l\u00e4tt, eftersom hela ensemblen kanske inte kan bli b\u00e4rare av inneh\u00e5llet.<\/p>\n<p>Det fanns n\u00e5gra intima scener under kv\u00e4llens g\u00e5ng. Intimitet mellan m\u00e4nniskor \u00e4r alltid sv\u00e5rt att gestalta, \u00e4ven f\u00f6r de mest skolade sk\u00e5despelare. Intimitet kr\u00e4ver inre \u00f6vning i n\u00e4rhet p\u00e5 m\u00e5nga viktiga k\u00e4nsloniv\u00e5er och finmotorik i handlingar p\u00e5 scen. Intimitet som gestaltas i teater m\u00e5ste dessutom alltid ta h\u00e4nsyn till publikens \u00f6nskem\u00e5l om vad man kan t\u00e4nka sig att bevittna. Om inte k\u00e4nslan heller finns d\u00e4r kan den inte ers\u00e4ttas av skrik, gr\u00e5t och juckanden med varandra. D\u00e5ligt sex vill ingen ha, inte ens som \u00e5h\u00f6rare p\u00e5 en teater. <\/p>\n<p>Det roligaste med f\u00f6rest\u00e4llningen var helt klart de dialektala och spr\u00e5kliga olikheterna som gavs. Det ger oss ett Stockholm som jag helt klart vill forts\u00e4tta leva i. Det ger ocks\u00e5 en huvudstad d\u00e4r det \u00e4r sj\u00e4lvklart att alla inte ser likadan ut och inte heller beh\u00f6ver g\u00f6ra det. Jag log mycket \u00e5t \u00d6sterg\u00f6tskan (s\u00e5ngerskan som k\u00f6per hotellet) och Guten (fd hotelchefens make) som i sina gestaltningar helt klart gjorde de b\u00e4sta sk\u00e5despelarinsatserna under kv\u00e4llen.<\/p>\n<p>Fogelstr\u00f6m lever kvar och vi i honom, \u00e4ven om \u201dalla k\u00e4nner Stockholm, men Stockholm k\u00e4nner ingen\u201d.<\/p>\n","protected":false},"excerpt":{"rendered":"<p>Stad i Stad &#8211; en ber\u00e4ttelse efter Fogelstr\u00f6m Regi Kent Ekberg Manus Greta Sundberg F\u00f6rest\u00e4llning som recenseras: Teater Reflex i K\u00e4rrtorp 27 september 2017 I samband med att vi firar Fogelstr\u00f6ms 100 \u00e5r i \u00e5r dyker f\u00f6rest\u00e4llningen upp som p\u00e5 best\u00e4llning. Kv\u00e4llen utlovar att vi ska f\u00e5 se rollkarakt\u00e4rer i enlighet med Fogelstr\u00f6m men i [&hellip;]<\/p>\n","protected":false},"author":32,"featured_media":0,"comment_status":"open","ping_status":"open","sticky":false,"template":"","format":"standard","meta":{"_genesis_hide_title":false,"_genesis_hide_breadcrumbs":false,"_genesis_hide_singular_image":false,"_genesis_hide_footer_widgets":false,"_genesis_custom_body_class":"","_genesis_custom_post_class":"","_genesis_layout":"","footnotes":""},"categories":[20,30,31],"tags":[],"class_list":{"0":"post-112448","1":"post","2":"type-post","3":"status-publish","4":"format-standard","6":"category-film","7":"category-teater","8":"category-teaterrecension","9":"entry"},"_links":{"self":[{"href":"https:\/\/kulturbloggen.com\/index.php?rest_route=\/wp\/v2\/posts\/112448","targetHints":{"allow":["GET"]}}],"collection":[{"href":"https:\/\/kulturbloggen.com\/index.php?rest_route=\/wp\/v2\/posts"}],"about":[{"href":"https:\/\/kulturbloggen.com\/index.php?rest_route=\/wp\/v2\/types\/post"}],"author":[{"embeddable":true,"href":"https:\/\/kulturbloggen.com\/index.php?rest_route=\/wp\/v2\/users\/32"}],"replies":[{"embeddable":true,"href":"https:\/\/kulturbloggen.com\/index.php?rest_route=%2Fwp%2Fv2%2Fcomments&post=112448"}],"version-history":[{"count":4,"href":"https:\/\/kulturbloggen.com\/index.php?rest_route=\/wp\/v2\/posts\/112448\/revisions"}],"predecessor-version":[{"id":112459,"href":"https:\/\/kulturbloggen.com\/index.php?rest_route=\/wp\/v2\/posts\/112448\/revisions\/112459"}],"wp:attachment":[{"href":"https:\/\/kulturbloggen.com\/index.php?rest_route=%2Fwp%2Fv2%2Fmedia&parent=112448"}],"wp:term":[{"taxonomy":"category","embeddable":true,"href":"https:\/\/kulturbloggen.com\/index.php?rest_route=%2Fwp%2Fv2%2Fcategories&post=112448"},{"taxonomy":"post_tag","embeddable":true,"href":"https:\/\/kulturbloggen.com\/index.php?rest_route=%2Fwp%2Fv2%2Ftags&post=112448"}],"curies":[{"name":"wp","href":"https:\/\/api.w.org\/{rel}","templated":true}]}}