{"id":11210,"date":"2009-07-18T11:35:34","date_gmt":"2009-07-18T09:35:34","guid":{"rendered":"http:\/\/kulturbloggen.com\/?p=11210"},"modified":"2009-07-18T11:35:34","modified_gmt":"2009-07-18T09:35:34","slug":"jazzfestivalen-pa-fredagen-och-abdullah-ibrahims-rygg","status":"publish","type":"post","link":"https:\/\/kulturbloggen.com\/?p=11210","title":{"rendered":"Stockholm Jazz, dag 3: Abdullah Ibrahims rygg och filmklipp med Sonny Rollins"},"content":{"rendered":"<p><img loading=\"lazy\" decoding=\"async\" class=\"aligncenter size-medium wp-image-11217\" title=\"IMG_4733\" src=\"http:\/\/sodergren.com\/kulturbloggen\/wp-content\/uploads\/2009\/07\/IMG_4733-300x200.jpg\" alt=\"IMG_4733\" width=\"300\" height=\"200\" \/><\/p>\n<p>Det h\u00e4r inl\u00e4gget skulle kunna ha m\u00e5nga olika rubriker. Till exempel n\u00e5got om hur musik och politik h\u00f6r ihop eller avspeglar sig i varandra, eller n\u00e5got om en legend fr\u00e5n befrielsekampen i Sydafrika. Eller om under vika f\u00f6rh\u00e5llanden pressfotografer arbetar. Eller rubriken jag valde: n\u00e5got som visar att inl\u00e4gget handlar om Stockholms Jazzfestival och intryck fr\u00e5n fredagen.<\/p>\n<p>Torsdagen och fredagen var de tv\u00e5 dagar som gick i jazzens tecken. Och det gjorde fredagen med eftertryck. T\u00e4nk att finalnumret p\u00e5 fredagskv\u00e4llen p\u00e5 Stora scenen var en saxofonist &#8211; Sonny Rollins.<\/p>\n<p>Stockholms Jazzfestival \u00e4r musikfestivalen som sticker ut och som har helt egna bokningar. <a href=\"http:\/\/www.dn.se\/kultur-noje\/musik\/manga-festivaler-men-samma-band-1.912571\">DN tog nyligen upp<\/a> att det i stort sett \u00e4r samma artister som far runt och spelar p\u00e5 de flesta musikfestivaler. Det \u00e4r inte m\u00e5nga festivaler som kan lyfta fram egna artister som inte g\u00e5r att h\u00f6ra p\u00e5 minst tre andra festivaler i Sverige eller Europa i samma veva, eller samma sommar.<\/p>\n<p><img loading=\"lazy\" decoding=\"async\" class=\"alignright size-thumbnail wp-image-11218\" title=\"20090715628\" src=\"http:\/\/sodergren.com\/kulturbloggen\/wp-content\/uploads\/2009\/07\/20090715628-150x150.jpg\" alt=\"20090715628\" width=\"150\" height=\"150\" \/>Jazzfestivalen d\u00e4remot sticker ut. P\u00e5 f\u00f6rsta dagen, onsdagen, spelade ett suver\u00e4nt gospelband &#8221;Blind boys of Alabama&#8221; . svarta blinda m\u00e4n ikl\u00e4dda vackert bl\u00e5 sidengl\u00e4nsande kostymer leddes in p\u00e5 scenen och f\u00f6rf\u00f6rde oss med gungig gospel. Yeah man.<\/p>\n<p>Vilken annan festival v\u00e5gar boka n\u00e5got s\u00e5dant h\u00e4ftigt?<\/p>\n<p>Jazzfestivalen har i \u00e5r tre scener: tv\u00e5 utomhus och en inomhus i Moderna museet, Auditoriet (dock bara onsdag-fredag), Auditoriet rymmer dock bara 300 personer. Vid halv nio-tiden ringlade k\u00f6n l\u00e5ng f\u00f6r en konsert 21.00.<\/p>\n<p>Det folk k\u00f6ade f\u00f6r var Abdullah Ibrahim Trio &#8221;Jacaranda Blue&#8221; fr\u00e5n Sydafrika.<\/p>\n<p><a href=\"http:\/\/www.stockholmjazz.com\/artister\/abdullah-ibrahim-trio-jacaranda-blue\">P\u00e5 jazzfestivalens hemsid<\/a>a kan man l\u00e4sa om trion och dess legendariska ledare och se bild p\u00e5 honom framiifr\u00e5n. Kul. F\u00f6r hur han ser ut vet jag inte trots att jag avnjutit en konsert p\u00e5 \u00f6ver en timme med mannen. Jag var en av de fotografer som f\u00e5tt r\u00e4tt att ta bild under konserten. Men oj vad h\u00e5rda restriktionerna var: f\u00f6rst m\u00e5ste alla sitta ner och lyssna i 40 minuter. Sedan skulle fotograferna f\u00e5 ta bilder i tre minuter, kanske fem minuter. Ingen blixt fick anv\u00e4ndas. Dessutom skulle fotografera sitta p\u00e5 \u00f6versta raden l\u00e4ngst upp och inte f\u00e5 r\u00f6ra sig fr\u00e5n den platsen. En liten modifiering kom; fotograferna fick g\u00e5 ut i g\u00e5ngen, men dock bara n\u00e5gra steg.<\/p>\n<p>Och legendariske jazzpianisten som vi alla ville ha bild p\u00e5 satt hela tiden, hela konserten, med ryggen till publiken. S\u00e5 n\u00e4r ni nu ser bilden h\u00e4r nedan: en oskarp bild p\u00e5 en man vid en flygel d\u00e5 \u00e4r det Abdullah Ibramahim. Jag har problem med kameran, f\u00f6r det \u00e4r en l\u00e5nekamera som  jag inte hunnit l\u00e4ra mig inst\u00e4llningarna p\u00e5. De riktigt proffsiga fotograferna \u00e4ndra troligen p\u00e5 isa-talet ganska snabbt och kunde ta bilder i m\u00f6rkret utan blixt b\u00e4ttre.<\/p>\n<p>Abdullah Ibrahim \u00e4r en stor man i jazzv\u00e4rlden, Han \u00e4r fr\u00e5n Sydafrika och var den f\u00f6rste som spelade in en jazzskiva i Sydafrika. Under apartheidtiden hade han problem, d\u00e5 fick ju inga svarta m\u00e4n spela jazz. Han bodde i New York i m\u00e5nga \u00e5r och h\u00f6ll till p\u00e5 en jazzbar d\u00e4r m\u00e5nga ur ANC:s ledning h\u00f6ll till. N\u00e4r apartheidlagarna togs bort \u00e5terv\u00e4nde han till sitt hemland f\u00f6r att bygga upp dess jazzscen.<\/p>\n<p>Hemsidan f\u00f6r Stockholm Jazz ber\u00e4ttar bland annat:<\/p>\n<blockquote><p>Abdullah Ibrahim tog sina f\u00f6rsta pianolektioner som sju\u00e5ring och blev proffs \u00e5tta \u00e5r senare. 1959 skrev han historia genom att som medlem av gruppen The Jazz Epistles, (d\u00e4r trumpetaren Hugh Masekela ingick) spela in Sydafrikas f\u00f6rsta jazz album, \u201dVerse One\u201d.<\/p>\n<p>Idag, 50 \u00e5r senare, kan Abdullah Ibrahim fira en imponerande karri\u00e4r som inleddes i Kapstaden, Sydafrika, d\u00e4r han f\u00f6ddes 1934 som Adolph Brand, (han bytte namn till Abdullah Ibrahim n\u00e4r han konverterade till Islam i slutet p\u00e5 60-talet).<\/p>\n<p>Duke Ellington<\/p>\n<p>Duke Ellington h\u00f6rde Abdullah och hans Dollar Brand Trio p\u00e5 en klubb i Z\u00fcrich och hj\u00e4lpte honom till ett skivkontrakt med Reprise Records vilket resulterade i \u201dDuke Ellington presents The Dollar Brand Trio\u201d. Turn\u00e9er i Europa f\u00f6ljde liksom ett bes\u00f6k i USA 1965. \u00c5ret d\u00e4rp\u00e5 fick han chansen att vikariera f\u00f6r Duke Ellington!<\/p><\/blockquote>\n<p><img loading=\"lazy\" decoding=\"async\" class=\"alignright size-thumbnail wp-image-11221\" title=\"IMG_4714\" src=\"http:\/\/sodergren.com\/kulturbloggen\/wp-content\/uploads\/2009\/07\/IMG_4714-150x150.jpg\" alt=\"IMG_4714\" width=\"150\" height=\"150\" \/>K\u00f6n till hans konsert var l\u00e5ng, l\u00e5ng, Jag \u00e4r \u00f6vertygad om att inte ens h\u00e4lften fick plats. De missade en spelning med Abdullah Ibrahim som smekte fram toner ur flygel, till ackompanjemang av en suver\u00e4n trummis och en kontrabas. Det m\u00e4rks att Abdullah Ibrahim gjort mycket filmmusik, f\u00f6r konserten var som en enda l\u00e5ng episk ber\u00e4ttelse.<\/p>\n<p><a href=\"http:\/\/www.abdullahibrahim.com\/indexh.html\">H\u00e4r \u00e4r Abdullah Ibrahims officeilla hemsida.<\/a><\/p>\n<p>Eftersom Abdullah Ibrahim drog \u00f6ver tiden hann jag inte lyssna p\u00e5 hela spelningen p\u00e5 Stora scenen med SMV &#8211; The Thunder Tour; tre stora basgitarrister som g\u00f6r en turn\u00e9 tillsammans: Stanley Clarke, Marcus Miller och Victor Wooten. Deras extranummer: hyllningen till Michael Jackson med &#8221;Beat it&#8221; var suver\u00e4n. Hoppas n\u00e5gon spelade in den och lade ut p\u00e5 Youtube.<\/p>\n<p>Hur som, njut av klippet med dem fr\u00e5n spelning i Wien i b\u00f6rjan av juli och av det sk\u00f6na klippet med Sonny Rollins p\u00e5 Stora Scenen.<\/p>\n<p>Jag missade tyv\u00e4rr Lisa Simone Kellys programpunkt: en konsert som en hyllning till hennes mamma Nina Simone. <a href=\"http:\/\/www.dn.se\/kultur-noje\/musik\/en-show-for-nina-simone-1.913384\">DN har intervjuat dem f\u00f6re spelningen.<\/a><\/p>\n<p>Nu har jag i alla fall tv\u00e5 h\u00e4rliga dagar att se fram emot med massor av sp\u00e4nnande spelningar och finaler blir p\u00e5 <a href=\"http:\/\/www.svd.se\/kulturnoje\/nyheter\/artikel_3222237.svd\">s\u00f6ndag kv\u00e4llen med Erykah Badu.<\/a><\/p>\n<p>Andra som skrivit om Jazzfestivalen:<\/p>\n<p><a href=\"http:\/\/kulturdelen.blogspot.com\/2009\/07\/sthlm-jazzfest-09-forsta-dagen.html\">Kulturdelen om jazzfestivalens f\u00f6rsta dag.<\/a><\/p>\n<p><a href=\"http:\/\/kulturdelen.blogspot.com\/2009\/07\/sthlm-jazzfest-09-andra-dagen.html\">Kulturdelen ber\u00e4ttar om jazzfestivalens andra dag<\/a><\/p>\n<p><a href=\"http:\/\/www.aftonbladet.se\/nojesbladet\/supersommar2009\/article5519983.ab\">Aftonbladet gillar Allen Toussaints spelning<\/a> och <a href=\"http:\/\/kulturbloggen.com\/?p=11123\">det gjorde jag ocks\u00e5.<\/a><\/p>\n<p><a href=\"http:\/\/www.svd.se\/kulturnoje\/scen\/artikel_3222201.svd\">Svenska Dagbladets recension av torsdagens spelningar.<\/a><\/p>\n<p><a href=\"http:\/\/www.svd.se\/kulturnoje\/scen\/artikel_3222219.svd\">Theresa Andersson fick betyg f\u00f6r av SVD f\u00f6r sin konsert.<\/a><\/p>\n<p>H\u00e4r \u00e4r i alla fall SMW n\u00e4r de nyligen spelade Michael Jacksons &#8221;Beat it&#8221; i Wien:<\/p>\n<p>S.M.V. Jazz A Vienne 2009 Beat iT Michael Jackson<\/p>\n<p><object classid=\"clsid:d27cdb6e-ae6d-11cf-96b8-444553540000\" width=\"560\" height=\"340\" codebase=\"http:\/\/download.macromedia.com\/pub\/shockwave\/cabs\/flash\/swflash.cab#version=6,0,40,0\"><param name=\"allowFullScreen\" value=\"true\" \/><param name=\"allowscriptaccess\" value=\"always\" \/><param name=\"src\" value=\"http:\/\/www.youtube.com\/v\/42wjjYRRceM&amp;hl=sv&amp;fs=1&amp;\" \/><param name=\"allowfullscreen\" value=\"true\" \/><embed type=\"application\/x-shockwave-flash\" width=\"560\" height=\"340\" src=\"http:\/\/www.youtube.com\/v\/42wjjYRRceM&amp;hl=sv&amp;fs=1&amp;\" allowscriptaccess=\"always\" allowfullscreen=\"true\"><\/embed><\/object><\/p>\n<p>SonnyRollins Live At Stockholm Jazz Festival 2009<\/p>\n<p><object classid=\"clsid:d27cdb6e-ae6d-11cf-96b8-444553540000\" width=\"425\" height=\"344\" codebase=\"http:\/\/download.macromedia.com\/pub\/shockwave\/cabs\/flash\/swflash.cab#version=6,0,40,0\"><param name=\"allowFullScreen\" value=\"true\" \/><param name=\"allowscriptaccess\" value=\"always\" \/><param name=\"src\" value=\"http:\/\/www.youtube.com\/v\/zy4IkaguB-I&amp;hl=sv&amp;fs=1&amp;\" \/><param name=\"allowfullscreen\" value=\"true\" \/><embed type=\"application\/x-shockwave-flash\" width=\"425\" height=\"344\" src=\"http:\/\/www.youtube.com\/v\/zy4IkaguB-I&amp;hl=sv&amp;fs=1&amp;\" allowscriptaccess=\"always\" allowfullscreen=\"true\"><\/embed><\/object><\/p>\n<p>L\u00e4s \u00e4ven andra bloggares \u00e5sikter om <a rel=\"tag\" href=\"http:\/\/bloggar.se\/om\/jazz\">jazz<\/a>, <a rel=\"tag\" href=\"http:\/\/bloggar.se\/om\/Stockholm\">Stockholm<\/a>, <a rel=\"tag\" href=\"http:\/\/bloggar.se\/om\/musikvideo\">musikvideo<\/a>, <a rel=\"tag\" href=\"http:\/\/bloggar.se\/om\/musikfestival\">musikfestival<\/a><\/p>\n","protected":false},"excerpt":{"rendered":"<p>Det h\u00e4r inl\u00e4gget skulle kunna ha m\u00e5nga olika rubriker. Till exempel n\u00e5got om hur musik och politik h\u00f6r ihop eller avspeglar sig i varandra, eller n\u00e5got om en legend fr\u00e5n befrielsekampen i Sydafrika. Eller om under vika f\u00f6rh\u00e5llanden pressfotografer arbetar. Eller rubriken jag valde: n\u00e5got som visar att inl\u00e4gget handlar om Stockholms Jazzfestival och intryck [&hellip;]<\/p>\n","protected":false},"author":2,"featured_media":0,"comment_status":"open","ping_status":"open","sticky":false,"template":"","format":"standard","meta":{"_genesis_hide_title":false,"_genesis_hide_breadcrumbs":false,"_genesis_hide_singular_image":false,"_genesis_hide_footer_widgets":false,"_genesis_custom_body_class":"","_genesis_custom_post_class":"","_genesis_layout":"","footnotes":""},"categories":[20],"tags":[2632,3844,3868,5400],"class_list":{"0":"post-11210","1":"post","2":"type-post","3":"status-publish","4":"format-standard","6":"category-film","7":"tag-jazz","8":"tag-musikfestival","9":"tag-musikvideo","10":"tag-stockholm","11":"entry"},"_links":{"self":[{"href":"https:\/\/kulturbloggen.com\/index.php?rest_route=\/wp\/v2\/posts\/11210","targetHints":{"allow":["GET"]}}],"collection":[{"href":"https:\/\/kulturbloggen.com\/index.php?rest_route=\/wp\/v2\/posts"}],"about":[{"href":"https:\/\/kulturbloggen.com\/index.php?rest_route=\/wp\/v2\/types\/post"}],"author":[{"embeddable":true,"href":"https:\/\/kulturbloggen.com\/index.php?rest_route=\/wp\/v2\/users\/2"}],"replies":[{"embeddable":true,"href":"https:\/\/kulturbloggen.com\/index.php?rest_route=%2Fwp%2Fv2%2Fcomments&post=11210"}],"version-history":[{"count":0,"href":"https:\/\/kulturbloggen.com\/index.php?rest_route=\/wp\/v2\/posts\/11210\/revisions"}],"wp:attachment":[{"href":"https:\/\/kulturbloggen.com\/index.php?rest_route=%2Fwp%2Fv2%2Fmedia&parent=11210"}],"wp:term":[{"taxonomy":"category","embeddable":true,"href":"https:\/\/kulturbloggen.com\/index.php?rest_route=%2Fwp%2Fv2%2Fcategories&post=11210"},{"taxonomy":"post_tag","embeddable":true,"href":"https:\/\/kulturbloggen.com\/index.php?rest_route=%2Fwp%2Fv2%2Ftags&post=11210"}],"curies":[{"name":"wp","href":"https:\/\/api.w.org\/{rel}","templated":true}]}}