{"id":111932,"date":"2017-09-06T11:52:48","date_gmt":"2017-09-06T09:52:48","guid":{"rendered":"http:\/\/kulturbloggen.com\/?p=111932"},"modified":"2017-09-06T11:52:48","modified_gmt":"2017-09-06T09:52:48","slug":"stockholm-fringe-festival-invigdes-i-ansprakslosa-men-anda-festliga-former","status":"publish","type":"post","link":"https:\/\/kulturbloggen.com\/?p=111932","title":{"rendered":"Stockholm Fringe Festival invigdes i anspr\u00e5ksl\u00f6sa, men \u00e4nd\u00e5 festliga former"},"content":{"rendered":"<p><a href=\"http:\/\/kulturbloggen.com\/wp-content\/uploads\/2017\/09\/fringe.jpg\"><img loading=\"lazy\" decoding=\"async\" src=\"http:\/\/kulturbloggen.com\/wp-content\/uploads\/2017\/09\/fringe.jpg\" alt=\"\" width=\"450\" height=\"212\" class=\"aligncenter size-full wp-image-111933\" srcset=\"https:\/\/kulturbloggen.com\/wp-content\/uploads\/2017\/09\/fringe.jpg 450w, https:\/\/kulturbloggen.com\/wp-content\/uploads\/2017\/09\/fringe-300x141.jpg 300w\" sizes=\"auto, (max-width: 450px) 100vw, 450px\" \/><\/a><\/p>\n<p><strong>Invigning av FRINGE 2017 Stockholm den 5 september 2017<br \/>\nInternationell festival f\u00f6r teater, dans, musik, konst och framtr\u00e4dande<\/strong><\/p>\n<p>Festivalen invigdes i Teater Tribunalens lokaler p\u00e5 Hornsgatan i Stockholm under anspr\u00e5ksl\u00f6sa, men \u00e4nd\u00e5 festliga former. Det var ett hav av olika m\u00e4nniskor fr\u00e5n v\u00e4rldens skilda h\u00f6rn som tr\u00e4ngde ihop sig. Jag har hellre aldrig sett s\u00e5 m\u00e5nga ostb\u00e5gar samtidigt i hela mitt liv. Det fanns knappt n\u00e5gon gr\u00e4ns f\u00f6r snacksen, skratten eller hur m\u00e5nga som pressades in i den lilla lokalen.<\/p>\n<p>I \u00e5r fyllde festivalen 70 \u00e5r, p\u00e5minde Sven Melander som invigde festivalen. Det \u00e4r en l\u00e5ng tid ville han p\u00e5minna, eftersom han vet hur det \u00e4r att vara s\u00e5 gammal (festivalen och Sven r\u00e5kar vara lika gamla). Dessutom belyste Melander de faktum som internationella event har dvs. att utbyten av kultur och erfarenheter berikar oss p\u00e5 ett s\u00e4tt som inte g\u00e5r att ers\u00e4ttas med n\u00e5got annat. Det \u00e4r ocks\u00e5 viktig att varje person som upplever att de har n\u00e5got viktigt att ber\u00e4tta ocks\u00e5 blir h\u00f6rda av n\u00e5gon som vill lyssna. <\/p>\n<p>Sakta men s\u00e4kert blev vi inlockade i lokalen med hj\u00e4lp av moderniserad flamenco. Tyv\u00e4rr fanns det inte sittplatser i lokalen vilket gjorde de b\u00e5de sv\u00e5rt att se och h\u00f6ra under invigningen. \u00c4ven om det finns en teatertradition av att st\u00e5 eller sitta rakt ned p\u00e5 golvet, \u00e4r det f\u00e5 vuxna som \u00e4r bekv\u00e4ma med det i \u00f6ver en timme.<\/p>\n<p>N\u00e5gra av veckans skilda artister presenterade sig och f\u00f6rklarade syften och metoder i sina konstformer. De var intressant att h\u00f6ra och f\u00f6rst\u00e5 att m\u00e5nga av artisterna f\u00e5tt k\u00e4mpa h\u00e5rt f\u00f6r att bli h\u00f6rda p\u00e5 hemmaplan. Man kunde l\u00e4tt beundra deras val och kamp. Tyv\u00e4rr var det n\u00e5got som kv\u00e4vde ljudet och ibland var det sv\u00e5rt att h\u00f6ra vad artisterna sa. Dessutom f\u00f6rv\u00e5nades man utav att det var f\u00e5 personer som kunde tala en engelska som gav deras konst en fullv\u00e4rdig r\u00e4ttvisa. Kommunikation \u00e4r ju en f\u00f6ruts\u00e4ttning f\u00f6r att publikens lyssnande och f\u00f6rst\u00e5else ska kunna infinna sig. Man borde nog ha f\u00f6rberett artisterna p\u00e5 att g\u00f6ra sig h\u00f6rda p\u00e5 ett annat vis. Att s\u00e4ga \u201djag \u00e4r en d\u00e5lig talare\u201d eller \u201djag \u00e4r inte helt f\u00f6rberedd p\u00e5 det h\u00e4r\u201d ger ingen extra publik eller appl\u00e5der. Under konstn\u00e4rliga former under en f\u00f6rest\u00e4llning kan man acceptera att man inte f\u00f6rst\u00e5r allt (man f\u00e5r ju en \u00f6vers\u00e4ttning p\u00e5 v\u00e4ggen), men informationstal m\u00e5ste vara f\u00f6rberedda, roliga, snabba och med en sk. \u2019twist\u2019 p\u00e5 slutet f\u00f6r att man ska orka lyssna.<\/p>\n<p>Det var en v\u00e4ldigt familj\u00e4r st\u00e4mning p\u00e5 invigningen. M\u00e5nga av oss gick mest omkring och log och k\u00e4nde igen varandra, utan att helt och fullt kunna placera varandra. Dock utbytte vi n\u00e5gra ord, gav varandra sm\u00e5 komplimanger och kommenterade sommaren som g\u00e5tt. L\u00e4ttsam, trevlig och n\u00e4stan lite mysigt.<\/p>\n<p><strong><a href=\"http:\/\/kulturbloggen.com\/?p=111894\">Du kan l\u00e4sa mer om festivalen h\u00e4r.<\/a><\/strong><\/p>\n<p>F\u00f6rest\u00e4llningarna 5-10 september 2017 <a href=\"http:\/\/www.stockholmfringe.com\">www.stockholmfringe.com<\/a><\/p>\n<p>Stockholm Fringe festival st\u00f6ds av Stockholms stads Kulturf\u00f6rvaltning, Stockholms l\u00e4ns landsting och Sveriges Kulturr\u00e5d.<\/p>\n","protected":false},"excerpt":{"rendered":"<p>Invigning av FRINGE 2017 Stockholm den 5 september 2017 Internationell festival f\u00f6r teater, dans, musik, konst och framtr\u00e4dande Festivalen invigdes i Teater Tribunalens lokaler p\u00e5 Hornsgatan i Stockholm under anspr\u00e5ksl\u00f6sa, men \u00e4nd\u00e5 festliga former. Det var ett hav av olika m\u00e4nniskor fr\u00e5n v\u00e4rldens skilda h\u00f6rn som tr\u00e4ngde ihop sig. Jag har hellre aldrig sett s\u00e5 [&hellip;]<\/p>\n","protected":false},"author":32,"featured_media":0,"comment_status":"open","ping_status":"open","sticky":false,"template":"","format":"standard","meta":{"_genesis_hide_title":false,"_genesis_hide_breadcrumbs":false,"_genesis_hide_singular_image":false,"_genesis_hide_footer_widgets":false,"_genesis_custom_body_class":"","_genesis_custom_post_class":"","_genesis_layout":"","footnotes":""},"categories":[20],"tags":[13416],"class_list":{"0":"post-111932","1":"post","2":"type-post","3":"status-publish","4":"format-standard","6":"category-film","7":"tag-fringe-2017-stockholm","8":"entry"},"_links":{"self":[{"href":"https:\/\/kulturbloggen.com\/index.php?rest_route=\/wp\/v2\/posts\/111932","targetHints":{"allow":["GET"]}}],"collection":[{"href":"https:\/\/kulturbloggen.com\/index.php?rest_route=\/wp\/v2\/posts"}],"about":[{"href":"https:\/\/kulturbloggen.com\/index.php?rest_route=\/wp\/v2\/types\/post"}],"author":[{"embeddable":true,"href":"https:\/\/kulturbloggen.com\/index.php?rest_route=\/wp\/v2\/users\/32"}],"replies":[{"embeddable":true,"href":"https:\/\/kulturbloggen.com\/index.php?rest_route=%2Fwp%2Fv2%2Fcomments&post=111932"}],"version-history":[{"count":1,"href":"https:\/\/kulturbloggen.com\/index.php?rest_route=\/wp\/v2\/posts\/111932\/revisions"}],"predecessor-version":[{"id":111934,"href":"https:\/\/kulturbloggen.com\/index.php?rest_route=\/wp\/v2\/posts\/111932\/revisions\/111934"}],"wp:attachment":[{"href":"https:\/\/kulturbloggen.com\/index.php?rest_route=%2Fwp%2Fv2%2Fmedia&parent=111932"}],"wp:term":[{"taxonomy":"category","embeddable":true,"href":"https:\/\/kulturbloggen.com\/index.php?rest_route=%2Fwp%2Fv2%2Fcategories&post=111932"},{"taxonomy":"post_tag","embeddable":true,"href":"https:\/\/kulturbloggen.com\/index.php?rest_route=%2Fwp%2Fv2%2Ftags&post=111932"}],"curies":[{"name":"wp","href":"https:\/\/api.w.org\/{rel}","templated":true}]}}