{"id":111905,"date":"2017-09-04T15:06:43","date_gmt":"2017-09-04T13:06:43","guid":{"rendered":"http:\/\/kulturbloggen.com\/?p=111905"},"modified":"2017-09-04T15:06:43","modified_gmt":"2017-09-04T13:06:43","slug":"spannande-sasong-pa-malmo-stadsteater","status":"publish","type":"post","link":"https:\/\/kulturbloggen.com\/?p=111905","title":{"rendered":"Sp\u00e4nnande s\u00e4song p\u00e5 Malm\u00f6 stadsteater"},"content":{"rendered":"<p><a href=\"http:\/\/kulturbloggen.com\/wp-content\/uploads\/2017\/09\/S\u00e4songen-17-18-Malmo.jpg\"><img loading=\"lazy\" decoding=\"async\" class=\"aligncenter size-medium wp-image-111907\" src=\"http:\/\/kulturbloggen.com\/wp-content\/uploads\/2017\/09\/S\u00e4songen-17-18-Malmo-210x300.jpg\" alt=\"\" width=\"210\" height=\"300\" srcset=\"https:\/\/kulturbloggen.com\/wp-content\/uploads\/2017\/09\/S\u00e4songen-17-18-Malmo-210x300.jpg 210w, https:\/\/kulturbloggen.com\/wp-content\/uploads\/2017\/09\/S\u00e4songen-17-18-Malmo.jpg 503w\" sizes=\"auto, (max-width: 210px) 100vw, 210px\" \/><\/a>Hipps stora salong var fullsatt, m\u00e5nga fick v\u00e4nda i d\u00f6rren, f\u00f6rv\u00e4ntningarna var stora n\u00e4r Malm\u00f6 stadsteater bj\u00f6d p\u00e5 smakprov fr\u00e5n h\u00f6stens upps\u00e4ttningar.<\/p>\n<p>15 september har Roland Schimmelpfennings pj\u00e4s \u201dDet svarta vattnet\u201d premi\u00e4r p\u00e5 Intiman. En grupp ungdomar fr\u00e5n olika samh\u00e4llsklasser m\u00f6ts av en slump i ett st\u00e4ngt friluftsbad och tillbringar en natt tillsammans. \u00a020 \u00e5r senare m\u00f6ts de igen.<\/p>\n<p>23 september har Tony Kushners Angels in America Premi\u00e4r p\u00e5 Hipp. \u00c5ret \u00e4r 1985, platsen \u00e4r New York, Ronald Reagan \u00e4r president och AIDS \u00e4r en bokstavskombination som b\u00f6rjar leta sig in i folks vardag. Vi m\u00f6ter advokaten Roy Cohn, mormonparet Harper och Joe samt det \u00f6ppet homosexuella paret Prior och Louise.<\/p>\n<p>25 november har \u00e5rets stora familjef\u00f6rest\u00e4llning, Den o\u00e4ndliga historien, premi\u00e4r. Historien om pojken Bastian som av en slump hamnar i landet Fantasien filmades 1984 och s\u00e4tts nu upp p\u00e5 Hipp.<\/p>\n<p>16 december avslutas h\u00f6sten med en klassiker, n\u00e4mligen Strindbergs Fr\u00f6ken Julie. Historien om grevens dotter och betj\u00e4nten har satts upp i otaliga versioner och nu \u00e4r det dags f\u00f6r Malm\u00f6 stadsteater att s\u00e4tta t\u00e4nderna i m\u00e4sterverket.<\/p>\n<p>Mer information, fullst\u00e4ndigt program och biljetter hittar ni p\u00e5 <a href=\"https:\/\/www.malmostadsteater.se\/start\">Malm\u00f6 stadsteaters hemsida<\/a>.<\/p>\n<p>Peter Johansson<\/p>\n","protected":false},"excerpt":{"rendered":"<p>Hipps stora salong var fullsatt, m\u00e5nga fick v\u00e4nda i d\u00f6rren, f\u00f6rv\u00e4ntningarna var stora n\u00e4r Malm\u00f6 stadsteater bj\u00f6d p\u00e5 smakprov fr\u00e5n h\u00f6stens upps\u00e4ttningar. 15 september har Roland Schimmelpfennings pj\u00e4s \u201dDet svarta vattnet\u201d premi\u00e4r p\u00e5 Intiman. En grupp ungdomar fr\u00e5n olika samh\u00e4llsklasser m\u00f6ts av en slump i ett st\u00e4ngt friluftsbad och tillbringar en natt tillsammans. \u00a020 \u00e5r [&hellip;]<\/p>\n","protected":false},"author":13,"featured_media":0,"comment_status":"open","ping_status":"open","sticky":false,"template":"","format":"standard","meta":{"_genesis_hide_title":false,"_genesis_hide_breadcrumbs":false,"_genesis_hide_singular_image":false,"_genesis_hide_footer_widgets":false,"_genesis_custom_body_class":"","_genesis_custom_post_class":"","_genesis_layout":"","footnotes":""},"categories":[30],"tags":[3475],"class_list":{"0":"post-111905","1":"post","2":"type-post","3":"status-publish","4":"format-standard","6":"category-teater","7":"tag-malmo-stadsteater","8":"entry"},"_links":{"self":[{"href":"https:\/\/kulturbloggen.com\/index.php?rest_route=\/wp\/v2\/posts\/111905","targetHints":{"allow":["GET"]}}],"collection":[{"href":"https:\/\/kulturbloggen.com\/index.php?rest_route=\/wp\/v2\/posts"}],"about":[{"href":"https:\/\/kulturbloggen.com\/index.php?rest_route=\/wp\/v2\/types\/post"}],"author":[{"embeddable":true,"href":"https:\/\/kulturbloggen.com\/index.php?rest_route=\/wp\/v2\/users\/13"}],"replies":[{"embeddable":true,"href":"https:\/\/kulturbloggen.com\/index.php?rest_route=%2Fwp%2Fv2%2Fcomments&post=111905"}],"version-history":[{"count":2,"href":"https:\/\/kulturbloggen.com\/index.php?rest_route=\/wp\/v2\/posts\/111905\/revisions"}],"predecessor-version":[{"id":111908,"href":"https:\/\/kulturbloggen.com\/index.php?rest_route=\/wp\/v2\/posts\/111905\/revisions\/111908"}],"wp:attachment":[{"href":"https:\/\/kulturbloggen.com\/index.php?rest_route=%2Fwp%2Fv2%2Fmedia&parent=111905"}],"wp:term":[{"taxonomy":"category","embeddable":true,"href":"https:\/\/kulturbloggen.com\/index.php?rest_route=%2Fwp%2Fv2%2Fcategories&post=111905"},{"taxonomy":"post_tag","embeddable":true,"href":"https:\/\/kulturbloggen.com\/index.php?rest_route=%2Fwp%2Fv2%2Ftags&post=111905"}],"curies":[{"name":"wp","href":"https:\/\/api.w.org\/{rel}","templated":true}]}}