{"id":11123,"date":"2009-07-15T19:23:32","date_gmt":"2009-07-15T17:23:32","guid":{"rendered":"http:\/\/kulturbloggen.com\/?p=11123"},"modified":"2009-07-15T19:23:32","modified_gmt":"2009-07-15T17:23:32","slug":"sveriges-vuxnaste-musikfestival-har-startat-i-stekande-varme","status":"publish","type":"post","link":"https:\/\/kulturbloggen.com\/?p=11123","title":{"rendered":"Sveriges vuxnaste musikfestival har startat i stekande v\u00e4rme"},"content":{"rendered":"<p><img loading=\"lazy\" decoding=\"async\" class=\"aligncenter size-medium wp-image-11125\" title=\"20090715624\" src=\"http:\/\/sodergren.com\/kulturbloggen\/wp-content\/uploads\/2009\/07\/20090715624-300x225.jpg\" alt=\"20090715624\" width=\"300\" height=\"225\" \/><br \/>\nDet \u00e4r sk\u00f6nt att det finns bris fr\u00e5n vatten och att det finns stora skuggiga tr\u00e4d.\u00a0 Och mineralvatten. Allt beh\u00f6vs n\u00e4r solen ligger p\u00e5 \u00f6ver Skeppsholmen i Stockholm.<br \/>\nNej, jag klagar inte. Det \u00e4r sk\u00f6nt att v\u00e4dret v\u00e4nt och att det var riktigt varm sommar onsdag 15 juli d\u00e5 \u00e5rets upplaga av Stockholms Jazzfestival drog ig\u00e5ng. I \u00e5r i bjuder den p\u00e5 musikfest i fem dagar.<\/p>\n<p>Dessutom har arrang\u00f6ren f\u00e5tt dubbel budget f\u00f6r att boka artister, <a href=\"http:\/\/www.dn.se\/kultur-noje\/musik\/jazzfestivalen-satsar-stort-och-hojer-priset-1.911758\">ber\u00e4ttar DN som har talat med den nya &#8221;\u00e4garen&#8221; finansmannen Ingvar Jensen som har l\u00e5ngsiktiga planer och inte v\u00e4ntar sig vinst de f\u00f6rsta \u00e5ren<\/a>:<\/p>\n<blockquote><p>\u2013?Men vi v\u00e4ljer att satsa p\u00e5 starka, fast kanske dyrare artister. Ett traditionellt t\u00e4nkande som jag hoppas p\u00e5 sikt ska kunna f\u00e5 det hela att g\u00e5 runt, s\u00e4ger Jensen om jazzfestivalen som startar i dag.<\/p>\n<p>Den l\u00e4r inte g\u00e5 ihop i \u00e5r, kanske inte n\u00e4sta \u00e5r heller, men Ingvar Jensen har stort t\u00e5lamod \u2013 och gott om pengar. F\u00f6r tre \u00e5r sedan s\u00e5lde han familjef\u00f6retaget, elektronikdistribut\u00f6ren Elfa, till riskkapitalbolaget Industri Kapital. En aff\u00e4r i miljardklassen.<\/p><\/blockquote>\n<p>Det m\u00e4rks att festivalen i \u00e5r satsar mer jazzinriktat \u00e4n senaste \u00e5ren d\u00e5 den haft en del artister som mer b\u00f6r kategoriseras under pop eller rock.<\/p>\n<p>Det \u00e4r sk\u00f6nt att en sak inte \u00e4ndrat sig i och med nya \u00e4garen:\u00a0 Festivalen \u00e4r fortfarande den mest vuxna.<\/p>\n<p>H\u00e4r kan en bes\u00f6kare k\u00f6pa lite mat eller ett glas vin eller en \u00f6l, eller f\u00f6r den delen en flaska mineralvatten och ta med sig till en b\u00e4nk framf\u00f6r scenen. P\u00e5 de flesta andra festivaler m\u00e5ste man f\u00f6rt\u00e4ra dryck l\u00e5ngt bort fr\u00e5n scenen. P\u00e5 vanliga rockfestivaler finns det inte m\u00e5nga b\u00e4nkar att sitta p\u00e5 heller. P\u00e5 Stockholms Jazzfestival finns det massor av b\u00e4nkar. H\u00e4r tas helt enkelt h\u00e4nsyn till att ben kan bli tr\u00f6tta efter n\u00e5gon timme eller tv\u00e5.<\/p>\n<p>Pressavdelningen p\u00e5 Jazzfestivalen fungerar ocks\u00e5 b\u00e4ttre \u00e4n p\u00e5 de flesta andra festivaler. Det arrangeras presskonferenser d\u00e5 medier kan tr\u00e4ffa artister utan att alla medier m\u00e5ste jaga artisternas manager var f\u00f6r sig. Det m\u00e5ste vara betydligt smidigare f\u00f6r s\u00e5v\u00e4l medier som artister. Enskilda intervjuer g\u00e5r ju \u00e4nd\u00e5 alltid att boka.<\/p>\n<p>Och dessutom: sj\u00e4lva det geografiska l\u00e4get: Hur m\u00e5nga musikfestivaler \u00e4r s\u00e5 vackert bel\u00e4gna? H\u00e4r kan man sitta p\u00e5 en b\u00e4nk, med ett glas vin i handen och h\u00f6ra musiken och se ut \u00f6ver M\u00e4laren och b\u00e5tarna. Bara att sitta h\u00e4r \u00e4r s\u00e5 avslappnande. 99 procent av musikfestivaler brukar annars\u00a0 vara utkastade p\u00e5 leriga \u00e5krar.<\/p>\n<p>Enligt vad jag l\u00e4st ska denna f\u00f6rsta introdag g\u00e5 mer i bluesens tecken, torsdag-fredag mer i jazzens tecken och l\u00f6rdag och s\u00f6ndag har lite mer soul p\u00e5 programmet.<\/p>\n<p>Jag sitter nu och bloggar och lyssnar p\u00e5 de sista s\u00e5ngerna av Allen Toussaints spelning. Mr New Orleans som \u00e4r musik, skivbolagsdirekt\u00f6r och l\u00e5tskrivare och som i v\u00e5ras gav ut ett nytt album &#8211; The Bright Mississippi &#8211; <a href=\"http:\/\/www.svd.se\/kulturnoje\/musik\/artikel_2815361.svd\">som fick bra kritik<\/a>.<\/p>\n<p>Det \u00e4r mycket gung i musiken, riktigt klassisk New Orleans bluesjazz, med tv\u00e5 trummisar, en basist, en gitarrist och en saxofonist f\u00f6rutom Mr Allen Touissant sj\u00e4lv med ett litet pianokeyboard (urs\u00e4kta att jag inte vet det korrekta namnet p\u00e5 ett s\u00e5dant litet piano, hoppas n\u00e5gon jazzkunnig l\u00e4ser och ger besked).<\/p>\n<p>Trots att det \u00e4r m\u00e5ndag och inte s\u00e5 j\u00e4ttestora namn bokade idag \u00e4r det gott om folk. Jag kan t\u00e4nka mig att det kommer att bli bra tr\u00e5ng till helgen n\u00e4r de stora namnen spelar, som Gilberto Gil, som \u00e4r en av de som <a href=\"http:\/\/www.svd.se\/kulturnoje\/musik\/artikel_3205405.svd\">SVD:s Dan Backman rekommenderar under festivalen:<\/a><\/p>\n<blockquote><p>Gilberto Gil<br \/>\nBrassen Gilberto Gil har l\u00e4mnat jobbet som kulturminister f\u00f6r att \u00e5ter igen fokusera p\u00e5 musiken. Med bakgrund som en av tropicalismons pionj\u00e4rer kan man r\u00e4kna med en konsert som sp\u00e4nner \u00f6ver ett stort musikaliskt f\u00e4lt.<br \/>\nL\u00f6r 21.15 Stora scenen<\/p><\/blockquote>\n<p>Erykah Badu f\u00e5r v\u00e4l ses som de stora finalnumret n\u00e4r hon g\u00e5r ut p\u00e5 Stora scenen p\u00e5 s\u00f6ndagskv\u00e4llen 22.30.<\/p>\n<p>En spelning jag absolut ska se \u00e4r med  den svenska jazzs\u00e5ngerskan Theresa Anderssons, som spelar vid minst tv\u00e5 tillf\u00e4llen. <a href=\"http:\/\/www.svd.se\/kulturnoje\/musik\/artikel_3205407.svd\">Enligt SVD<\/a>, som intervjuat henner, har hon tillf\u00e4lligt l\u00e4mnat sin hemstad New Orleans f\u00f6r festivalen:<\/p>\n<blockquote><p>Flytten till New Orleans var en impuls, f\u00f6r musikens och k\u00e4rlekens skull. Och Theresa Andersson blev kvar. Idag \u00e4r hon gift med en amerikansk man, har ett hus med en subtropisk tr\u00e4dg\u00e5rd, och har l\u00e5ngsamt letat sig fram till ett unikt musikaliskt uttryck. Som en modern enmansorkester spelar hon violin, gitarr, trummor och sjunger, och samplar och loopar sig sj\u00e4lv i realtid f\u00f6r att skapa ett stort ljudlandskap. Insikten om hur hon ville jobba kom n\u00e4r hon s\u00e5g en dockteater i Chicago.<\/p><\/blockquote>\n<p>Ikv\u00e4ll ska jag se gospelbandet &#8221;The Blind Boys Of Alabama&#8221;. Om igen \u00e4r det SVD som leder bland traditionella medier n\u00e4r det g\u00e4ller bevakning av Jazzfestivalen och <a href=\"http:\/\/www.svd.se\/kulturnoje\/musik\/artikel_3205413.svd\">som har intervjuat<\/a> Jimmy Lee Carter, s\u00e5ngare och den enda originalmedlemmen sedan bandet startade 1939. Det kan vara upplagt f\u00f6r kv\u00e4llens h\u00f6jdpunkt n\u00e4r gospelbandet g\u00e5r ut p\u00e5 Stora scenen strax efter 20.00.<\/p>\n<p>H\u00e4r en bild p\u00e5 l\u00e5ngt h\u00e5ll p\u00e5 Allen Toussaint p\u00e5 Stora Scenen.<\/p>\n<p><img loading=\"lazy\" decoding=\"async\" class=\"aligncenter size-medium wp-image-11129\" title=\"20090715623\" src=\"http:\/\/sodergren.com\/kulturbloggen\/wp-content\/uploads\/2009\/07\/20090715623-300x225.jpg\" alt=\"20090715623\" width=\"300\" height=\"225\" \/><\/p>\n<p>L\u00e4s \u00e4ven andra bloggares \u00e5sikter om <a rel=\"tag\" href=\"http:\/\/bloggar.se\/om\/jazz\">jazz<\/a>, <a rel=\"tag\" href=\"http:\/\/bloggar.se\/om\/blues\">blues<\/a>, <a rel=\"tag\" href=\"http:\/\/bloggar.se\/om\/musikfestival\">musikfestival<\/a>, <a rel=\"tag\" href=\"http:\/\/bloggar.se\/om\/Stockholm\">Stockholm<\/a>, <a rel=\"tag\" href=\"http:\/\/bloggar.se\/om\/konserter\">konserter<\/a>, <a rel=\"tag\" href=\"http:\/\/bloggar.se\/om\/Stockholm+Jazz\">Stockholm Jazz<\/a>, <a rel=\"tag\" href=\"http:\/\/bloggar.se\/om\/Gilberto+Gil\">Gilberto Gil<\/a>, <a rel=\"tag\" href=\"http:\/\/bloggar.se\/om\/Allen+Toussaint\">Allen Toussaint<\/a>, <a rel=\"tag\" href=\"http:\/\/bloggar.se\/om\/Alabama\">Alabama<\/a>, <a rel=\"tag\" href=\"http:\/\/bloggar.se\/om\/Theresa+Andersson\">Theresa Andersson<\/a><\/p>\n","protected":false},"excerpt":{"rendered":"<p>Det \u00e4r sk\u00f6nt att det finns bris fr\u00e5n vatten och att det finns stora skuggiga tr\u00e4d.\u00a0 Och mineralvatten. Allt beh\u00f6vs n\u00e4r solen ligger p\u00e5 \u00f6ver Skeppsholmen i Stockholm. Nej, jag klagar inte. Det \u00e4r sk\u00f6nt att v\u00e4dret v\u00e4nt och att det var riktigt varm sommar onsdag 15 juli d\u00e5 \u00e5rets upplaga av Stockholms Jazzfestival drog [&hellip;]<\/p>\n","protected":false},"author":2,"featured_media":0,"comment_status":"open","ping_status":"open","sticky":false,"template":"","format":"standard","meta":{"_genesis_hide_title":false,"_genesis_hide_breadcrumbs":false,"_genesis_hide_singular_image":false,"_genesis_hide_footer_widgets":false,"_genesis_custom_body_class":"","_genesis_custom_post_class":"","_genesis_layout":"","footnotes":""},"categories":[7],"tags":[753,2632,3004,3844,5400],"class_list":{"0":"post-11123","1":"post","2":"type-post","3":"status-publish","4":"format-standard","6":"category-musik","7":"tag-blues","8":"tag-jazz","9":"tag-konserter","10":"tag-musikfestival","11":"tag-stockholm","12":"entry"},"_links":{"self":[{"href":"https:\/\/kulturbloggen.com\/index.php?rest_route=\/wp\/v2\/posts\/11123","targetHints":{"allow":["GET"]}}],"collection":[{"href":"https:\/\/kulturbloggen.com\/index.php?rest_route=\/wp\/v2\/posts"}],"about":[{"href":"https:\/\/kulturbloggen.com\/index.php?rest_route=\/wp\/v2\/types\/post"}],"author":[{"embeddable":true,"href":"https:\/\/kulturbloggen.com\/index.php?rest_route=\/wp\/v2\/users\/2"}],"replies":[{"embeddable":true,"href":"https:\/\/kulturbloggen.com\/index.php?rest_route=%2Fwp%2Fv2%2Fcomments&post=11123"}],"version-history":[{"count":0,"href":"https:\/\/kulturbloggen.com\/index.php?rest_route=\/wp\/v2\/posts\/11123\/revisions"}],"wp:attachment":[{"href":"https:\/\/kulturbloggen.com\/index.php?rest_route=%2Fwp%2Fv2%2Fmedia&parent=11123"}],"wp:term":[{"taxonomy":"category","embeddable":true,"href":"https:\/\/kulturbloggen.com\/index.php?rest_route=%2Fwp%2Fv2%2Fcategories&post=11123"},{"taxonomy":"post_tag","embeddable":true,"href":"https:\/\/kulturbloggen.com\/index.php?rest_route=%2Fwp%2Fv2%2Ftags&post=11123"}],"curies":[{"name":"wp","href":"https:\/\/api.w.org\/{rel}","templated":true}]}}