{"id":111148,"date":"2017-08-09T19:24:16","date_gmt":"2017-08-09T17:24:16","guid":{"rendered":"http:\/\/kulturbloggen.com\/?p=111148"},"modified":"2017-08-13T02:21:39","modified_gmt":"2017-08-13T00:21:39","slug":"nordisk-livemusik-i-fokus-ystad-jazzfestival-ii","status":"publish","type":"post","link":"https:\/\/kulturbloggen.com\/?p=111148","title":{"rendered":"Nordisk livemusik i fokus &#8211; Ystad Jazzfestival II"},"content":{"rendered":"<p>1-6\/8 2017<\/p>\n<p><img loading=\"lazy\" decoding=\"async\" class=\"alignnone wp-image-111150 size-large\" src=\"http:\/\/kulturbloggen.com\/wp-content\/uploads\/2017\/08\/20170805-Gilbert-7-1024x682.jpg\" alt=\"\" width=\"1024\" height=\"682\" srcset=\"https:\/\/kulturbloggen.com\/wp-content\/uploads\/2017\/08\/20170805-Gilbert-7-1024x682.jpg 1024w, https:\/\/kulturbloggen.com\/wp-content\/uploads\/2017\/08\/20170805-Gilbert-7-300x200.jpg 300w, https:\/\/kulturbloggen.com\/wp-content\/uploads\/2017\/08\/20170805-Gilbert-7-768x512.jpg 768w\" sizes=\"auto, (max-width: 1024px) 100vw, 1024px\" \/>Foto Markus F\u00e4gersten<\/p>\n<p>Fick m\u00f6jlighet att gratulera g\u00f6teborgaren Gilbert till en eminent genomf\u00f6rd konsert. Syftar p\u00e5 den upp\u00e5tkick jag fick av\u00a0<strong>Gilbert Holmstr\u00f6m New Sextett,<\/strong> vars lagom st\u00e4dade\u00a0 variant av smart bebop fick mig p\u00e5 mycket gott hum\u00f6r. Har de senaste tjugo \u00e5ren\u00a0 ofta h\u00f6rt honom och hans coola medmusiker live, fast inte tillsammans. Oldtimern hade vid sin v\u00e4nstra sida Jonas Kullhammar, en av Mount Everest-grundarens st\u00f6rsta anh\u00e4ngare som ju p\u00e5 Moserobie sl\u00e4ppt flera av hans album.\u00a0 Saxofonisterna i all \u00e4ra, b\u00e5da spelar med gl\u00f6d och levererade l\u00f6diga solon..\u00a0 Den som bitvis stj\u00e4l uppm\u00e4rksamheten \u00e4r trumpetaren Magnus Broo.\u00a0 Snacka om str\u00e5lande spel p\u00e5 en trumpet som l\u00e4t oemotst\u00e5ndligt h\u00e4rlig. V\u00e4rldsklass! Imponerades i \u00f6vrigt av\u00a0 bandledarens h\u00f6gklassiga\u00a0 kompositioner vars m\u00e5ngskiftande influenser avsl\u00f6jades. Ensemblespelet var som ni f\u00f6rmodat lysande, andades budskappsjazzerans glansdagar. Helt enkelt en kanonkonsert fr\u00e5n sympatiske Holmstr\u00f6m och hans dr\u00f6msextett med n\u00e4mnda bl\u00e5sare, Mathias Landaeus, Mattias Svensson och jovialiske yrv\u00e4dret Kresten Osgood. Ljudet p\u00e5 innerg\u00e5rden var bra, \u00e4ven om basen borde ha s\u00e4nkts ett sn\u00e4pp.<\/p>\n<p>P\u00e5 Konstmuseet var jag med om smygpremi\u00e4r f\u00f6r sprillans nya l\u00e5tar av hajpade\u00a0<strong>David\u00b4s Angels feat Ingrid Jensen.<\/strong> K\u00e4ndes exklusivt d\u00e5 lokalen bara rymde \u00e5ttio sittplatser. Tiden jag tillbringade med gruppen gav mersmak, \u00e4ven om jag beh\u00f6ver lyssna in mig mer f\u00f6r att bli fr\u00e4lst. Det var st\u00e4mningsm\u00e4ttat till tungt beat av musiker, bortsett fr\u00e5n Maggi Olin p\u00e5 fender rhodes\/ piano, som\u00a0 nya f\u00f6r mig. F\u00f6r att vara korrekt \u00e4r mycket meriterade Ingrid Jensen fr\u00e5n Canada och numera bosatt i New York. Gruppen som gillar att experimentera utan att\u00a0 bli atonal, domineras kraftigt av kvinnor. Noterade en grund av f\u00e4ngslande klanger och polyrytmik, vars \u00f6verbyggnad bestod av poetisk s\u00e5ng och trumpetst\u00f6tar i mellanregistret. Utforskandet av ljudliga landskap skedde med diverse elektronik. Emellan\u00e5t interfolierades ett groove i deras spretande sv\u00e4vande sound. Tyckte om kompet med David Carlssons markanta elektriska basg\u00e5ngar och den mycket duktiga p\u00e5hittiga Michaela \u00d6stergard-Nielsen bakom trummorna.<\/p>\n<p><a href=\"http:\/\/kulturbloggen.com\/wp-content\/uploads\/2017\/08\/20170804-Carsten-Dahl-1.jpg\"><img loading=\"lazy\" decoding=\"async\" class=\"alignnone size-medium wp-image-111152\" src=\"http:\/\/kulturbloggen.com\/wp-content\/uploads\/2017\/08\/20170804-Carsten-Dahl-1-300x200.jpg\" alt=\"\" width=\"300\" height=\"200\" srcset=\"https:\/\/kulturbloggen.com\/wp-content\/uploads\/2017\/08\/20170804-Carsten-Dahl-1-300x200.jpg 300w, https:\/\/kulturbloggen.com\/wp-content\/uploads\/2017\/08\/20170804-Carsten-Dahl-1-768x512.jpg 768w, https:\/\/kulturbloggen.com\/wp-content\/uploads\/2017\/08\/20170804-Carsten-Dahl-1-1024x682.jpg 1024w\" sizes=\"auto, (max-width: 300px) 100vw, 300px\" \/><\/a>Foto Markus F\u00e4gersten<\/p>\n<p><strong>Carsten Dahl Experience <\/strong>var delvis en utmaning. Programh\u00e4ftets &#8221;varudeklaration&#8221; om meditativa drag st\u00e4mde inte.. Den forne trummisen \u00e4r en excentrisk personlighet, pianist och komposit\u00f6r, vars musik enligt egen utsago f\u00f6rs\u00f6ker n\u00e5 n\u00e5got universellt.\u00a0 Fick tyv\u00e4rr v\u00e4nta p\u00e5 heldanska kvartettens f\u00f6rsta raka beat i uppemot tjugofem minuter. Innan dess mest frijazz\u00a0 och skalor med pionj\u00e4ren Jesper Zeuthen i framkant. Hans p\u00e5tr\u00e4ngande altsax var inte riktigt min bag. Lyckligtvis fanns passager med harmonik och pigga rytmer inlagda, vilka fungerade som vilopunkter. Ballader f\u00f6rekom ocks\u00e5, trevligt nog. N\u00e4r en l\u00e5t gjord tillsammans med en iranier tog fart, hittade jag n\u00e5got tilltalande att haka fast i. Och ett tranceliknande groove pulserade hypnotiskt, fick mig att f\u00f6rsjunka i kontemplation. Trummisen Stefan Pasborg hade ett styvt jobb med att h\u00e5lla grytan kokande, en uppgift han l\u00f6ste utan n\u00e5gra som helst problem. Dahl\u00a0 \u00e4r en omv\u00e4xlande pianist som g\u00e4rna preparerar instrumentet, l\u00e4t vid ett tillf\u00e4lle som en cembalo. Sammanfattningsvis nordisk b\u00e5ngstyrig jazz, b\u00e5de p\u00e5frestande och bitvis berikande.<\/p>\n<p><a href=\"http:\/\/kulturbloggen.com\/wp-content\/uploads\/2017\/08\/20170804-Karolina-Almgren-6.jpg\"><img loading=\"lazy\" decoding=\"async\" class=\"alignnone size-medium wp-image-111157\" src=\"http:\/\/kulturbloggen.com\/wp-content\/uploads\/2017\/08\/20170804-Karolina-Almgren-6-200x300.jpg\" alt=\"\" width=\"200\" height=\"300\" srcset=\"https:\/\/kulturbloggen.com\/wp-content\/uploads\/2017\/08\/20170804-Karolina-Almgren-6-200x300.jpg 200w, https:\/\/kulturbloggen.com\/wp-content\/uploads\/2017\/08\/20170804-Karolina-Almgren-6-768x1152.jpg 768w, https:\/\/kulturbloggen.com\/wp-content\/uploads\/2017\/08\/20170804-Karolina-Almgren-6-683x1024.jpg 683w, https:\/\/kulturbloggen.com\/wp-content\/uploads\/2017\/08\/20170804-Karolina-Almgren-6.jpg 2000w\" sizes=\"auto, (max-width: 200px) 100vw, 200px\" \/><\/a>Foto Markus F\u00e4gertsen<\/p>\n<p>Vill g\u00f6ra v\u00e5gen f\u00f6r\u00a0<strong>Karolina Almgren Project<\/strong>, vars dynamik och folkton appellerar till mig mer \u00e4n prisade Sisters of Invention. Efter\u00e5t fick jag reda p\u00e5 att gruppen med uteslutande kvinnor, spelade musik specialbest\u00e4lld av arrang\u00f6ren. Sopransaxofonisten Karolina A hade antingen komponerat eller arrangerat vad vi h\u00f6rde under en vistelse i Visby. Hon inleder repetitivt i en integrerade korsbefruktning av jazz och folkmusik.\u00a0 Hennes syster Malin och mamma Martina h\u00e5ller ig\u00e5ng p\u00e5 dubbla men inte identiska trumset.\u00a0 Kontrabas och cello kompletterar den udda s\u00e4ttningen.\u00a0 Tog ett tag innan cellon, med eller utan str\u00e5ke, gjorde sig m\u00e4rkbar. Skenbart s\u00f6kande och nordiskt vemodigt \u00e4r hur jag f\u00f6retr\u00e4desvis vill beskriva tonspr\u00e5ket. En av flera toppar var ett nytt arr p\u00e5 Wayne Shorters <em>Mahjong<\/em>. Som skum kuriosa kan n\u00e4mnas att en regnskur kom precis n\u00e4r\u00a0<em>Here\u00b4s That Rainy Day\u00a0<\/em>framf\u00f6rdes. En lyckad konsert med en r\u00f6d tr\u00e5, d\u00e4r f\u00f6rgreningar till s\u00e5v\u00e4l Rena Rama som Charles Lloyd kunde anas. H\u00f6rde ett moget Dave Liebman-doftande spel av projektledaren. Publiken f\u00f6rs\u00e5gs till och med ett lagom aggressivt drumbattle.<\/p>\n<p><a href=\"http:\/\/kulturbloggen.com\/wp-content\/uploads\/2017\/08\/2017-08-06_Ann-Sofi-S_3.jpg\"><img loading=\"lazy\" decoding=\"async\" class=\"alignnone size-medium wp-image-111190\" src=\"http:\/\/kulturbloggen.com\/wp-content\/uploads\/2017\/08\/2017-08-06_Ann-Sofi-S_3-300x200.jpg\" alt=\"\" width=\"300\" height=\"200\" srcset=\"https:\/\/kulturbloggen.com\/wp-content\/uploads\/2017\/08\/2017-08-06_Ann-Sofi-S_3-300x200.jpg 300w, https:\/\/kulturbloggen.com\/wp-content\/uploads\/2017\/08\/2017-08-06_Ann-Sofi-S_3-768x511.jpg 768w, https:\/\/kulturbloggen.com\/wp-content\/uploads\/2017\/08\/2017-08-06_Ann-Sofi-S_3-1024x682.jpg 1024w, https:\/\/kulturbloggen.com\/wp-content\/uploads\/2017\/08\/2017-08-06_Ann-Sofi-S_3.jpg 1803w\" sizes=\"auto, (max-width: 300px) 100vw, 300px\" \/>Foto Harri Paavolainen<\/a><\/p>\n<p><strong>Ann-Sofi S\u00f6derqvist Jazz Orchestra\u00a0<\/strong>har en extremt h\u00f6g h\u00f6gstaniv\u00e5, vilket bevisades upprepade g\u00e5nger. Allt vi serverades var original fr\u00e5n senaste skivan, vars komposit\u00f6r naturligt nog presenterade sitt material.\u00a0 Ledamoten av Kungliga Musikaliska Akademin har skrivit mycket slagkraftig musik, \u00e4r d\u00e4rtill en\u00a0 beg\u00e5vad orkesterledare som f\u00f6rfogar \u00f6ver framst\u00e5ende solister. Men i j\u00e4mf\u00f6relse med Jazz All Star Baltica Big Band som hon satte ihop i Stockholm 2015, har inte allt jag h\u00f6r samma lyster. Lena Svanberg \u00e4r en tillg\u00e5ng p\u00e5 s\u00e5ng, fast jag har haft \u00e4n st\u00f6rre utbyte av henne tidigare. Vad som fick mig att jubla, var de i olika riktningar utvidgade arrangemangen, alldeles s\u00e4rskilt det \u00e5terkommande elastiska samarbetet bl\u00e5s &#8211;\u00a0 rytmsektion. Trumslagare Rasmus Svensson Blixt och Anders \u00c5strand (vibrafon\/percussion) f\u00f6rtj\u00e4nar rungande appl\u00e5der. \u00a0 N\u00e4r orkestern spelar med fullt st\u00e4ll skapas ett maffigt kraftfullt tryck. D\u00e5 k\u00e4nns det fantastiskt att bara f\u00e5 ta emot. Man tackade f\u00f6r sig med en avskalad snyftare.<\/p>\n<p><a href=\"http:\/\/kulturbloggen.com\/wp-content\/uploads\/2017\/08\/20170802-Hans-Backenroth-2.jpg\"><img loading=\"lazy\" decoding=\"async\" class=\"alignnone size-medium wp-image-111169\" src=\"http:\/\/kulturbloggen.com\/wp-content\/uploads\/2017\/08\/20170802-Hans-Backenroth-2-300x200.jpg\" alt=\"\" width=\"300\" height=\"200\" srcset=\"https:\/\/kulturbloggen.com\/wp-content\/uploads\/2017\/08\/20170802-Hans-Backenroth-2-300x200.jpg 300w, https:\/\/kulturbloggen.com\/wp-content\/uploads\/2017\/08\/20170802-Hans-Backenroth-2-768x512.jpg 768w, https:\/\/kulturbloggen.com\/wp-content\/uploads\/2017\/08\/20170802-Hans-Backenroth-2-1024x683.jpg 1024w\" sizes=\"auto, (max-width: 300px) 100vw, 300px\" \/><\/a>Foto Markus F\u00e4gersten<\/p>\n<p><strong>Hans Backenroth &amp; Jacob Fischer\u00a0<\/strong>g\u00f6r sj\u00e4lvklart ingen besviken. De framf\u00f6r ett program avpassat f\u00f6r kyrkorummet med dess f\u00f6rdr\u00f6jning av ljudet.\u00a0 Betoningen l\u00e5g p\u00e5 den nordiska visskatten. Sj\u00e4lvl\u00e4rde\u00a0 Fischer, som ingick Svend Asmussen Quartet, uppvisar ett minst sagt v\u00e4lutvecklat samspel med basfantomen Backenroth. I en intim kammarkonsert turas de om att ligga i framkant, \u00e4ven om gitarren i b\u00f6rjan hamnade i skuggan av aningen dov bas.\u00a0 Ser i min anteckningar att jag skrivit Jim Hall och Red Mitchell, m\u00f6jligen ger dessa hj\u00e4ltar en vink om hur fint det l\u00e4t. Elegant v\u00e4xlas snabba och l\u00e5ngsamma tempon, s\u00e5ledes bredast t\u00e4nkbara spektrum, fr\u00e5n rivig ekvilibristik till subtilt kn\u00e4ppande. Flyh\u00e4nt \u00e4r bara f\u00f6rnamnet!\u00a0 Tror att s\u00e4ttningen \u00e4r relativt ovanlig, vilket inte hindrar totalt\u00a0 grepp om publiken under cirka hundra minuter. Finns ingen absolut kulmen, d\u00e4remot i intervaller \u00e5terkommande klimax: <em>Trubbel, <\/em><em>En g\u00e5ng i Stockholm, Crazy He Calls Me, Att ang\u00f6ra en brygga <\/em>samt <em>Summertime<\/em>. Sist n\u00e4mnda favorit spelades med en hisnande gitarrteknik, som framkallade bilder av dr\u00f6mska piruetter.<\/p>\n<p>&nbsp;<\/p>\n<p>&nbsp;<\/p>\n<p>&nbsp;<\/p>\n","protected":false},"excerpt":{"rendered":"<p>1-6\/8 2017 Foto Markus F\u00e4gersten Fick m\u00f6jlighet att gratulera g\u00f6teborgaren Gilbert till en eminent genomf\u00f6rd konsert. Syftar p\u00e5 den upp\u00e5tkick jag fick av\u00a0Gilbert Holmstr\u00f6m New Sextett, vars lagom st\u00e4dade\u00a0 variant av smart bebop fick mig p\u00e5 mycket gott hum\u00f6r. Har de senaste tjugo \u00e5ren\u00a0 ofta h\u00f6rt honom och hans coola medmusiker live, fast inte tillsammans. [&hellip;]<\/p>\n","protected":false},"author":34,"featured_media":0,"comment_status":"open","ping_status":"open","sticky":false,"template":"","format":"standard","meta":{"_genesis_hide_title":false,"_genesis_hide_breadcrumbs":false,"_genesis_hide_singular_image":false,"_genesis_hide_footer_widgets":false,"_genesis_custom_body_class":"","_genesis_custom_post_class":"","_genesis_layout":"","footnotes":""},"categories":[7],"tags":[],"class_list":{"0":"post-111148","1":"post","2":"type-post","3":"status-publish","4":"format-standard","6":"category-musik","7":"entry"},"_links":{"self":[{"href":"https:\/\/kulturbloggen.com\/index.php?rest_route=\/wp\/v2\/posts\/111148","targetHints":{"allow":["GET"]}}],"collection":[{"href":"https:\/\/kulturbloggen.com\/index.php?rest_route=\/wp\/v2\/posts"}],"about":[{"href":"https:\/\/kulturbloggen.com\/index.php?rest_route=\/wp\/v2\/types\/post"}],"author":[{"embeddable":true,"href":"https:\/\/kulturbloggen.com\/index.php?rest_route=\/wp\/v2\/users\/34"}],"replies":[{"embeddable":true,"href":"https:\/\/kulturbloggen.com\/index.php?rest_route=%2Fwp%2Fv2%2Fcomments&post=111148"}],"version-history":[{"count":14,"href":"https:\/\/kulturbloggen.com\/index.php?rest_route=\/wp\/v2\/posts\/111148\/revisions"}],"predecessor-version":[{"id":111354,"href":"https:\/\/kulturbloggen.com\/index.php?rest_route=\/wp\/v2\/posts\/111148\/revisions\/111354"}],"wp:attachment":[{"href":"https:\/\/kulturbloggen.com\/index.php?rest_route=%2Fwp%2Fv2%2Fmedia&parent=111148"}],"wp:term":[{"taxonomy":"category","embeddable":true,"href":"https:\/\/kulturbloggen.com\/index.php?rest_route=%2Fwp%2Fv2%2Fcategories&post=111148"},{"taxonomy":"post_tag","embeddable":true,"href":"https:\/\/kulturbloggen.com\/index.php?rest_route=%2Fwp%2Fv2%2Ftags&post=111148"}],"curies":[{"name":"wp","href":"https:\/\/api.w.org\/{rel}","templated":true}]}}