{"id":111050,"date":"2017-08-04T10:12:28","date_gmt":"2017-08-04T08:12:28","guid":{"rendered":"http:\/\/kulturbloggen.com\/?p=111050"},"modified":"2017-08-04T10:13:05","modified_gmt":"2017-08-04T08:13:05","slug":"sakert-x-2-pa-way-out-west","status":"publish","type":"post","link":"https:\/\/kulturbloggen.com\/?p=111050","title":{"rendered":"S\u00e4kert! x 2 p\u00e5 Way Out West"},"content":{"rendered":"<figure id=\"attachment_111051\" aria-describedby=\"caption-attachment-111051\" style=\"width: 300px\" class=\"wp-caption aligncenter\"><a href=\"http:\/\/kulturbloggen.com\/wp-content\/uploads\/2017\/08\/sakertWOW2017.jpg\"><img loading=\"lazy\" decoding=\"async\" src=\"http:\/\/kulturbloggen.com\/wp-content\/uploads\/2017\/08\/sakertWOW2017-300x200.jpg\" alt=\"\" width=\"300\" height=\"200\" class=\"size-medium wp-image-111051\" srcset=\"https:\/\/kulturbloggen.com\/wp-content\/uploads\/2017\/08\/sakertWOW2017-300x200.jpg 300w, https:\/\/kulturbloggen.com\/wp-content\/uploads\/2017\/08\/sakertWOW2017-768x512.jpg 768w, https:\/\/kulturbloggen.com\/wp-content\/uploads\/2017\/08\/sakertWOW2017.jpg 1000w\" sizes=\"auto, (max-width: 300px) 100vw, 300px\" \/><\/a><figcaption id=\"caption-attachment-111051\" class=\"wp-caption-text\">Annika Norlin, S\u00e4kert. Foto: Elin Berge<\/figcaption><\/figure>\n<p>Annika Norlin och S\u00e4kert! g\u00f6r tv\u00e5 spelningar p\u00e5 G\u00f6teborgs musikfestival Way Out West nu i augusti.<br \/>\nEtt pressmeddelande ber\u00e4ttar:<br \/>\nAnnika Norlin \u00e4r en av Sveriges mest beg\u00e5vande artister n\u00e5gonsin. P\u00e5 en s\u00e5 m\u00e5nga plan att det \u00e4r or\u00e4ttvist. Just d\u00e4rf\u00f6r k\u00e4nns det extra kul att kunna erbjuda ett extra och kompletterande konserttillf\u00e4lle med S\u00e4kert! under Way Out West-helgen. Denna i en mer avskalad och intim skrud p\u00e5 omr\u00e5det &#8221;H\u00f6jden&#8221; i Slottsskogen nu p\u00e5 torsdag 10 augusti klockan 14.30.<\/p>\n<p>P\u00e5 natten mot s\u00f6ndag klockan 00.45 g\u00f6r S\u00e4kert! sin andra konsert, p\u00e5 Bananpiren, under Stay Out West-flagg och uppbackad av ett m\u00e4ktigt sjumannaband.<\/p>\n<p>L\u00e4s Annikas egna ord:<br \/>\n<em>L\u00f6rdag 00.45 spelar vi p\u00e5 Bananpiren p\u00e5 Stay Out West. K\u00e4nns i teorin som min dr\u00f6mfestivalspelning, att det ska vara m\u00f6rkt och svettigt och sjumannaband och ljus som \u00e4ntligen syns trots att det \u00e4r sommar.  <\/p>\n<p>Men i sommar har vi \u00e4ven gjort ett par spelningar i liten, avskalad s\u00e4ttning och fattat att det ocks\u00e5 passat oss ganska bra. S\u00e5 n\u00e4r Way Out West nu fr\u00e5gade om vi ville komplettera v\u00e5r Bananpiren p\u00e5 l\u00f6rdag-spelning med en H\u00f6jden p\u00e5 torsdag-spelning k\u00e4ndes det helt r\u00e4tt. H\u00f6jden-spelningen kommer bli en fest f\u00f6r alla som brukar sura \u00f6ver att trummorna \u00f6verr\u00f6star texterna. <\/p>\n<p>Vi kommer spela n\u00e4stan helt olika l\u00e5tar p\u00e5 de olika spelningarna, de kompletterar allts\u00e5 varandra, s\u00e5 kom g\u00e4rna p\u00e5 b\u00e4gge! Det \u00e4r dessutom 18-\u00e5rsgr\u00e4ns p\u00e5 Bananpiren har vi fattat, s\u00e5 om man \u00e4r under 18 kan man komma till H\u00f6jden. <\/p>\n<p>Allts\u00e5: <\/p>\n<p>Torsdag, 14.30, H\u00f6jden, Way Out West: S\u00e4kert! avskalat<br \/>\nBara s\u00e5ng, gitarr, klaviatur och orgel. Kommer bli en liten, avskalad och avslappnad spelning. Ta med en kaffe, sitt ner och \u00f6nska l\u00e5tar. Obs vi f\u00e5r se om vi kan dom. <\/p>\n<p>L\u00f6rdag, 00.45, Bananpiren, Stay Out West<br \/>\nSju personer, trummor, bas, ljus, g\u00e4ster osv.<\/em><br \/>\n<strong>Annika Norlin<\/strong><\/p>\n","protected":false},"excerpt":{"rendered":"<p>Annika Norlin och S\u00e4kert! g\u00f6r tv\u00e5 spelningar p\u00e5 G\u00f6teborgs musikfestival Way Out West nu i augusti. Ett pressmeddelande ber\u00e4ttar: Annika Norlin \u00e4r en av Sveriges mest beg\u00e5vande artister n\u00e5gonsin. P\u00e5 en s\u00e5 m\u00e5nga plan att det \u00e4r or\u00e4ttvist. Just d\u00e4rf\u00f6r k\u00e4nns det extra kul att kunna erbjuda ett extra och kompletterande konserttillf\u00e4lle med S\u00e4kert! under [&hellip;]<\/p>\n","protected":false},"author":13,"featured_media":0,"comment_status":"open","ping_status":"open","sticky":false,"template":"","format":"standard","meta":{"_genesis_hide_title":false,"_genesis_hide_breadcrumbs":false,"_genesis_hide_singular_image":false,"_genesis_hide_footer_widgets":false,"_genesis_custom_body_class":"","_genesis_custom_post_class":"","_genesis_layout":"","footnotes":""},"categories":[7],"tags":[2159,3844,5582,6353],"class_list":{"0":"post-111050","1":"post","2":"type-post","3":"status-publish","4":"format-standard","6":"category-musik","7":"tag-goteborg","8":"tag-musikfestival","9":"tag-sakert","10":"tag-way-out-west","11":"entry"},"_links":{"self":[{"href":"https:\/\/kulturbloggen.com\/index.php?rest_route=\/wp\/v2\/posts\/111050","targetHints":{"allow":["GET"]}}],"collection":[{"href":"https:\/\/kulturbloggen.com\/index.php?rest_route=\/wp\/v2\/posts"}],"about":[{"href":"https:\/\/kulturbloggen.com\/index.php?rest_route=\/wp\/v2\/types\/post"}],"author":[{"embeddable":true,"href":"https:\/\/kulturbloggen.com\/index.php?rest_route=\/wp\/v2\/users\/13"}],"replies":[{"embeddable":true,"href":"https:\/\/kulturbloggen.com\/index.php?rest_route=%2Fwp%2Fv2%2Fcomments&post=111050"}],"version-history":[{"count":1,"href":"https:\/\/kulturbloggen.com\/index.php?rest_route=\/wp\/v2\/posts\/111050\/revisions"}],"predecessor-version":[{"id":111052,"href":"https:\/\/kulturbloggen.com\/index.php?rest_route=\/wp\/v2\/posts\/111050\/revisions\/111052"}],"wp:attachment":[{"href":"https:\/\/kulturbloggen.com\/index.php?rest_route=%2Fwp%2Fv2%2Fmedia&parent=111050"}],"wp:term":[{"taxonomy":"category","embeddable":true,"href":"https:\/\/kulturbloggen.com\/index.php?rest_route=%2Fwp%2Fv2%2Fcategories&post=111050"},{"taxonomy":"post_tag","embeddable":true,"href":"https:\/\/kulturbloggen.com\/index.php?rest_route=%2Fwp%2Fv2%2Ftags&post=111050"}],"curies":[{"name":"wp","href":"https:\/\/api.w.org\/{rel}","templated":true}]}}