{"id":110929,"date":"2017-07-28T12:01:08","date_gmt":"2017-07-28T10:01:08","guid":{"rendered":"http:\/\/kulturbloggen.com\/?p=110929"},"modified":"2017-07-28T12:01:08","modified_gmt":"2017-07-28T10:01:08","slug":"det-med-bill-skarsgard-biopremiar-13-september-officiell-trailer-2","status":"publish","type":"post","link":"https:\/\/kulturbloggen.com\/?p=110929","title":{"rendered":"DET med Bill Skarsg\u00e5rd &#8211; Biopremi\u00e4r 13 september- Officiell trailer 2"},"content":{"rendered":"<p><a href=\"http:\/\/kulturbloggen.com\/wp-content\/uploads\/2017\/07\/det2.jpg\"><img loading=\"lazy\" decoding=\"async\" src=\"http:\/\/kulturbloggen.com\/wp-content\/uploads\/2017\/07\/det2.jpg\" alt=\"\" width=\"401\" height=\"200\" class=\"aligncenter size-full wp-image-110932\" srcset=\"https:\/\/kulturbloggen.com\/wp-content\/uploads\/2017\/07\/det2.jpg 401w, https:\/\/kulturbloggen.com\/wp-content\/uploads\/2017\/07\/det2-300x150.jpg 300w\" sizes=\"auto, (max-width: 401px) 100vw, 401px\" \/><\/a><\/p>\n<p>En ny filmad version av Stephen Kings klassiska skr\u00e4ckroman Det kommer p\u00e5 bio i september. <\/p>\n<p>Bill Skarsg\u00e5rd spelar huvudrollen i nya skr\u00e4ckfilmen &#8221;Det&#8221; som bygger p\u00e5 Stephen Kings v\u00e4lk\u00e4nda roman med samma namn. Pl\u00f6tsligt lamsl\u00e5s den lilla staden Derry i amerikanska delstaten Maine av skr\u00e4ck n\u00e4r flera barn mystiskt b\u00f6rjar f\u00f6rsvinna. N\u00e5gra barn f\u00e5r m\u00f6ta sina st\u00f6rsta r\u00e4dslor, n\u00e4r de hamnar i den onda clownen Pennywise s\u00e4llskap, vars historia som m\u00f6rdare str\u00e4cker sig l\u00e5ngt, l\u00e5ngt bak\u00e5t i tiden.<\/p>\n<p><iframe style=\"position: absolute; height: 100%; width:100%\" src=\"\/\/embed.clipsource.se\/video\/player\/597af95b33020?v1.60\" frameborder=\"0\" ><\/iframe><\/p>\n","protected":false},"excerpt":{"rendered":"<p>En ny filmad version av Stephen Kings klassiska skr\u00e4ckroman Det kommer p\u00e5 bio i september. Bill Skarsg\u00e5rd spelar huvudrollen i nya skr\u00e4ckfilmen &#8221;Det&#8221; som bygger p\u00e5 Stephen Kings v\u00e4lk\u00e4nda roman med samma namn. Pl\u00f6tsligt lamsl\u00e5s den lilla staden Derry i amerikanska delstaten Maine av skr\u00e4ck n\u00e4r flera barn mystiskt b\u00f6rjar f\u00f6rsvinna. N\u00e5gra barn f\u00e5r m\u00f6ta [&hellip;]<\/p>\n","protected":false},"author":13,"featured_media":0,"comment_status":"open","ping_status":"open","sticky":false,"template":"","format":"standard","meta":{"_genesis_hide_title":false,"_genesis_hide_breadcrumbs":false,"_genesis_hide_singular_image":false,"_genesis_hide_footer_widgets":false,"_genesis_custom_body_class":"","_genesis_custom_post_class":"","_genesis_layout":"","footnotes":""},"categories":[50],"tags":[648,13375,5939],"class_list":{"0":"post-110929","1":"post","2":"type-post","3":"status-publish","4":"format-standard","6":"category-filmfilm","7":"tag-bill-skarsgard","8":"tag-det","9":"tag-trailer","10":"entry"},"_links":{"self":[{"href":"https:\/\/kulturbloggen.com\/index.php?rest_route=\/wp\/v2\/posts\/110929","targetHints":{"allow":["GET"]}}],"collection":[{"href":"https:\/\/kulturbloggen.com\/index.php?rest_route=\/wp\/v2\/posts"}],"about":[{"href":"https:\/\/kulturbloggen.com\/index.php?rest_route=\/wp\/v2\/types\/post"}],"author":[{"embeddable":true,"href":"https:\/\/kulturbloggen.com\/index.php?rest_route=\/wp\/v2\/users\/13"}],"replies":[{"embeddable":true,"href":"https:\/\/kulturbloggen.com\/index.php?rest_route=%2Fwp%2Fv2%2Fcomments&post=110929"}],"version-history":[{"count":3,"href":"https:\/\/kulturbloggen.com\/index.php?rest_route=\/wp\/v2\/posts\/110929\/revisions"}],"predecessor-version":[{"id":110933,"href":"https:\/\/kulturbloggen.com\/index.php?rest_route=\/wp\/v2\/posts\/110929\/revisions\/110933"}],"wp:attachment":[{"href":"https:\/\/kulturbloggen.com\/index.php?rest_route=%2Fwp%2Fv2%2Fmedia&parent=110929"}],"wp:term":[{"taxonomy":"category","embeddable":true,"href":"https:\/\/kulturbloggen.com\/index.php?rest_route=%2Fwp%2Fv2%2Fcategories&post=110929"},{"taxonomy":"post_tag","embeddable":true,"href":"https:\/\/kulturbloggen.com\/index.php?rest_route=%2Fwp%2Fv2%2Ftags&post=110929"}],"curies":[{"name":"wp","href":"https:\/\/api.w.org\/{rel}","templated":true}]}}