{"id":110737,"date":"2017-07-16T10:42:01","date_gmt":"2017-07-16T08:42:01","guid":{"rendered":"http:\/\/kulturbloggen.com\/?p=110737"},"modified":"2017-07-16T10:42:01","modified_gmt":"2017-07-16T08:42:01","slug":"orfeus-eurydike-pa-confidencen-imponerande-starkt-vackert-berorande","status":"publish","type":"post","link":"https:\/\/kulturbloggen.com\/?p=110737","title":{"rendered":"Orfeus &#038; Eurydike p\u00e5 Confidencen &#8211; imponerande, starkt, vackert, ber\u00f6rande"},"content":{"rendered":"<figure id=\"attachment_110742\" aria-describedby=\"caption-attachment-110742\" style=\"width: 450px\" class=\"wp-caption aligncenter\"><a href=\"http:\/\/kulturbloggen.com\/wp-content\/uploads\/2017\/07\/Orfeus_1_AlbinaIsufi_MariaSanner.jpg\"><img loading=\"lazy\" decoding=\"async\" class=\"size-full wp-image-110742\" src=\"http:\/\/kulturbloggen.com\/wp-content\/uploads\/2017\/07\/Orfeus_1_AlbinaIsufi_MariaSanner.jpg\" alt=\"\" width=\"450\" height=\"300\" srcset=\"https:\/\/kulturbloggen.com\/wp-content\/uploads\/2017\/07\/Orfeus_1_AlbinaIsufi_MariaSanner.jpg 450w, https:\/\/kulturbloggen.com\/wp-content\/uploads\/2017\/07\/Orfeus_1_AlbinaIsufi_MariaSanner-300x200.jpg 300w\" sizes=\"auto, (max-width: 450px) 100vw, 450px\" \/><\/a><figcaption id=\"caption-attachment-110742\" class=\"wp-caption-text\">Foto: Martin Hellstr\u00f6m<\/figcaption><\/figure>\n<p><strong>Orfeus &amp; Eurydike<\/strong><br \/>\nTons\u00e4ttare: Christoph Willibald Gluck<br \/>\nLibretto: Raniero De Calzabigi<br \/>\nIscens\u00e4ttning, version, instrumentation &amp; musikalisk ledning: Arnold \u00d6stman<br \/>\nPremi\u00e4r p\u00e5 Conficencen, Ulriksdal 14 juli 2017<\/p>\n<p>S\u00e5ngen, dansen, scenbilden, orkestern &#8211; allt samverkar f\u00f6r att ge oss en ber\u00e4ttelse och f\u00f6rmedla k\u00e4nslor p\u00e5 flera plan. Upps\u00e4ttningen av Orfeus &amp; Eurydike p\u00e5 Confidencen ger precis det som jag tror skaparna av denna opera ville.<\/p>\n<p>Arnold \u00d6stman som ligger bakom iscens\u00e4ttningen skriver i programbladet:<br \/>\n<em>&#8211; Var ska man b\u00f6rja d\u00e5 man f\u00f6rbereder Glucks verk Orfeus &amp; Eurydike? Det man sl\u00e5s av \u00e4r nog hur allt h\u00e4nger samman. Hur alla delar h\u00f6r ihop och hur ett klassiskt verk som detta lever i alla detaljer och bilder en s\u00e5dan enhet som tack vare musiken f\u00e5r liv och r\u00f6relse i nuet.<\/em><\/p>\n<figure id=\"attachment_110745\" aria-describedby=\"caption-attachment-110745\" style=\"width: 200px\" class=\"wp-caption alignright\"><a href=\"http:\/\/kulturbloggen.com\/wp-content\/uploads\/2017\/07\/Orfeus_MariaSanner.jpg\"><img loading=\"lazy\" decoding=\"async\" class=\"size-medium wp-image-110745\" src=\"http:\/\/kulturbloggen.com\/wp-content\/uploads\/2017\/07\/Orfeus_MariaSanner-200x300.jpg\" alt=\"\" width=\"200\" height=\"300\" srcset=\"https:\/\/kulturbloggen.com\/wp-content\/uploads\/2017\/07\/Orfeus_MariaSanner-200x300.jpg 200w, https:\/\/kulturbloggen.com\/wp-content\/uploads\/2017\/07\/Orfeus_MariaSanner.jpg 450w\" sizes=\"auto, (max-width: 200px) 100vw, 200px\" \/><\/a><figcaption id=\"caption-attachment-110745\" class=\"wp-caption-text\">Maria Sanner som Orfeus. Foto: Martin Hellstr\u00f6m<\/figcaption><\/figure>\n<p>Ja, iscens\u00e4ttningen f\u00f6ljer detta. Helt. Allt h\u00e4nger samman och bildar en enast\u00e5ende helhet, in i minsta detalj, fr\u00e5n dr\u00e4kterna till doften av stearinljusen (som alla f\u00f6rest\u00e4llningar p\u00e5 Confidencen g\u00f6rs den till stearinljus som enda ljusk\u00e4lla), varje ton fr\u00e5n orkesterns instrument som alla \u00e4r tidstrogna, dansarna r\u00f6relser, s\u00e5ngarnas framf\u00f6rande och den duktiga k\u00f6ren.<\/p>\n<p>Handlingen kommer fr\u00e5n den grekiska mytologin och ber\u00e4ttar om Orfeus som \u00e4lskar Eurydike s\u00e5 o\u00e4ndligt mycket att n\u00e4r hon d\u00f6r vill han inte leva l\u00e4ngre. Hans stora k\u00e4rlek och tunga sorg ber\u00f6r gudarna som d\u00e4rf\u00f6r ger honom till\u00e5telse att ta sig ner till d\u00f6dsriket f\u00f6r att h\u00e4mta sin \u00e4lskade Eurydike. Gudarna st\u00e4ller bara ett villkor f\u00f6r att han ska f\u00e5 h\u00e4mta henne tillbaka till de levandes rike. Han f\u00e5r inte titta p\u00e5 henne, inte m\u00f6ta hennes blick och han f\u00e5r inte ber\u00e4tta f\u00f6r henne om denna regel. Orfeus hittar henne i d\u00f6dsriket och tar henne d\u00e4rifr\u00e5n men ju n\u00e4rmare de levandes rike hon kommer desto v\u00e4rre upplever Eurydike det. I d\u00f6dsriket var allt harmoni, ingen sorg, ingen sm\u00e4rta, inga pl\u00e5gor och dessutom f\u00f6rst\u00e5r hon inte varf\u00f6r Orfeus inte tittar p\u00e5 henne. Givetvis st\u00e5r inte Orfeus ut med hennes klagande utan till slut tittar han p\u00e5 henne &#8211; och Eurydike n\u00e5r aldrig de levandes rike igen.<\/p>\n<p>Orfeus och Eurydike \u00e4r ett flitigt anv\u00e4nt motiv inom konst, musik och teater. Glucks opera som Conficencen nu satt upp \u00e4r ett exempel, och Offenbachs operett Orfeus i underjorden \u00e4r ett annat. Claudio Monteverdis Orfeus fr\u00e5n 1607 anses vara en av de f\u00f6rsta &#8221;riktiga&#8221; operorna.<\/p>\n<p><a href=\"http:\/\/kulturbloggen.com\/wp-content\/uploads\/2017\/07\/OrfeusJohannaWallroth_MatildaGustafson_TeklaNilsson_RichardAsker.jpg\"><img loading=\"lazy\" decoding=\"async\" class=\"alignright size-medium wp-image-110747\" src=\"http:\/\/kulturbloggen.com\/wp-content\/uploads\/2017\/07\/OrfeusJohannaWallroth_MatildaGustafson_TeklaNilsson_RichardAsker-300x258.jpg\" alt=\"\" width=\"300\" height=\"258\" srcset=\"https:\/\/kulturbloggen.com\/wp-content\/uploads\/2017\/07\/OrfeusJohannaWallroth_MatildaGustafson_TeklaNilsson_RichardAsker-300x258.jpg 300w, https:\/\/kulturbloggen.com\/wp-content\/uploads\/2017\/07\/OrfeusJohannaWallroth_MatildaGustafson_TeklaNilsson_RichardAsker.jpg 450w\" sizes=\"auto, (max-width: 300px) 100vw, 300px\" \/><\/a>Den har ocks\u00e5 skildrats p\u00e5 film, till exempel i Jean Cocteaus Orph\u00e9e (1950) och i Marcel Camus Orfeu Negro fr\u00e5n 1959 som utspelas i Rio de Janeiro under karnevalen. I popul\u00e4rkulturen finns temat bland annat i gruppen Herds&#8217; s\u00e5ng \u201dFrom the underworld\u201d (1967).<\/p>\n<p>F\u00f6r mig \u00e4r Glucks typ av opera mina favoriter, den s\u00e5 kallade reformoperan d\u00e4r Gluck vill (som han skriver i f\u00f6rordet till en annan av sina reformoperor Alceste):<br \/>\n<em>&#8211; Jag ville p\u00e5 nytt ge musiken dess sanna uppgift: att tj\u00e4na dramat f\u00f6r att f\u00f6rst\u00e4rka dess k\u00e4nslouttryck och det intressanta i dess situationer utan att avbryta handlingen eller f\u00f6rst\u00f6ra den genom onyttig och on\u00f6dig utsmyckning &#8230; <\/em><\/p>\n<p>Tydligast m\u00e4rktes f\u00f6r\u00e4ndringarna genom att dansen v\u00e4vs in i handlingen och att arian inte stannar upp operans handling utan flyter med i handlingen.<\/p>\n<p>\u00d6stmans iscens\u00e4ttning p\u00e5 Confidencen har lyckats mycket bra. H\u00e4r \u00e4r det helheten och samspelet som f\u00f6rmedlar n\u00e5got. Avslutningss\u00e5ngen med k\u00f6ren och alla s\u00e5ngare \u00e4r helt fenomenal, helt enast\u00e5ende &#8211; det var s\u00e5 starkt att jag r\u00f6s. Jag \u00e4r inte s\u00e5 f\u00f6rtjust i operor med m\u00e5nga och l\u00e5nga solo-arior d\u00e4r publiken ska appl\u00e5dera och ropa bravo. Reformoperor, som denna, kom under 1700-talet.<\/p>\n<p>Det jag kunde tycka var lite synd var att det mesta av s\u00e5ngerna framf\u00f6rdes p\u00e5 italienska, utan att n\u00e5gon \u00f6vers\u00e4ttning fanns. N\u00e5gra f\u00e5 s\u00e5nger framf\u00f6rdes p\u00e5 svenska. Mest saknade jag \u00f6vers\u00e4ttning under den l\u00e5nga f\u00e4rden fr\u00e5n underjorden d\u00e4r jag som tittare inte visste vad Eurydike klagade \u00f6ver. Orden och deras betydelse \u00e4r f\u00f6rst\u00e5s bara en liten av vad operan f\u00f6rmedlar, den talar ju till oss p\u00e5 m\u00e5nga andra s\u00e4tt: genom scenbilden, dr\u00e4kterna, dansen, musiken, s\u00e5ngen. Som helhet \u00e4r det en mycket lyckat, v\u00e4lgjort och samspelat. Det \u00e4r naturligt, imponerande, starkt, vackert och ber\u00f6rande med skickliga musiker, vackra dr\u00e4kter och duktiga s\u00e5ngare.<\/p>\n<p><strong>Medverkande<\/strong><br \/>\nOrfeus \u2013 Maria Sanner<br \/>\nEurydike \u2013 Albina Isufi<br \/>\nAmor \u2013 Johanna Wallroth<br \/>\nDansare &amp; K\u00f6r<br \/>\nConfidencens Orkester<\/p>\n<p>&nbsp;<\/p>\n<figure id=\"attachment_110748\" aria-describedby=\"caption-attachment-110748\" style=\"width: 450px\" class=\"wp-caption aligncenter\"><a href=\"http:\/\/kulturbloggen.com\/wp-content\/uploads\/2017\/07\/Orfeust2ensemble.jpg\"><img loading=\"lazy\" decoding=\"async\" class=\"size-full wp-image-110748\" src=\"http:\/\/kulturbloggen.com\/wp-content\/uploads\/2017\/07\/Orfeust2ensemble.jpg\" alt=\"\" width=\"450\" height=\"300\" srcset=\"https:\/\/kulturbloggen.com\/wp-content\/uploads\/2017\/07\/Orfeust2ensemble.jpg 450w, https:\/\/kulturbloggen.com\/wp-content\/uploads\/2017\/07\/Orfeust2ensemble-300x200.jpg 300w\" sizes=\"auto, (max-width: 450px) 100vw, 450px\" \/><\/a><figcaption id=\"caption-attachment-110748\" class=\"wp-caption-text\">Foto: Martin Hellstr\u00f6m<\/figcaption><\/figure>\n","protected":false},"excerpt":{"rendered":"<p>Orfeus &amp; Eurydike Tons\u00e4ttare: Christoph Willibald Gluck Libretto: Raniero De Calzabigi Iscens\u00e4ttning, version, instrumentation &amp; musikalisk ledning: Arnold \u00d6stman Premi\u00e4r p\u00e5 Conficencen, Ulriksdal 14 juli 2017 S\u00e5ngen, dansen, scenbilden, orkestern &#8211; allt samverkar f\u00f6r att ge oss en ber\u00e4ttelse och f\u00f6rmedla k\u00e4nslor p\u00e5 flera plan. Upps\u00e4ttningen av Orfeus &amp; Eurydike p\u00e5 Confidencen ger precis det [&hellip;]<\/p>\n","protected":false},"author":2,"featured_media":0,"comment_status":"open","ping_status":"open","sticky":false,"template":"","format":"standard","meta":{"_genesis_hide_title":false,"_genesis_hide_breadcrumbs":false,"_genesis_hide_singular_image":false,"_genesis_hide_footer_widgets":false,"_genesis_custom_body_class":"","_genesis_custom_post_class":"","_genesis_layout":"","footnotes":""},"categories":[16],"tags":[12144,4147],"class_list":{"0":"post-110737","1":"post","2":"type-post","3":"status-publish","4":"format-standard","6":"category-recension","7":"tag-confidencen","8":"tag-opera","9":"entry"},"_links":{"self":[{"href":"https:\/\/kulturbloggen.com\/index.php?rest_route=\/wp\/v2\/posts\/110737","targetHints":{"allow":["GET"]}}],"collection":[{"href":"https:\/\/kulturbloggen.com\/index.php?rest_route=\/wp\/v2\/posts"}],"about":[{"href":"https:\/\/kulturbloggen.com\/index.php?rest_route=\/wp\/v2\/types\/post"}],"author":[{"embeddable":true,"href":"https:\/\/kulturbloggen.com\/index.php?rest_route=\/wp\/v2\/users\/2"}],"replies":[{"embeddable":true,"href":"https:\/\/kulturbloggen.com\/index.php?rest_route=%2Fwp%2Fv2%2Fcomments&post=110737"}],"version-history":[{"count":8,"href":"https:\/\/kulturbloggen.com\/index.php?rest_route=\/wp\/v2\/posts\/110737\/revisions"}],"predecessor-version":[{"id":110749,"href":"https:\/\/kulturbloggen.com\/index.php?rest_route=\/wp\/v2\/posts\/110737\/revisions\/110749"}],"wp:attachment":[{"href":"https:\/\/kulturbloggen.com\/index.php?rest_route=%2Fwp%2Fv2%2Fmedia&parent=110737"}],"wp:term":[{"taxonomy":"category","embeddable":true,"href":"https:\/\/kulturbloggen.com\/index.php?rest_route=%2Fwp%2Fv2%2Fcategories&post=110737"},{"taxonomy":"post_tag","embeddable":true,"href":"https:\/\/kulturbloggen.com\/index.php?rest_route=%2Fwp%2Fv2%2Ftags&post=110737"}],"curies":[{"name":"wp","href":"https:\/\/api.w.org\/{rel}","templated":true}]}}