{"id":110464,"date":"2017-07-01T15:03:11","date_gmt":"2017-07-01T13:03:11","guid":{"rendered":"http:\/\/kulturbloggen.com\/?p=110464"},"modified":"2017-07-01T15:03:11","modified_gmt":"2017-07-01T13:03:11","slug":"bravalla-gor-paus-2018-som-en-protest-mot-valdtaktsmannen","status":"publish","type":"post","link":"https:\/\/kulturbloggen.com\/?p=110464","title":{"rendered":"Br\u00e5valla g\u00f6r paus 2018 &#8211; som en protest mot v\u00e5ldt\u00e4ktsmannen"},"content":{"rendered":"<p><a href=\"http:\/\/kulturbloggen.com\/wp-content\/uploads\/2017\/07\/bravallaloggo.jpg\"><img loading=\"lazy\" decoding=\"async\" src=\"http:\/\/kulturbloggen.com\/wp-content\/uploads\/2017\/07\/bravallaloggo.jpg\" alt=\"\" width=\"200\" height=\"50\" class=\"aligncenter size-full wp-image-110466\" \/><\/a><\/p>\n<p>Festivalen i Br\u00e5vall g\u00f6r paus n\u00e4sta \u00e5r, 2018. Beslutet \u00e4r tydligt ett svar och en protest mot de personer som gjort sexuella ofredanden under festivalen och ett st\u00e4llningstagande mot v\u00e5ldt\u00e4kten som anm\u00e4ldes under fredagen.<\/p>\n<p>Det \u00e4r tr\u00e5kigt att en liten del av bes\u00f6karna kan f\u00f6rst\u00f6ra s\u00e5 mycket f\u00f6r s\u00e5 m\u00e5nga &#8211; men ett mycket tydligt och bra st\u00e4llningstagande. Kanske kan s\u00e5dant f\u00e5 de som k\u00e4nner n\u00e5gon av og\u00e4rningsm\u00e4nnen att anm\u00e4la dem till polis s\u00e5 de kan f\u00e5 sina straff.<\/p>\n<p><strong>Ett pressmeddelande fr\u00e5n Br\u00e5valla:<\/strong><br \/>\nEfter fredagens festival anm\u00e4ldes en v\u00e5ldt\u00e4kt p\u00e5 festivalomr\u00e5det och polisen utreder vad som har skett. Flera sexuella ofredanden har rapporterats och anm\u00e4lts. Det finns inte ord f\u00f6r hur otroligt ledsna vi \u00e4r \u00f6ver det h\u00e4r, och vi vill beklaga och f\u00f6rd\u00f6ma det \u00e5 det allvarligaste. Det \u00e4r fan inte okej. Vi accepterar det inte p\u00e5 v\u00e5r festival.<\/p>\n<p>Vi har gjort allt som st\u00e5r i v\u00e5r makt att f\u00f6rebygga och p\u00e5 plats s\u00e4kra festivalupplevelsen f\u00f6r v\u00e5ra bes\u00f6kare. \u00c5rets Br\u00e5valla har varit den b\u00e4sta ur m\u00e5nga h\u00e4nseenden; personal, frivilligorganisationer och publik har vittnat om fantastisk st\u00e4mning och vi har den hittills lugnaste festivalen i antalet anm\u00e4lda brott m\u00e4tt.<\/p>\n<p>Med det sagt s\u00e5 forts\u00e4tter sexuella ofredanden att f\u00f6rekomma. Vi har sett det p\u00e5 v\u00e5r och andra festivaler de senaste \u00e5ren och det \u00e4r ett enormt samh\u00e4llsproblem som drabbar varenda del av v\u00e5rt samh\u00e4lle. Absolut inte bara festivaler. Det beg\u00e5s omkring hundra v\u00e5ldt\u00e4kter varje dygn i Sverige och det \u00e4r en utmaning samh\u00e4llet i stort m\u00e5ste ta itu med. Vi arbetar aktivt f\u00f6r att m\u00f6rkertalet ska raderas \u2013 alla som blir utsatta f\u00f6r brott ska f\u00e5 det st\u00f6d och den hj\u00e4lp de vill ha och beh\u00f6ver. P\u00e5 Br\u00e5valla har vi f\u00f6rhoppningsvis, i all mots\u00e4gelsefullhet, bidragit till att lyfta det h\u00e4r genom att aktivt p\u00e5tala vikten av att anm\u00e4la och uppmanat v\u00e5ra bes\u00f6kare att prata om det med oss och varandra. Men vissa m\u00e4n, f\u00f6r det \u00e4r m\u00e4n, kan tydligen inte bete sig. Det \u00e4r en skam.<\/p>\n<p>&#8211; I have had it. Violence kills the festival experience and the love for music, and \u2013 first and foremost: people are getting hurt. One is one too much!, s\u00e4ger Folkert Koopmans \u00e4gare o grundare av Br\u00e5valla Festival.<\/p>\n<p><strong>D\u00e4rf\u00f6r har vi beslutat att inte g\u00f6ra Br\u00e5valla 2018.<\/strong><br \/>\n&#8211; Vi kommer ta ett steg tillbaka. Detta \u00e4r inte p\u00e5 grund av ett enskilt brott eller n\u00e5gon enskild h\u00e4ndelse. Det handlar inte om att vi inte kan hantera problemet eller att problemet bor i festivaler, det handlar om att g\u00f6ra ett tydligt st\u00e4llningstagande. Vi som arbetar med Br\u00e5valla ser festivalen som f\u00f6retagets hj\u00e4rta och \u00e4r otroligt stolta \u00f6ver festivalen och det arbete som vi varje dag l\u00e4gger ner p\u00e5 att skapa en plattform f\u00f6r musik\u00e4lskare att m\u00f6tas, s\u00e4ger Kajsa Apelqvist, presschef f\u00f6r FKP Scorpio Sverige.<\/p>\n<p>Med cirka 50 000 bes\u00f6kare \u00e5rligen har Br\u00e5valla blivit den sj\u00e4lvklara m\u00f6tesplatsen f\u00f6r musikintresserade. P\u00e5 scenen har allt ifr\u00e5n stora internationella rockband till lokala artister presenterats som har lockat bes\u00f6kare ifr\u00e5n hela v\u00e4rlden. Vi har haft s\u00e5 j\u00e4kla roligt.<\/p>\n<p>&#8211; FKP Scorpio Sverige kommer forts\u00e4tta arrangera festivaler och konserter. Framf\u00f6r oss har vi m\u00e5nga konserter och turn\u00e9er, allt fr\u00e5n sm\u00e5 klubbspelningar till n\u00e5gra av Sveriges st\u00f6rsta stadiumkonserter, s\u00e4ger Niklas Westergren, marknadschef f\u00f6r FKP Scorpio Sverige.<\/p>\n<p>Vi kommer forts\u00e4tta att tillsammans jobba f\u00f6r en b\u00e4ttre v\u00e4rld. Vi hoppas ni \u00e4r med oss i det. L\u00e5t oss ta hand om varandra, kv\u00e4va hatet och v\u00e5ldet, och l\u00e5ta musiken segra.<\/p>\n<p><strong>Lars Stjernqvist, kommunstyrelsens ordf\u00f6rande Norrk\u00f6ping:<\/strong><br \/>\nDet \u00e4r ett sorgligt besked men jag har respekt f\u00f6r beslutet. Alla vi som har varit p\u00e5 Br\u00e5valla kan intyga att detta har varit en fantastisk musikfest som har gett Norrk\u00f6ping v\u00e4ldigt mycket gl\u00e4dje.  Det \u00e4r otroligt tr\u00e5kigt att det h\u00e4r har \u00f6verskuggat festivalen.<\/p>\n<p><strong>Lisen Andreasson Florman, initiativtagare och grundare Nattskiftet:<\/strong><br \/>\n\u00d6verallt p\u00e5 festivalen sitter skyltar om att ta hand om varandra. Ett budskap som verkar ha g\u00e5tt in, f\u00f6r vi har tillsammans med de organisationer vi jobbar sida vid sida med sett s\u00e5 m\u00e5nga exempel p\u00e5 hur m\u00e4nniskor faktiskt tar hand om varandra. Allt fr\u00e5n att h\u00e4mta en vakt vid behov till att b\u00e4ra sin kompis med skoskav till f\u00f6rsta hj\u00e4lpen.<\/p>\n<p><strong>Pelle Ullholm, sakkunnig RFSU:<\/strong><br \/>\nTillsammans med Polisen, L\u00e4nsstyrelse, Svensk Live har RFSU startat ett l\u00e5ngsiktigt projekt f\u00f6r att f\u00f6rebygga sexuella ofredanden och trakasserier. Men vi har ocks\u00e5 ett direkt tre\u00e5rigt samarbete med festivalarrang\u00f6ren FKP Scorpio som genomf\u00f6r Br\u00e5valla, ett samarbete som de tog initiativ till. Tack vare det n\u00e5r ut till unga i Norrk\u00f6pings skolor och till bes\u00f6kare p\u00e5 festivalen d\u00e4r vi har en h\u00f6g n\u00e4rvaro och f\u00f6r samtal om \u00f6msesidighet och gr\u00e4nser. P\u00e5 festivalen arbetar RFSU tillsammans med RFSL och RFSL Ungdom. Vid sidan av det finns vi d\u00e4r och kommunicerar i olika sociala kanaler, vi engagerar bes\u00f6kare och artister. V\u00e4l d\u00e4r handlar det om att skapa en k\u00e4nsla av respekt, kommunikation och reflektion. Och att fler aktivt och st\u00e5r upp f\u00f6r de v\u00e4rderingarna.<br \/>\n&#8211; Det finns inte n\u00e5gon quick fix, utan att det \u00e4r ett l\u00e5ngsiktigt arbete, s\u00e4ger Pelle Ullholm, RFSU. Ofredanden, kr\u00e4nkningar och trakasserier finns i alla milj\u00f6er i samh\u00e4llet, men vi tycker att Br\u00e5vallafestivalen och andra arrang\u00f6rer av svensk livemusik idag visar att de har gjort n\u00e5got mycket positivt d\u00e5 de bjudit in oss och flera andra akt\u00f6rer. Festivaler \u00e4r en bra milj\u00f6 att diskutera normer med unga och hur vi tar hand om varandra och det finns m\u00f6jlighet f\u00f6r artisterna att markera. Vi forts\u00e4tter v\u00e5rt l\u00e5ngsiktiga arbete, p\u00e5 festivaler och i andra milj\u00f6er.<\/p>\n<p><strong>Joppe Pihlgren, verksamhetsledare Svensk Live:<\/strong><br \/>\nDet \u00e4r v\u00e4ldigt tr\u00e5kigt att Br\u00e5valla g\u00f6r ett uppeh\u00e5ll. Vi m\u00e5ste forts\u00e4tta se till att vi har \u00f6ppna m\u00f6tesplatser i ett \u00f6ppet samh\u00e4lle men jag st\u00e5r helt bakom beslutet.<\/p>\n","protected":false},"excerpt":{"rendered":"<p>Festivalen i Br\u00e5vall g\u00f6r paus n\u00e4sta \u00e5r, 2018. Beslutet \u00e4r tydligt ett svar och en protest mot de personer som gjort sexuella ofredanden under festivalen och ett st\u00e4llningstagande mot v\u00e5ldt\u00e4kten som anm\u00e4ldes under fredagen. Det \u00e4r tr\u00e5kigt att en liten del av bes\u00f6karna kan f\u00f6rst\u00f6ra s\u00e5 mycket f\u00f6r s\u00e5 m\u00e5nga &#8211; men ett mycket tydligt [&hellip;]<\/p>\n","protected":false},"author":13,"featured_media":0,"comment_status":"open","ping_status":"open","sticky":false,"template":"","format":"standard","meta":{"_genesis_hide_title":false,"_genesis_hide_breadcrumbs":false,"_genesis_hide_singular_image":false,"_genesis_hide_footer_widgets":false,"_genesis_custom_body_class":"","_genesis_custom_post_class":"","_genesis_layout":"","footnotes":""},"categories":[62,7],"tags":[8756,6295],"class_list":{"0":"post-110464","1":"post","2":"type-post","3":"status-publish","4":"format-standard","6":"category-medie-och-kulturpolitik","7":"category-musik","8":"tag-bravalla","9":"tag-valdtakt","10":"entry"},"_links":{"self":[{"href":"https:\/\/kulturbloggen.com\/index.php?rest_route=\/wp\/v2\/posts\/110464","targetHints":{"allow":["GET"]}}],"collection":[{"href":"https:\/\/kulturbloggen.com\/index.php?rest_route=\/wp\/v2\/posts"}],"about":[{"href":"https:\/\/kulturbloggen.com\/index.php?rest_route=\/wp\/v2\/types\/post"}],"author":[{"embeddable":true,"href":"https:\/\/kulturbloggen.com\/index.php?rest_route=\/wp\/v2\/users\/13"}],"replies":[{"embeddable":true,"href":"https:\/\/kulturbloggen.com\/index.php?rest_route=%2Fwp%2Fv2%2Fcomments&post=110464"}],"version-history":[{"count":1,"href":"https:\/\/kulturbloggen.com\/index.php?rest_route=\/wp\/v2\/posts\/110464\/revisions"}],"predecessor-version":[{"id":110467,"href":"https:\/\/kulturbloggen.com\/index.php?rest_route=\/wp\/v2\/posts\/110464\/revisions\/110467"}],"wp:attachment":[{"href":"https:\/\/kulturbloggen.com\/index.php?rest_route=%2Fwp%2Fv2%2Fmedia&parent=110464"}],"wp:term":[{"taxonomy":"category","embeddable":true,"href":"https:\/\/kulturbloggen.com\/index.php?rest_route=%2Fwp%2Fv2%2Fcategories&post=110464"},{"taxonomy":"post_tag","embeddable":true,"href":"https:\/\/kulturbloggen.com\/index.php?rest_route=%2Fwp%2Fv2%2Ftags&post=110464"}],"curies":[{"name":"wp","href":"https:\/\/api.w.org\/{rel}","templated":true}]}}