{"id":11042,"date":"2009-07-12T19:08:52","date_gmt":"2009-07-12T17:08:52","guid":{"rendered":"http:\/\/kulturbloggen.com\/?p=11042"},"modified":"2009-07-12T19:08:52","modified_gmt":"2009-07-12T17:08:52","slug":"eu-med-sverige-som-ordforande-infor-overvakningssamhallet","status":"publish","type":"post","link":"https:\/\/kulturbloggen.com\/?p=11042","title":{"rendered":"EU med Sverige som ordf\u00f6rande inf\u00f6r \u00f6vervakningssamh\u00e4llet"},"content":{"rendered":"<p><a href=\"http:\/\/sodergren.com\/kulturbloggen\/wp-content\/uploads\/2009\/07\/storebrorlogga_340.jpg\"><img loading=\"lazy\" decoding=\"async\" src=\"http:\/\/sodergren.com\/kulturbloggen\/wp-content\/uploads\/2009\/07\/storebrorlogga_340-300x195.jpg\" alt=\"storebrorlogga_340\" title=\"storebrorlogga_340\" width=\"300\" height=\"195\" class=\"aligncenter size-medium wp-image-11043\" \/><\/a><\/p>\n<p>Det \u00e4r som om alla protester som alla \u00f6vervakningslagar inte har gjort n\u00e5gon nytta. Som om makthavande styrande politiker inte begriper ett dugg om vad det \u00e4r de h\u00e5ller p\u00e5 att inf\u00f6ra.<br \/>\nOch nu: \u00e4nnu mer: Sverige \u00e4r ordf\u00f6rande i EU ett halv\u00e5r och har d\u00e5 l\u00e5ngtg\u00e5ende planer att, <a href=\"http:\/\/www.expressen.se\/Nyheter\/1.1637134\/nu-vill-eu-kunna-folja-dig-i-detalj#\">som Expressen beskriver det<\/a>:<\/p>\n<blockquote><p>Det r\u00e4ttsliga samarbetet mellan EU-l\u00e4nderna ska sk\u00e4rpas under det svenska ordf\u00f6randeskapet. P\u00e5 onsdag tr\u00e4ffas EU:s justitieministrar p\u00e5 ett informellt m\u00f6te i Stockholm f\u00f6r att diskutera riktlinjerna i det s\u00e5 kallade Stockholmsprogrammet.<br \/>\nEn av huvudpunkterna \u00e4r det r\u00e4ttsliga samarbetet inom EU &#8211; d\u00e4r informationsutbytet l\u00e4nderna emellan ska &#8221;f\u00f6rb\u00e4ttras&#8221;.<br \/>\nFri tillg\u00e5ng till information om medborgarnas resor, bankaff\u00e4rer och internetsurfande \u00e4r n\u00e5gra av f\u00f6rslagen.<\/p><\/blockquote>\n<p>I och med att vi som bor i Sverige \u00e4r registrerade med v\u00e5ra personnummer \u00e4r vi mer kontrollerade \u00e4n m\u00e5nga andra l\u00e4nders medborgare. Det \u00e4r i princip om\u00f6jligt f\u00f6r oss att g\u00f6ra n\u00e5got i smyg. Staten har koll p\u00e5 det mesta.<br \/>\nAtt som Michael Jackson ha ett tredje barn som ingen vet vem som \u00e4r mor till skulle vara om\u00f6jligt f\u00f6r en svenskregistrerad medborgare.<\/p>\n<p>Personnummer \u00e4r till nytta i m\u00e5nga sammanhang, men total \u00f6vervakning av oss kan aldrig vara bra.<br \/>\nAtt information om allt vi g\u00f6r ska kunna bytas som information mellan olika EU-stater: det \u00e4r som v\u00e4rsta mardr\u00f6mmen.<\/p>\n<p><a href=\"http:\/\/www.facebook.com\/event.php?eid=203451095233&amp;ref=ts\"><strong>L\u00e4s  mer p\u00e5 N\u00e4tverket Svart M\u00e5ndags evenemangssida p\u00e5 Facebook.<\/strong><\/a><br \/>\n<a href=\"http:\/\/svartmandag.blogspot.com\/2009\/07\/humlegardsmanifestationen-15-juli-i.html\"><strong>Eller  p\u00e5 N\u00e4tverkets Webbplats<\/strong><\/a><\/p>\n<p>Efter alla strider mot och protester mot FRA-lagen och ipredlagen och telekomalternativet s\u00e5 klampar politiker p\u00e5 med \u00e4nnu mer omfattande \u00f6vervakning av oss medborgare.<br \/>\nDet \u00e4r som en mardr\u00f6m.<br \/>\nEn mardr\u00f6m vi lever i nu.<\/p>\n<p>George Orwell kan skatta sig lycklig som slapp uppleva el\u00e4ndet.<\/p>\n<p>P\u00e5 onsdag b\u00f6rjar de f\u00f6rsta demonstrationerna i Stockholm mot Stockholmsprogrammet.<\/p>\n<p><a href=\"http:\/\/www.eriklaakso.nu\/?p=1921\">Fr\u00e5n Uppstuds<\/a>:<\/p>\n<blockquote><p>Kom till Humleg\u00e5rden i Stockholm p\u00e5 onsdag den 15 juli klockan 17 och visa ditt st\u00f6d f\u00f6r bek\u00e4mpandet av storebrorsamh\u00e4llet. Manifestationen \u00e4r ett arrangemang av N\u00e4tverket Svart M\u00e5ndag som \u00e4r en paraplyorganisation som samordnar och driver fr\u00e5gor kring integritet och mot \u00f6vervakning.<\/p>\n<p>Medverkande organisationer \u00e4r i nul\u00e4get ut\u00f6ver N\u00e4tverket Svart M\u00e5ndag:<br \/>\nPiratpartiet<br \/>\nUng Pirat<br \/>\nGr\u00f6n Ungdom<br \/>\nMilj\u00f6partiet<br \/>\nLiberalt N\u00e4tverk f\u00f6r Integritet<br \/>\nLiberati<br \/>\nSossar mot Storebror<\/p>\n<p>Talare som \u00e4r klara i dagsl\u00e4get \u00e4r:<br \/>\nMattias Bj\u00e4rnemalm (PP)<br \/>\nAmanda Brihed (N\u00e4tverket Svart M\u00e5ndag, Folkpartiet, Liberati)<br \/>\nJens Odsvall (N\u00e4tverket Svart M\u00e5ndag)<br \/>\nErik Laakso (Sossar mot Storebror)<\/p><\/blockquote>\n<p>Mer om Stockholmsprogrammet:<\/p>\n<p><a href=\"http:\/\/sigfrid.wordpress.com\/2009\/07\/10\/vad-ar-stockholmsprogrammet\/\"><strong>Karl  Sigfrid<\/strong><\/a><br \/>\n<a href=\"http:\/\/henrikalexandersson.blogspot.com\/2009\/07\/lat-det-inte-ske-i-tysthet.html\"><strong>Henrik  Alexandersson<\/strong><\/a><br \/>\n<a href=\"http:\/\/scabernestor.blogg.se\/2009\/july\/demonstration-mot-stockholmsprogrammet-pa-h.html\"><strong>Niklas  Starow<\/strong><\/a><br \/>\n<a href=\"http:\/\/bloggenbent.se\/2009\/07\/09\/hr-blir-det-ingen-jkla-borgfred\/\"><strong>Bj\u00f6rn  Pedersen<\/strong><\/a><\/p>\n<p>Relaterade blogginl\u00e4gg: <a href=\"http:\/\/opassande.se\/index.php\/2009\/07\/12\/stockholmsprogrammet\/\">Opassande<\/a>, <a href=\"http:\/\/peterlandersson.blogspot.com\/2009\/07\/gar-det-att-stoppa-asks.html\">Peter Andersson<\/a>, <a href=\"http:\/\/hbt-sossen.blogspot.com\/2009\/07\/sossar-mot-storebror-manifesterar-mot.html\">HBT-sossen<\/a>, <a href=\"http:\/\/peterkarlberg.blogspot.com\/2009\/07\/demonstrationen-blir-i-humlegarden.html\">Peter Karlberg<\/a>, <a href=\"http:\/\/sidvind.blogspot.com\/2009\/07\/demonstrationer-mot-stockholmsprogramme.html\">Sidvind<\/a> och <a href=\"http:\/\/svartmandag.blogspot.com\/2009\/07\/humlegardsmanifestationen-15-juli-i.html\">Svart m\u00e5ndag<\/a>.<\/p>\n<p>L\u00e4s \u00e4ven andra bloggares \u00e5sikter om <a href=\"http:\/\/bloggar.se\/om\/%F6vervakning\" rel=\"tag\">\u00f6vervakning<\/a>, <a href=\"http:\/\/bloggar.se\/om\/demonstration\" rel=\"tag\">demonstration<\/a>, <a href=\"http:\/\/bloggar.se\/om\/EU\" rel=\"tag\">EU<\/a>, <a href=\"http:\/\/bloggar.se\/om\/samh%E4lle\" rel=\"tag\">samh\u00e4lle<\/a>, <a href=\"http:\/\/bloggar.se\/om\/Stockholmsprogrammet\" rel=\"tag\">Stockholmsprogrammet<\/a><\/p>\n","protected":false},"excerpt":{"rendered":"<p>Det \u00e4r som om alla protester som alla \u00f6vervakningslagar inte har gjort n\u00e5gon nytta. Som om makthavande styrande politiker inte begriper ett dugg om vad det \u00e4r de h\u00e5ller p\u00e5 att inf\u00f6ra. Och nu: \u00e4nnu mer: Sverige \u00e4r ordf\u00f6rande i EU ett halv\u00e5r och har d\u00e5 l\u00e5ngtg\u00e5ende planer att, som Expressen beskriver det: Det r\u00e4ttsliga [&hellip;]<\/p>\n","protected":false},"author":2,"featured_media":0,"comment_status":"open","ping_status":"open","sticky":false,"template":"","format":"standard","meta":{"_genesis_hide_title":false,"_genesis_hide_breadcrumbs":false,"_genesis_hide_singular_image":false,"_genesis_hide_footer_widgets":false,"_genesis_custom_body_class":"","_genesis_custom_post_class":"","_genesis_layout":"","footnotes":""},"categories":[62],"tags":[1219,1581,6550,4917],"class_list":{"0":"post-11042","1":"post","2":"type-post","3":"status-publish","4":"format-standard","6":"category-medie-och-kulturpolitik","7":"tag-demonstration","8":"tag-eu","9":"tag-overvakning","10":"tag-samhalle","11":"entry"},"_links":{"self":[{"href":"https:\/\/kulturbloggen.com\/index.php?rest_route=\/wp\/v2\/posts\/11042","targetHints":{"allow":["GET"]}}],"collection":[{"href":"https:\/\/kulturbloggen.com\/index.php?rest_route=\/wp\/v2\/posts"}],"about":[{"href":"https:\/\/kulturbloggen.com\/index.php?rest_route=\/wp\/v2\/types\/post"}],"author":[{"embeddable":true,"href":"https:\/\/kulturbloggen.com\/index.php?rest_route=\/wp\/v2\/users\/2"}],"replies":[{"embeddable":true,"href":"https:\/\/kulturbloggen.com\/index.php?rest_route=%2Fwp%2Fv2%2Fcomments&post=11042"}],"version-history":[{"count":0,"href":"https:\/\/kulturbloggen.com\/index.php?rest_route=\/wp\/v2\/posts\/11042\/revisions"}],"wp:attachment":[{"href":"https:\/\/kulturbloggen.com\/index.php?rest_route=%2Fwp%2Fv2%2Fmedia&parent=11042"}],"wp:term":[{"taxonomy":"category","embeddable":true,"href":"https:\/\/kulturbloggen.com\/index.php?rest_route=%2Fwp%2Fv2%2Fcategories&post=11042"},{"taxonomy":"post_tag","embeddable":true,"href":"https:\/\/kulturbloggen.com\/index.php?rest_route=%2Fwp%2Fv2%2Ftags&post=11042"}],"curies":[{"name":"wp","href":"https:\/\/api.w.org\/{rel}","templated":true}]}}