{"id":11,"date":"2008-06-27T19:51:32","date_gmt":"2008-06-27T19:51:32","guid":{"rendered":"http:\/\/kulturbloggen.com\/?p=11"},"modified":"2008-06-27T19:51:32","modified_gmt":"2008-06-27T19:51:32","slug":"kulturfyran-och-tisdagstema","status":"publish","type":"post","link":"https:\/\/kulturbloggen.com\/?p=11","title":{"rendered":"Kulturfyran och tisdagstema"},"content":{"rendered":"<p><a href='http:\/\/sodergren.com\/kulturbloggen\/wp-content\/uploads\/2008\/06\/byra_indo.jpg'><img loading=\"lazy\" decoding=\"async\" src=\"http:\/\/sodergren.com\/kulturbloggen\/wp-content\/uploads\/2008\/06\/byra_indo.jpg\" alt=\"\" title=\"byra_indo\" width=\"400\" height=\"284\" class=\"aligncenter size-full wp-image-15\" \/><\/a><br \/>\n<strong><a href=\"http:\/\/tisdagstema.se\/2008\/06\/24\/forvaring\/\" target=\"_blank\">Dagens tisdagstema \u00e4r: F\u00f6rvaring<\/a>.<\/strong><br \/>\nMin bild \u00e4r p\u00e5 en byr\u00e5 med fyra rader med sju l\u00e5der i varje rad, allts\u00e5 28 l\u00e5dor. Vi k\u00f6pte den nyligen och vi \u00e4lskar den. Den kanske tar mer plats \u00e4n den ger i utrymme, men den \u00e4r s\u00e5 vacker. Och alla s\u00e5dana d\u00e4r sm\u00e5saker som annars ligger och skrotar, som mobilladdare och ipodfodral har nu en bra l\u00e5da att placeras i.<\/p>\n<p>Klockan \u00e4r 09.42 och det \u00e4r redan 45 som hakat p\u00e5 temat och under dagens lopp l\u00e4r det som vanligt bli \u00f6ver 100. Det \u00e4r enormt och det \u00e4r fascinerande och imponerande hur stort intresset \u00e4r f\u00f6r Tisdagstema. Fast ibland funderar jag p\u00e5 om ens bidrag f\u00f6rsvinner i m\u00e4ngden? Hur m\u00e5nga g\u00e5r runt och bes\u00f6ker alla bidrag en vecka?<\/p>\n<p>Jag binder samman mitt svar p\u00e5 tisdagstemat med mitt svar p\u00e5 <strong><a href=\"http:\/\/kulturbloggen.com\/?p=3909\" target=\"_blank\">senaste Kulturfyran<\/a>.<\/strong> Kulturfyran kommer varje tordag och \u00e4r \u00e4nnu s\u00e5 l\u00e4nge inte alls tilln\u00e4rmelsevis s\u00e5 stor som Tisdagstema. Det tycker jag \u00e4r trevligt, f\u00f6r d\u00e4r har jag en rimlig chans att faktiskt bes\u00f6ka alla svar.<\/p>\n<p><strong>1. Vilka tv\u00e5 f\u00f6rfattare skulle du vilja s\u00e4tta ihop och att de f\u00e5r m\u00f6tas i en debatt eller diskussion? V\u00e4lj fritt: k\u00e4nn dig inte bunden av tid och rum.<\/strong><br \/>\nHur vore det att l\u00e5ta Dostojevskij m\u00f6ta Tolkien.<\/p>\n<p><strong>2. Om du vill l\u00e5ta tv\u00e5 kulturpersonligheter inom vilken kulturart som helst m\u00f6tas, vilka skulle du v\u00e4lja d\u00e5?<\/strong><br \/>\nPicasso och Stieg Larsson kanske.<\/p>\n<p><strong>3. Om du skulle f\u00e5 sitta ner och \u00e4ta middag med en stor kulturperson av n\u00e5got slag, vem skulle du v\u00e4lja?<\/strong><br \/>\nDen d\u00e4r m\u00e4sterkocken Oliver.<\/p>\n<p><strong>4. P\u00e5 onsdag ska jag h\u00f6ra Duffy, det nya stj\u00e4rnskottet inom brittisk popsoul p\u00e5 festivalen Accelerator. Om jag f\u00e5r m\u00f6jlighet att g\u00f6ra en intervju med henne: vilken fr\u00e5ga tycker du jag ska st\u00e4lla?<\/strong><br \/>\nDet blir lite lustigt f\u00f6r mig att svara mig sj\u00e4lv p\u00e5 den fr\u00e5gan, men jag vill veta lite mer om hur det \u00e4r att vara tjej i rockbranschen, eller r\u00e4ttare sagt musikbranschen. Duffy \u00e4r ju lite mer soul.<\/p>\n<p>De andra som mitt i midsdommarst\u00f6ket tagit sig till och svara p\u00e5 Kulturfyran hittills:<\/p>\n<p><strong><a href=\"http:\/\/annebjornstrom.blogspot.com\/2008\/06\/frsenad-kulturfyra.html\" target=\"_blank\">Anne<\/a><br \/>\n<a href=\"http:\/\/www.morellens.blogg.se\/\" target=\"_blank\">Maria<\/a><br \/>\n<a href=\"http:\/\/tureson.blogg.se\/2008\/june\/kulturmoten.html\" target=\"_blank\">Josefine<\/a><br \/>\n<a href=\"http:\/\/www.liz1e.blogspot.com\/\" target=\"_blank\">Liz1E<\/a><br \/>\n<a href=\"http:\/\/annapanna51.wordpress.com\/2008\/06\/19\/kulturfyran-7\/\" target=\"_blank\">Annapanna<\/a><br \/>\n<a href=\"http:\/\/yfronten.blogg.se\/\" target=\"_blank\">Ylva<\/a><\/strong><\/p>\n","protected":false},"excerpt":{"rendered":"<p>Dagens tisdagstema \u00e4r: F\u00f6rvaring. Min bild \u00e4r p\u00e5 en byr\u00e5 med fyra rader med sju l\u00e5der i varje rad, allts\u00e5 28 l\u00e5dor. Vi k\u00f6pte den nyligen och vi \u00e4lskar den. Den kanske tar mer plats \u00e4n den ger i utrymme, men den \u00e4r s\u00e5 vacker. Och alla s\u00e5dana d\u00e4r sm\u00e5saker som annars ligger och skrotar, [&hellip;]<\/p>\n","protected":false},"author":2,"featured_media":0,"comment_status":"open","ping_status":"open","sticky":false,"template":"","format":"standard","meta":{"_genesis_hide_title":false,"_genesis_hide_breadcrumbs":false,"_genesis_hide_singular_image":false,"_genesis_hide_footer_widgets":false,"_genesis_custom_body_class":"","_genesis_custom_post_class":"","_genesis_layout":"","footnotes":""},"categories":[20],"tags":[],"class_list":{"0":"post-11","1":"post","2":"type-post","3":"status-publish","4":"format-standard","6":"category-film","7":"entry"},"_links":{"self":[{"href":"https:\/\/kulturbloggen.com\/index.php?rest_route=\/wp\/v2\/posts\/11","targetHints":{"allow":["GET"]}}],"collection":[{"href":"https:\/\/kulturbloggen.com\/index.php?rest_route=\/wp\/v2\/posts"}],"about":[{"href":"https:\/\/kulturbloggen.com\/index.php?rest_route=\/wp\/v2\/types\/post"}],"author":[{"embeddable":true,"href":"https:\/\/kulturbloggen.com\/index.php?rest_route=\/wp\/v2\/users\/2"}],"replies":[{"embeddable":true,"href":"https:\/\/kulturbloggen.com\/index.php?rest_route=%2Fwp%2Fv2%2Fcomments&post=11"}],"version-history":[{"count":0,"href":"https:\/\/kulturbloggen.com\/index.php?rest_route=\/wp\/v2\/posts\/11\/revisions"}],"wp:attachment":[{"href":"https:\/\/kulturbloggen.com\/index.php?rest_route=%2Fwp%2Fv2%2Fmedia&parent=11"}],"wp:term":[{"taxonomy":"category","embeddable":true,"href":"https:\/\/kulturbloggen.com\/index.php?rest_route=%2Fwp%2Fv2%2Fcategories&post=11"},{"taxonomy":"post_tag","embeddable":true,"href":"https:\/\/kulturbloggen.com\/index.php?rest_route=%2Fwp%2Fv2%2Ftags&post=11"}],"curies":[{"name":"wp","href":"https:\/\/api.w.org\/{rel}","templated":true}]}}