{"id":10981,"date":"2009-07-12T10:24:47","date_gmt":"2009-07-12T08:24:47","guid":{"rendered":"http:\/\/kulturbloggen.com\/?p=10981"},"modified":"2009-07-12T10:24:47","modified_gmt":"2009-07-12T08:24:47","slug":"mustasch-slapper-nya-albumet-september-2009","status":"publish","type":"post","link":"https:\/\/kulturbloggen.com\/?p=10981","title":{"rendered":"Mustasch sl\u00e4pper nya albumet september 2009"},"content":{"rendered":"<p><a href=\"http:\/\/sodergren.com\/kulturbloggen\/wp-content\/uploads\/2009\/07\/mustasch.jpg\"><img loading=\"lazy\" decoding=\"async\" src=\"http:\/\/sodergren.com\/kulturbloggen\/wp-content\/uploads\/2009\/07\/mustasch-300x264.jpg\" alt=\"mustasch\" title=\"mustasch\" width=\"300\" height=\"264\" class=\"aligncenter size-medium wp-image-11013\" \/><\/a><br \/>\nMustasch tillk\u00e4nnager stolt att femte full\u00e4ngdsalbumet nu \u00e4r i full f\u00e4rd att slutf\u00f6ras. 30 september sl\u00e4pps den \u00e4nnu od\u00f6pta plattan via Regain Records\/ADA Nordic, meddelas i ett pressutskick.<\/p>\n<blockquote><p>\nMustasch \u00e4r ett av Sveriges absolut mest popul\u00e4ra rockband, vilket inte minst visade sig i de framg\u00e5ngar bandet r\u00f6nte med f\u00f6rra albumet, Latest Version of The Truth (2007). Bandet bel\u00f6nades med en Grammis f\u00f6r \u00c5rets h\u00e5rdrock 2008 och spenderade m\u00e5nga och l\u00e5nga turer p\u00e5 turn\u00e9 &#8211; b\u00e5de i Europa inkluderat UK samt i USA.<\/p><\/blockquote>\n<p>Producerad av Tobias Lindell inneh\u00e5ller det nya albumet enbart nytt material, allt sammanh\u00e5llet av Mustaschs s\u00e5ngare och frontman Ralf Gyllenhammars karakt\u00e4ristiska st\u00e4mma. Ralf bel\u00f6nades dessutom tidigare i \u00e5rmed det prestigefyllda SKAP-stipendiet.<\/p>\n<p>Mustasch har under sommaren framtr\u00e4tt p\u00e5 flera olika festivaler, senast p\u00e5 Arvikafestivalen <a href=\"http:\/\/www.aftonbladet.se\/nojesbladet\/supersommar2009\/article5472736.ab\">ber\u00f6mde Aftonbladet <\/a>: <em>Man kan fortfarande sl\u00e5s av l\u00e5tarna, av hur v\u00e4lgjorda de \u00e4r<\/em>.<\/p>\n<p>Mustasch \u00e4r:<br \/>\nRalf Gyllenhammar, s\u00e5ng\/gitarr<br \/>\nDavid Johannesson, gitarr<br \/>\nMats Johansson, bas<br \/>\nDanne McKenzie, trummor<\/p>\n<p><a href=\"http:\/\/www.mustasch.net\/\">Hemsida f\u00f6r bandet Mustasch.<\/a><\/p>\n<p>L\u00e4s \u00e4ven andra bloggares \u00e5sikter om <a href=\"http:\/\/bloggar.se\/om\/h%E5rdrock\" rel=\"tag\">h\u00e5rdrock<\/a>, <a href=\"http:\/\/bloggar.se\/om\/skivnytt\" rel=\"tag\">skivnytt<\/a>, <a href=\"http:\/\/bloggar.se\/om\/musik\" rel=\"tag\">musik<\/a>, <a href=\"http:\/\/bloggar.se\/om\/Mustasch\" rel=\"tag\">Mustasch<\/a>, <a href=\"http:\/\/bloggar.se\/om\/Arvikafestivalen\" rel=\"tag\">Arvikafestivalen<\/a><\/p>\n","protected":false},"excerpt":{"rendered":"<p>Mustasch tillk\u00e4nnager stolt att femte full\u00e4ngdsalbumet nu \u00e4r i full f\u00e4rd att slutf\u00f6ras. 30 september sl\u00e4pps den \u00e4nnu od\u00f6pta plattan via Regain Records\/ADA Nordic, meddelas i ett pressutskick. Mustasch \u00e4r ett av Sveriges absolut mest popul\u00e4ra rockband, vilket inte minst visade sig i de framg\u00e5ngar bandet r\u00f6nte med f\u00f6rra albumet, Latest Version of The Truth [&hellip;]<\/p>\n","protected":false},"author":2,"featured_media":0,"comment_status":"open","ping_status":"open","sticky":false,"template":"","format":"standard","meta":{"_genesis_hide_title":false,"_genesis_hide_breadcrumbs":false,"_genesis_hide_singular_image":false,"_genesis_hide_footer_widgets":false,"_genesis_custom_body_class":"","_genesis_custom_post_class":"","_genesis_layout":"","footnotes":""},"categories":[7],"tags":[2362,12282,5121],"class_list":{"0":"post-10981","1":"post","2":"type-post","3":"status-publish","4":"format-standard","6":"category-musik","7":"tag-hardrock","8":"tag-musik","9":"tag-skivnytt","10":"entry"},"_links":{"self":[{"href":"https:\/\/kulturbloggen.com\/index.php?rest_route=\/wp\/v2\/posts\/10981","targetHints":{"allow":["GET"]}}],"collection":[{"href":"https:\/\/kulturbloggen.com\/index.php?rest_route=\/wp\/v2\/posts"}],"about":[{"href":"https:\/\/kulturbloggen.com\/index.php?rest_route=\/wp\/v2\/types\/post"}],"author":[{"embeddable":true,"href":"https:\/\/kulturbloggen.com\/index.php?rest_route=\/wp\/v2\/users\/2"}],"replies":[{"embeddable":true,"href":"https:\/\/kulturbloggen.com\/index.php?rest_route=%2Fwp%2Fv2%2Fcomments&post=10981"}],"version-history":[{"count":0,"href":"https:\/\/kulturbloggen.com\/index.php?rest_route=\/wp\/v2\/posts\/10981\/revisions"}],"wp:attachment":[{"href":"https:\/\/kulturbloggen.com\/index.php?rest_route=%2Fwp%2Fv2%2Fmedia&parent=10981"}],"wp:term":[{"taxonomy":"category","embeddable":true,"href":"https:\/\/kulturbloggen.com\/index.php?rest_route=%2Fwp%2Fv2%2Fcategories&post=10981"},{"taxonomy":"post_tag","embeddable":true,"href":"https:\/\/kulturbloggen.com\/index.php?rest_route=%2Fwp%2Fv2%2Ftags&post=10981"}],"curies":[{"name":"wp","href":"https:\/\/api.w.org\/{rel}","templated":true}]}}