{"id":109673,"date":"2017-06-03T09:56:37","date_gmt":"2017-06-03T07:56:37","guid":{"rendered":"http:\/\/kulturbloggen.com\/?p=109673"},"modified":"2017-06-03T09:56:37","modified_gmt":"2017-06-03T07:56:37","slug":"veronica-maggio-gor-fem-spelningar-pa-mosebacketerrassen","status":"publish","type":"post","link":"https:\/\/kulturbloggen.com\/?p=109673","title":{"rendered":"Veronica Maggio g\u00f6r fem spelningar p\u00e5 Mosebacketerrassen"},"content":{"rendered":"<p><a href=\"http:\/\/kulturbloggen.com\/wp-content\/uploads\/2017\/06\/veronikamaggiofemspelningar.jpg\"><img loading=\"lazy\" decoding=\"async\" src=\"http:\/\/kulturbloggen.com\/wp-content\/uploads\/2017\/06\/veronikamaggiofemspelningar-300x165.jpg\" alt=\"\" width=\"300\" height=\"165\" class=\"aligncenter size-medium wp-image-109674\" srcset=\"https:\/\/kulturbloggen.com\/wp-content\/uploads\/2017\/06\/veronikamaggiofemspelningar-300x165.jpg 300w, https:\/\/kulturbloggen.com\/wp-content\/uploads\/2017\/06\/veronikamaggiofemspelningar.jpg 620w\" sizes=\"auto, (max-width: 300px) 100vw, 300px\" \/><\/a><\/p>\n<p>Veronica Maggio g\u00f6r fem spelningar p\u00e5 Mosebacketerrassen i augusti 2017.<\/p>\n<p>Ett pressmeddelande ber\u00e4ttar:<\/p>\n<p>Veronica Maggio har precis g\u00e5tt av scenen p\u00e5 Gr\u00f6na Lund d\u00e4r hon inledde sin sommarturn\u00e9 ikv\u00e4ll. Nu \u00e4r det klart att Veronica g\u00f6r ytterligare fem (!) spelningar i Stockholm i sommar, mellan den 23-27 augusti p\u00e5 Mosebacketerrassen. Det kommer bli fem ytterst exklusiva konserter d\u00e4r hon framf\u00f6r sina hittills sl\u00e4ppta album, en efter annan, under respektive kv\u00e4ll. Biljetterna sl\u00e4pps nu.<\/p>\n<p>&#8211; Utsikten fr\u00e5n Mosebackes terrass krossar all annan utsikt i hela Sverige! Det finns liksom inget b\u00e4ttre st\u00e4lle att befinna sig p\u00e5 en sensommarkv\u00e4ll i augusti. N\u00e4r vi spelade in f\u00f6rsta skivan &#8221;Vatten och Br\u00f6d&#8221; var jag ofta d\u00e4r p\u00e5 sommarklubb och hoppades innerligt att vi skulle f\u00e5 spela d\u00e4r. I sommar g\u00f6r vi det FEM g\u00e5nger. Inte en enda l\u00e5t slipper undan, h\u00e4lsar Veronica.<\/p>\n<p>Veronica Maggio, en av Sveriges mest prisbel\u00f6nta artister med sina fem Grammis, tv\u00e5 P3 Guld, tre Rockbj\u00f6rnen, tre Gaffa-priser och fem album i bagaget, \u00e4r ute p\u00e5 en omfattande turn\u00e9 i Skandinavien i sommar. Bland annat bes\u00f6ker hon legendariska kalkbrottet Dalhalla i R\u00e4ttvik, Roots Festival i Norge samt g\u00f6r fyra konserter tillsammans med Weeping Willows och Hurula under konceptet Let\u2019s Spend The Night Together.<\/p>\n<p>Veronica Maggios femte album &#8221;Den f\u00f6rsta \u00e4r alltid gratis&#8221; sl\u00e4pptes f\u00f6r ett \u00e5r sedan och inneh\u00f6ll bland annat de platinas\u00e4ljande singlarna &#8221;Den f\u00f6rsta \u00e4r alltid gratis&#8221;, &#8221;Vi mot v\u00e4rlden&#8221; och &#8221;Dom sa!\u201d. D\u00e4refter f\u00f6ljde en bejublad livesommar som kulminerade i en magisk spelning, f\u00f6r att fira sina 10 \u00e5r som artist, p\u00e5 Stockholm Stadion med \u00f6ver 20 000 fans i publiken. I oktober f\u00f6rra \u00e5ret gjorde Veronica Maggio \u00e4ven sin livedebut i USA, p\u00e5 festivalen Stockholm, CA i Los Angeles.<\/p>\n<p>Att Veronica Maggio \u00e4r Sveriges livedrottning \u00e4r ingen hemlighet, det h\u00e4r \u00e5ret inleddes med en uts\u00e5ld klubbturn\u00e9 i Norge och ikv\u00e4ll kickade den 20 kv\u00e4llar l\u00e5nga sommarturn\u00e9n ig\u00e5ng. Och f\u00f6r att avsluta den h\u00e4r sommaren p\u00e5 topp har Veronica best\u00e4mt sig f\u00f6r att g\u00f6ra fem unika kv\u00e4llar p\u00e5 Mosebacketerrassen i augusti. D\u00e4r kommer hon spela ett album, i sin helhet, per kv\u00e4ll samt bjuda p\u00e5 en \u00f6verraskning som varit med och gjort Veronica till den artist hon \u00e4r idag. 1+1 helt enkelt, och stort grattis alla music lovers!<\/p>\n<p><strong>Speldatum Veronica Maggio 1+1 p\u00e5 Mosebacketerrassen<\/strong><br \/>\n23 augusti \u2013 Live Vatten och Br\u00f6d + Surprise<br \/>\n24 augusti \u2013 Live Och vinnaren \u00e4r + Surprise<br \/>\n25 augusti \u2013 Live Satan i gatan + Surprise<br \/>\n26 augusti \u2013 Live Handen i fickan fast jag bryr mig + Surprise<br \/>\n27 augusti \u2013 Live Den f\u00f6rsta \u00e4r alltid gratis + Surprise<\/p>\n<p>Hemsida: <a href=\"http:\/\/www.veronicamaggio.se\">veronicamaggio.se<\/a><br \/>\nFacebook: <a href=\"http:\/\/www.facebook.com\/veronicamaggioofficial\">www.facebook.com\/veronicamaggioofficial<\/a><br \/>\nInstagram: @veronicamaggio<\/p>\n","protected":false},"excerpt":{"rendered":"<p>Veronica Maggio g\u00f6r fem spelningar p\u00e5 Mosebacketerrassen i augusti 2017. Ett pressmeddelande ber\u00e4ttar: Veronica Maggio har precis g\u00e5tt av scenen p\u00e5 Gr\u00f6na Lund d\u00e4r hon inledde sin sommarturn\u00e9 ikv\u00e4ll. Nu \u00e4r det klart att Veronica g\u00f6r ytterligare fem (!) spelningar i Stockholm i sommar, mellan den 23-27 augusti p\u00e5 Mosebacketerrassen. Det kommer bli fem ytterst [&hellip;]<\/p>\n","protected":false},"author":13,"featured_media":0,"comment_status":"open","ping_status":"open","sticky":false,"template":"","format":"standard","meta":{"_genesis_hide_title":false,"_genesis_hide_breadcrumbs":false,"_genesis_hide_singular_image":false,"_genesis_hide_footer_widgets":false,"_genesis_custom_body_class":"","_genesis_custom_post_class":"","_genesis_layout":"","footnotes":""},"categories":[7],"tags":[11220,6216],"class_list":{"0":"post-109673","1":"post","2":"type-post","3":"status-publish","4":"format-standard","6":"category-musik","7":"tag-mosebacketerrassen","8":"tag-veronica-maggio","9":"entry"},"_links":{"self":[{"href":"https:\/\/kulturbloggen.com\/index.php?rest_route=\/wp\/v2\/posts\/109673","targetHints":{"allow":["GET"]}}],"collection":[{"href":"https:\/\/kulturbloggen.com\/index.php?rest_route=\/wp\/v2\/posts"}],"about":[{"href":"https:\/\/kulturbloggen.com\/index.php?rest_route=\/wp\/v2\/types\/post"}],"author":[{"embeddable":true,"href":"https:\/\/kulturbloggen.com\/index.php?rest_route=\/wp\/v2\/users\/13"}],"replies":[{"embeddable":true,"href":"https:\/\/kulturbloggen.com\/index.php?rest_route=%2Fwp%2Fv2%2Fcomments&post=109673"}],"version-history":[{"count":1,"href":"https:\/\/kulturbloggen.com\/index.php?rest_route=\/wp\/v2\/posts\/109673\/revisions"}],"predecessor-version":[{"id":109675,"href":"https:\/\/kulturbloggen.com\/index.php?rest_route=\/wp\/v2\/posts\/109673\/revisions\/109675"}],"wp:attachment":[{"href":"https:\/\/kulturbloggen.com\/index.php?rest_route=%2Fwp%2Fv2%2Fmedia&parent=109673"}],"wp:term":[{"taxonomy":"category","embeddable":true,"href":"https:\/\/kulturbloggen.com\/index.php?rest_route=%2Fwp%2Fv2%2Fcategories&post=109673"},{"taxonomy":"post_tag","embeddable":true,"href":"https:\/\/kulturbloggen.com\/index.php?rest_route=%2Fwp%2Fv2%2Ftags&post=109673"}],"curies":[{"name":"wp","href":"https:\/\/api.w.org\/{rel}","templated":true}]}}