{"id":109605,"date":"2017-05-31T18:39:52","date_gmt":"2017-05-31T16:39:52","guid":{"rendered":"http:\/\/kulturbloggen.com\/?p=109605"},"modified":"2017-08-07T14:00:56","modified_gmt":"2017-08-07T12:00:56","slug":"filmrecension-galna-av-lycka-varm-rolig-absurd-och-tankevackande","status":"publish","type":"post","link":"https:\/\/kulturbloggen.com\/?p=109605","title":{"rendered":"Filmrecension: Galna av lycka &#8211; varm, rolig, absurd och tankev\u00e4ckande"},"content":{"rendered":"<p><a href=\"http:\/\/kulturbloggen.com\/wp-content\/uploads\/2017\/05\/galnaavlycka.jpg\"><img loading=\"lazy\" decoding=\"async\" class=\"aligncenter size-medium wp-image-109619\" src=\"http:\/\/kulturbloggen.com\/wp-content\/uploads\/2017\/05\/galnaavlycka-300x200.jpg\" alt=\"\" width=\"300\" height=\"200\" srcset=\"https:\/\/kulturbloggen.com\/wp-content\/uploads\/2017\/05\/galnaavlycka-300x200.jpg 300w, https:\/\/kulturbloggen.com\/wp-content\/uploads\/2017\/05\/galnaavlycka.jpg 506w\" sizes=\"auto, (max-width: 300px) 100vw, 300px\" \/><\/a><\/p>\n<p><strong>Galna av lycka<\/strong><br \/>\nBetyg 4<br \/>\nSvensk biopremi\u00e4r 9 juni 2017<br \/>\nOriginaltitel: La pazza gioia<br \/>\nRegi: Paolo Virz\u00ec<br \/>\nI rollerna: Valeria Bruni Tedeschi, Micaela Ramazzotti, Valentina Carnelutti<\/p>\n<p>En tankev\u00e4ckande film om att leva med en psykiatrisk sjukdom. En film som inte f\u00f6renklar och som v\u00e5gar f\u00f6rdjupa skildringen.<\/p>\n<p><a href=\"http:\/\/kulturbloggen.com\/wp-content\/uploads\/2017\/05\/galnaavlycka2.jpg\"><img loading=\"lazy\" decoding=\"async\" class=\"alignright size-medium wp-image-109620\" src=\"http:\/\/kulturbloggen.com\/wp-content\/uploads\/2017\/05\/galnaavlycka2-300x200.jpg\" alt=\"\" width=\"300\" height=\"200\" srcset=\"https:\/\/kulturbloggen.com\/wp-content\/uploads\/2017\/05\/galnaavlycka2-300x200.jpg 300w, https:\/\/kulturbloggen.com\/wp-content\/uploads\/2017\/05\/galnaavlycka2-768x512.jpg 768w, https:\/\/kulturbloggen.com\/wp-content\/uploads\/2017\/05\/galnaavlycka2-1024x683.jpg 1024w, https:\/\/kulturbloggen.com\/wp-content\/uploads\/2017\/05\/galnaavlycka2.jpg 2048w\" sizes=\"auto, (max-width: 300px) 100vw, 300px\" \/><\/a>Beatrice (spelas av fantastiska Valeria Bruni Tedeschi) \u00e4r tv\u00e5ngsinlagd p\u00e5 en psykiatrisk klinik, hon har sv\u00e5r bipol\u00e4r sjukdom och ingen sjukdomsinsikt alls och f\u00f6raktar \u00f6vriga patienter. En dag kommer den unga kvinnan Donatella (Micaela Ramazzotti) dit. Donatella \u00e4r en mer tillbakadragen och tystl\u00e5ten tjej som b\u00e4r p\u00e5 sin egen hemlighet. B\u00e4gge \u00e4r g\u00e4ster p\u00e5 samma mentalsjukhus i vackra Toscana och blir snart v\u00e4nner trots sina olikheter.<\/p>\n<p>Ett stort plus \u00e4r att s\u00e5v\u00e4l patienter och personalen skildras som m\u00e4nskliga och begripliga. Personalen \u00e4r engagerade.<\/p>\n<p>Av en slump f\u00e5r Beatrice och Donatella chansen att rymma. Det blir en f\u00e4rd utan lika. Eftersom Beatrice har en svada utan like och van vid att r\u00f6ra sig i \u00f6verklassen lyckas hon fixa in dem p\u00e5 lyxiga restauranger och det hamnar mitt i en filminspelning. Men verkligheten kommer \u00e4nd\u00e5 ikapp dem, de m\u00e5ste \u00e4nd\u00e5 en dag m\u00f6ta sina demoner.<\/p>\n<p><a href=\"http:\/\/kulturbloggen.com\/wp-content\/uploads\/2017\/05\/galnaavlycka3.jpg\"><img loading=\"lazy\" decoding=\"async\" class=\"alignright size-medium wp-image-109621\" src=\"http:\/\/kulturbloggen.com\/wp-content\/uploads\/2017\/05\/galnaavlycka3-300x200.jpg\" alt=\"\" width=\"300\" height=\"200\" srcset=\"https:\/\/kulturbloggen.com\/wp-content\/uploads\/2017\/05\/galnaavlycka3-300x200.jpg 300w, https:\/\/kulturbloggen.com\/wp-content\/uploads\/2017\/05\/galnaavlycka3-768x512.jpg 768w, https:\/\/kulturbloggen.com\/wp-content\/uploads\/2017\/05\/galnaavlycka3-1024x683.jpg 1024w, https:\/\/kulturbloggen.com\/wp-content\/uploads\/2017\/05\/galnaavlycka3.jpg 2048w\" sizes=\"auto, (max-width: 300px) 100vw, 300px\" \/><\/a>Fr\u00e5gor jag hoppas och tror att alla som ser filmen st\u00e4ller sig \u00e4r: Vem \u00e4r frisk och vem \u00e4r sjuk? Varf\u00f6r hamnar en del p\u00e5 en l\u00e5st avdelning medan andra f\u00e5r leva vidare i sina liv? Vem har makten att best\u00e4mma?<\/p>\n<p>Det \u00e4r sant att Beatrice helt klart har sv\u00e5r bipol\u00e4r sjukdom, men m\u00e5nga kan leva i samh\u00e4llet med r\u00e4tt medicinering och r\u00e4tt st\u00f6d. Donatella har en trasig bakgrund och lider av depressioner ibland: men det som skadat henne mest \u00e4r sveket fr\u00e5n m\u00e4nniskor.<\/p>\n<p>Galna av lycka \u00e4r en varm film, rolig, absurd och den st\u00e4ller viktiga fr\u00e5gor p\u00e5 sin spets.<\/p>\n<p><iframe loading=\"lazy\" width=\"450\" height=\"253\" src=\"https:\/\/www.youtube.com\/embed\/CqeNCa-7J_o?ecver=1\" frameborder=\"0\" allowfullscreen><\/iframe><\/p>\n","protected":false},"excerpt":{"rendered":"<p>Galna av lycka Betyg 4 Svensk biopremi\u00e4r 9 juni 2017 Originaltitel: La pazza gioia Regi: Paolo Virz\u00ec I rollerna: Valeria Bruni Tedeschi, Micaela Ramazzotti, Valentina Carnelutti En tankev\u00e4ckande film om att leva med en psykiatrisk sjukdom. En film som inte f\u00f6renklar och som v\u00e5gar f\u00f6rdjupa skildringen. Beatrice (spelas av fantastiska Valeria Bruni Tedeschi) \u00e4r tv\u00e5ngsinlagd [&hellip;]<\/p>\n","protected":false},"author":2,"featured_media":0,"comment_status":"open","ping_status":"open","sticky":false,"template":"","format":"standard","meta":{"_genesis_hide_title":false,"_genesis_hide_breadcrumbs":false,"_genesis_hide_singular_image":false,"_genesis_hide_footer_widgets":false,"_genesis_custom_body_class":"","_genesis_custom_post_class":"","_genesis_layout":"","footnotes":""},"categories":[50,51,16,20],"tags":[],"class_list":{"0":"post-109605","1":"post","2":"type-post","3":"status-publish","4":"format-standard","6":"category-filmfilm","7":"category-filmer","8":"category-recension","9":"category-film","10":"entry"},"_links":{"self":[{"href":"https:\/\/kulturbloggen.com\/index.php?rest_route=\/wp\/v2\/posts\/109605","targetHints":{"allow":["GET"]}}],"collection":[{"href":"https:\/\/kulturbloggen.com\/index.php?rest_route=\/wp\/v2\/posts"}],"about":[{"href":"https:\/\/kulturbloggen.com\/index.php?rest_route=\/wp\/v2\/types\/post"}],"author":[{"embeddable":true,"href":"https:\/\/kulturbloggen.com\/index.php?rest_route=\/wp\/v2\/users\/2"}],"replies":[{"embeddable":true,"href":"https:\/\/kulturbloggen.com\/index.php?rest_route=%2Fwp%2Fv2%2Fcomments&post=109605"}],"version-history":[{"count":2,"href":"https:\/\/kulturbloggen.com\/index.php?rest_route=\/wp\/v2\/posts\/109605\/revisions"}],"predecessor-version":[{"id":109622,"href":"https:\/\/kulturbloggen.com\/index.php?rest_route=\/wp\/v2\/posts\/109605\/revisions\/109622"}],"wp:attachment":[{"href":"https:\/\/kulturbloggen.com\/index.php?rest_route=%2Fwp%2Fv2%2Fmedia&parent=109605"}],"wp:term":[{"taxonomy":"category","embeddable":true,"href":"https:\/\/kulturbloggen.com\/index.php?rest_route=%2Fwp%2Fv2%2Fcategories&post=109605"},{"taxonomy":"post_tag","embeddable":true,"href":"https:\/\/kulturbloggen.com\/index.php?rest_route=%2Fwp%2Fv2%2Ftags&post=109605"}],"curies":[{"name":"wp","href":"https:\/\/api.w.org\/{rel}","templated":true}]}}