{"id":10947,"date":"2009-07-09T18:42:29","date_gmt":"2009-07-09T16:42:29","guid":{"rendered":"http:\/\/kulturbloggen.com\/?p=10947"},"modified":"2009-07-09T18:42:29","modified_gmt":"2009-07-09T16:42:29","slug":"smatt-ironiskt-britney-spears-agare-kraver-att-fa-gratis-anvanda-fotografernas-bilder-fran-stockholmskonserten","status":"publish","type":"post","link":"https:\/\/kulturbloggen.com\/?p=10947","title":{"rendered":"Sm\u00e5tt ironiskt: Britney Spears \u00e4gare kr\u00e4ver att f\u00e5 gratis anv\u00e4nda fotografernas bilder fr\u00e5n Stockholmskonserten"},"content":{"rendered":"<p><a href=\"http:\/\/sodergren.com\/kulturbloggen\/wp-content\/uploads\/2008\/09\/britney-spears-poster.jpg\"><img loading=\"lazy\" decoding=\"async\" src=\"http:\/\/sodergren.com\/kulturbloggen\/wp-content\/uploads\/2008\/09\/britney-spears-poster-300x231.jpg\" alt=\"britney-spears-poster\" title=\"britney-spears-poster\" width=\"300\" height=\"231\" class=\"aligncenter size-medium wp-image-1648\" \/><\/a><br \/>\nV\u00e5gar medierna bojkotta Britney Spears? Svenska fotografer hotar med att bojkotta Britney Spears konsert i Stockholm. Anledning. Britney Spears upphovsr\u00e4tts\u00e4gare kr\u00e4ver att fotograferna ska skriva under ett avtal som ger Britney Spearsf\u00f6retaget r\u00e4tt att fritt och gratis anv\u00e4nda fotografernas bilder fr\u00e5n konserten.<\/p>\n<p><a href=\"http:\/\/www.dn.se\/kultur-noje\/musik\/bojkott-av-britney-spears-1.908112\">Dagens Nyheter<\/a>:<\/p>\n<blockquote><p>Kontraktet som Britney Spears konsertarrang\u00f6r kr\u00e4ver att DN och andra medief\u00f6retag ska skriva p\u00e5 f\u00f6r att f\u00e5 ta bilder p\u00e5 konserten \u00e4r mycket l\u00e5ngtg\u00e5ende. Bland annat inneh\u00e5ller det att inga bilder fr\u00e5n konserten publiceras efter 30 dagar, att inga bilder vidaref\u00f6rs\u00e4ljs, att bilder som arrang\u00f6ren anser vara kr\u00e4nkande f\u00f6r artisten inte f\u00e5r publiceras \u2013 och att Spears r\u00e4ttighetsinnehavare f\u00e5r \u00e4gander\u00e4tt till bilder som faller dem i smaken.<\/p><\/blockquote>\n<p>Det \u00e4r som en slags kannibalism mellan upphovsr\u00e4ttsindustrins olika parter. Svenska medief\u00f6retag kr\u00e4ver sj\u00e4lv upphovsr\u00e4tt f\u00f6r sina bilder och det har ju till och med h\u00e4nt att de kr\u00e4vt ers\u00e4ttning fr\u00e5n bloggare som anv\u00e4nt bilderna.<\/p>\n<p>Men det \u00e4r f\u00f6rst\u00e5s r\u00e4tt idiotiskt av Britney Spears-f\u00f6retaget att st\u00e4lla saken till sin spets och vara s\u00e5 girig. Skulle svenska medier bojkotta konserten \u00e4r det inte bra f\u00f6r Britneys image. Och k\u00e4ndisar \u00e4r beroende av uppm\u00e4rksamheten i medier. Samtidigt vet jag inte om jag tror p\u00e5 att de traditionella medierna kommer att bojkotta p\u00e5 allvar. T\u00e4nk var m\u00e5nga l\u00e4sare som de missar, t\u00e4nk vad m\u00e5nga klick de f\u00f6rlorar p\u00e5 sina sajter. Britney Spears \u00e4r trots allt ett av de mest klickade orden p\u00e5 webben.<\/p>\n<p><a href=\"http:\/\/sydsvenskan.se\/kultur-och-nojen\/article487283\/Svenska-tidningar-bojkottar-Britney-Spears.html\">Sydsvenskan tar ocks\u00e5 upp det.<\/a><\/p>\n<p>L\u00e4s \u00e4ven andra bloggares \u00e5sikter om <a href=\"http:\/\/bloggar.se\/om\/bilder\" rel=\"tag\">bilder<\/a>, <a href=\"http:\/\/bloggar.se\/om\/bojkott\" rel=\"tag\">bojkott<\/a>, <a href=\"http:\/\/bloggar.se\/om\/medier\" rel=\"tag\">medier<\/a>, <a href=\"http:\/\/bloggar.se\/om\/k%E4ndisar\" rel=\"tag\">k\u00e4ndisar<\/a>, <a href=\"http:\/\/bloggar.se\/om\/konserter\" rel=\"tag\">konserter<\/a>, <a href=\"http:\/\/bloggar.se\/om\/Britney+Spears\" rel=\"tag\">Britney Spears<\/a><\/p>\n","protected":false},"excerpt":{"rendered":"<p>V\u00e5gar medierna bojkotta Britney Spears? Svenska fotografer hotar med att bojkotta Britney Spears konsert i Stockholm. Anledning. Britney Spears upphovsr\u00e4tts\u00e4gare kr\u00e4ver att fotograferna ska skriva under ett avtal som ger Britney Spearsf\u00f6retaget r\u00e4tt att fritt och gratis anv\u00e4nda fotografernas bilder fr\u00e5n konserten. Dagens Nyheter: Kontraktet som Britney Spears konsertarrang\u00f6r kr\u00e4ver att DN och andra medief\u00f6retag [&hellip;]<\/p>\n","protected":false},"author":2,"featured_media":0,"comment_status":"open","ping_status":"open","sticky":false,"template":"","format":"standard","meta":{"_genesis_hide_title":false,"_genesis_hide_breadcrumbs":false,"_genesis_hide_singular_image":false,"_genesis_hide_footer_widgets":false,"_genesis_custom_body_class":"","_genesis_custom_post_class":"","_genesis_layout":"","footnotes":""},"categories":[62],"tags":[636,771,3171,3004,3582],"class_list":{"0":"post-10947","1":"post","2":"type-post","3":"status-publish","4":"format-standard","6":"category-medie-och-kulturpolitik","7":"tag-bilder","8":"tag-bojkott","9":"tag-kandisar","10":"tag-konserter","11":"tag-medier","12":"entry"},"_links":{"self":[{"href":"https:\/\/kulturbloggen.com\/index.php?rest_route=\/wp\/v2\/posts\/10947","targetHints":{"allow":["GET"]}}],"collection":[{"href":"https:\/\/kulturbloggen.com\/index.php?rest_route=\/wp\/v2\/posts"}],"about":[{"href":"https:\/\/kulturbloggen.com\/index.php?rest_route=\/wp\/v2\/types\/post"}],"author":[{"embeddable":true,"href":"https:\/\/kulturbloggen.com\/index.php?rest_route=\/wp\/v2\/users\/2"}],"replies":[{"embeddable":true,"href":"https:\/\/kulturbloggen.com\/index.php?rest_route=%2Fwp%2Fv2%2Fcomments&post=10947"}],"version-history":[{"count":0,"href":"https:\/\/kulturbloggen.com\/index.php?rest_route=\/wp\/v2\/posts\/10947\/revisions"}],"wp:attachment":[{"href":"https:\/\/kulturbloggen.com\/index.php?rest_route=%2Fwp%2Fv2%2Fmedia&parent=10947"}],"wp:term":[{"taxonomy":"category","embeddable":true,"href":"https:\/\/kulturbloggen.com\/index.php?rest_route=%2Fwp%2Fv2%2Fcategories&post=10947"},{"taxonomy":"post_tag","embeddable":true,"href":"https:\/\/kulturbloggen.com\/index.php?rest_route=%2Fwp%2Fv2%2Ftags&post=10947"}],"curies":[{"name":"wp","href":"https:\/\/api.w.org\/{rel}","templated":true}]}}