{"id":109341,"date":"2017-05-18T12:44:48","date_gmt":"2017-05-18T11:44:48","guid":{"rendered":"http:\/\/kulturbloggen.com\/?p=109341"},"modified":"2017-05-18T12:44:48","modified_gmt":"2017-05-18T11:44:48","slug":"parkteatern-fyller-75-ar-stor-fodelsedagskvall-i-vitabergsparken-och-fullspackat-jubileumsprogram","status":"publish","type":"post","link":"https:\/\/kulturbloggen.com\/?p=109341","title":{"rendered":"Parkteatern fyller 75 \u00e5r &#8211; Stor F\u00f6delsedagskv\u00e4ll i Vitabergsparken och fullsp\u00e4ckat jubileumsprogram"},"content":{"rendered":"<p><figure id=\"attachment_109342\" aria-describedby=\"caption-attachment-109342\" style=\"width: 300px\" class=\"wp-caption aligncenter\"><a href=\"http:\/\/kulturbloggen.com\/wp-content\/uploads\/2017\/05\/parkteatern.jpg\"><img loading=\"lazy\" decoding=\"async\" src=\"http:\/\/kulturbloggen.com\/wp-content\/uploads\/2017\/05\/parkteatern-300x191.jpg\" alt=\"\" width=\"300\" height=\"191\" class=\"size-medium wp-image-109342\" srcset=\"https:\/\/kulturbloggen.com\/wp-content\/uploads\/2017\/05\/parkteatern-300x191.jpg 300w, https:\/\/kulturbloggen.com\/wp-content\/uploads\/2017\/05\/parkteatern-768x488.jpg 768w, https:\/\/kulturbloggen.com\/wp-content\/uploads\/2017\/05\/parkteatern-1024x651.jpg 1024w\" sizes=\"auto, (max-width: 300px) 100vw, 300px\" \/><\/a><figcaption id=\"caption-attachment-109342\" class=\"wp-caption-text\">Bollywoodopera &#8211; Foto: Anette Persson<\/figcaption><\/figure><br \/>\nParkteatern i Stockholm fyller 75 \u00e5r ii sommar och detta firas med en stor f\u00f6delsedagskv\u00e4ll i Vitabergsparken och ett fullsp\u00e4ckat jubileumsprogram.<\/p>\n<p>Ett pressmeddelande ber\u00e4ttar:<br \/>\nDen 11 juni 1942 h\u00e4ngde det regn i luften. Trots det samlades en stor och nyfiken publik i den lilla parkanl\u00e4ggningen Junot\u00e4ppan i Gamla Stan f\u00f6r att ta del av Stockholmskv\u00e4ll, en afton fylld av musik och text med anknytning till staden. Succ\u00e9n var ett faktum och embryot till Parkteatern var f\u00f6tt!<\/p>\n<p>Nu 75 \u00e5r senare knyter vi an till historien med  Stockholm! &#8211; staden som v\u00e4xer, en musikalisk resa i ord och ton med Mattias Enn, Ayla Kabaca och kapellm\u00e4stare Carina E Nilssons orkester.<\/p>\n<p>&#8211; Sj\u00e4lva f\u00f6delsedagen firar vi s\u00f6ndagen 11 juni med en jubileumskv\u00e4ll d\u00e4r gamla v\u00e4nner som Cullbergbaletten och Monica Nilsen med flera g\u00e4star oss i Vitabergsparken. Det blir alls\u00e5ng, popcorn och hurrarop hela kv\u00e4llen! S\u00e4ger Sissela Kyle, konstn\u00e4rlig chef.<\/p>\n<p><figure id=\"attachment_109343\" aria-describedby=\"caption-attachment-109343\" style=\"width: 300px\" class=\"wp-caption alignright\"><a href=\"http:\/\/kulturbloggen.com\/wp-content\/uploads\/2017\/05\/parkteatern2.jpg\"><img loading=\"lazy\" decoding=\"async\" src=\"http:\/\/kulturbloggen.com\/wp-content\/uploads\/2017\/05\/parkteatern2-300x155.jpg\" alt=\"\" width=\"300\" height=\"155\" class=\"size-medium wp-image-109343\" srcset=\"https:\/\/kulturbloggen.com\/wp-content\/uploads\/2017\/05\/parkteatern2-300x155.jpg 300w, https:\/\/kulturbloggen.com\/wp-content\/uploads\/2017\/05\/parkteatern2-768x396.jpg 768w, https:\/\/kulturbloggen.com\/wp-content\/uploads\/2017\/05\/parkteatern2-1024x528.jpg 1024w, https:\/\/kulturbloggen.com\/wp-content\/uploads\/2017\/05\/parkteatern2.jpg 2047w\" sizes=\"auto, (max-width: 300px) 100vw, 300px\" \/><\/a><figcaption id=\"caption-attachment-109343\" class=\"wp-caption-text\">Parkteatern &#8211; A Midsummer nights dream &#8211; foto: Jeff van de Zandt<\/figcaption><\/figure>Under v\u00e5r stora turn\u00e9 l\u00e5ter vi s\u00e5 mycket som tre f\u00f6rest\u00e4llningar spela p\u00e5 varje plats &#8211; en liten repertoarteater som erbjuder en bredd f\u00f6r publiken i de olika omr\u00e5dena. En engelskspr\u00e5kig version av Shakespeares A Midsummer Night\u00b4s Dream  och BollywoodOpera fr\u00e5n Botkyrka alternerar p\u00e5 v\u00e5ra stora spelplatser tillsammans med Stockholm! \u2013 staden som v\u00e4xer. Stora turn\u00e9n avslutas med att uppm\u00e4rksamma att Finland fyller hundra \u00e5r.  Norrdans ger f\u00f6rest\u00e4llningen Sju g\u00e5nger sju baserat p\u00e5 nationaleposet Sju br\u00f6der och Arja Saijonmaa bjuder p\u00e5 en konsert.<\/p>\n<p>F\u00f6r 100 \u00e5r sedan rasade ett potatisuppror p\u00e5 S\u00f6dermalm. Dessa hungerkravaller uppm\u00e4rksammas i pj\u00e4sen Potatisrevolt\u00f6rerna av Magnus Lindman i regi av Agneta Ehrensv\u00e4rd. En uppf\u00f6ljning av Unga Dramatens Potatisrebellerna fr\u00e5n 2015.<\/p>\n<p>Parkleken som funnits som ett permanent inslag i staden sedan 1937 firar 80 \u00e5r i \u00e5r. P\u00e5 parklekar har teater i olika former alltid funnits och Parkteatern har dem som \u00e5terkommande spelplatser. Med s\u00e4rskild inriktning p\u00e5 ytterstaden turnerar vi med Sikelej, sa kamelen,  Marionetteaterns f\u00f6rest\u00e4llningar och den om\u00e5ttligt popul\u00e4ra barnfavoriten Clownen Manne.<\/p>\n<p>Dans- och konsertm\u00e5nad best\u00e5r sedvanligt av sp\u00e4ckade veckor i Vitabergsparken. Med bland annat Fasching som firar 40 \u00e5r, Babben som g\u00f6r Parkteaterpremi\u00e4r, kritikerrosade Britney, Pettson samt Findus med Bl\u00e5sarsymfonikerna.<\/p>\n<p>Dessutom h\u00e5lls det  Holger Blom-promenader p\u00e5 Norr m\u00e4larstrand d\u00e4r man f\u00e5r veta mer om mannen som inte bara skapade Parkteatern utan som ocks\u00e5 satte sin pr\u00e4gel p\u00e5 mycket av det vi f\u00f6rknippar med Stockholm.<br \/>\nHela sommaren \u2013 hela Stockholm \u2013 <strong>alltid fri entr\u00e9!<\/strong><\/p>\n","protected":false},"excerpt":{"rendered":"<p>Parkteatern i Stockholm fyller 75 \u00e5r ii sommar och detta firas med en stor f\u00f6delsedagskv\u00e4ll i Vitabergsparken och ett fullsp\u00e4ckat jubileumsprogram. Ett pressmeddelande ber\u00e4ttar: Den 11 juni 1942 h\u00e4ngde det regn i luften. Trots det samlades en stor och nyfiken publik i den lilla parkanl\u00e4ggningen Junot\u00e4ppan i Gamla Stan f\u00f6r att ta del av Stockholmskv\u00e4ll, [&hellip;]<\/p>\n","protected":false},"author":13,"featured_media":0,"comment_status":"open","ping_status":"open","sticky":false,"template":"","format":"standard","meta":{"_genesis_hide_title":false,"_genesis_hide_breadcrumbs":false,"_genesis_hide_singular_image":false,"_genesis_hide_footer_widgets":false,"_genesis_custom_body_class":"","_genesis_custom_post_class":"","_genesis_layout":"","footnotes":""},"categories":[20,30],"tags":[4262,4955,6267],"class_list":{"0":"post-109341","1":"post","2":"type-post","3":"status-publish","4":"format-standard","6":"category-film","7":"category-teater","8":"tag-parkteatern","9":"tag-scenkonst","10":"tag-vitabergsparken","11":"entry"},"_links":{"self":[{"href":"https:\/\/kulturbloggen.com\/index.php?rest_route=\/wp\/v2\/posts\/109341","targetHints":{"allow":["GET"]}}],"collection":[{"href":"https:\/\/kulturbloggen.com\/index.php?rest_route=\/wp\/v2\/posts"}],"about":[{"href":"https:\/\/kulturbloggen.com\/index.php?rest_route=\/wp\/v2\/types\/post"}],"author":[{"embeddable":true,"href":"https:\/\/kulturbloggen.com\/index.php?rest_route=\/wp\/v2\/users\/13"}],"replies":[{"embeddable":true,"href":"https:\/\/kulturbloggen.com\/index.php?rest_route=%2Fwp%2Fv2%2Fcomments&post=109341"}],"version-history":[{"count":1,"href":"https:\/\/kulturbloggen.com\/index.php?rest_route=\/wp\/v2\/posts\/109341\/revisions"}],"predecessor-version":[{"id":109344,"href":"https:\/\/kulturbloggen.com\/index.php?rest_route=\/wp\/v2\/posts\/109341\/revisions\/109344"}],"wp:attachment":[{"href":"https:\/\/kulturbloggen.com\/index.php?rest_route=%2Fwp%2Fv2%2Fmedia&parent=109341"}],"wp:term":[{"taxonomy":"category","embeddable":true,"href":"https:\/\/kulturbloggen.com\/index.php?rest_route=%2Fwp%2Fv2%2Fcategories&post=109341"},{"taxonomy":"post_tag","embeddable":true,"href":"https:\/\/kulturbloggen.com\/index.php?rest_route=%2Fwp%2Fv2%2Ftags&post=109341"}],"curies":[{"name":"wp","href":"https:\/\/api.w.org\/{rel}","templated":true}]}}