{"id":10880,"date":"2009-07-08T10:25:40","date_gmt":"2009-07-08T08:25:40","guid":{"rendered":"http:\/\/kulturbloggen.com\/?p=10880"},"modified":"2009-07-08T10:25:40","modified_gmt":"2009-07-08T08:25:40","slug":"kulturfyran-sommarlasningen-och-sommarlyssningen","status":"publish","type":"post","link":"https:\/\/kulturbloggen.com\/?p=10880","title":{"rendered":"Kulturfyran: sommarl\u00e4sningen och sommarlyssningen"},"content":{"rendered":"<p><a href=\"http:\/\/sodergren.com\/kulturbloggen\/wp-content\/uploads\/2009\/07\/borderdaniel_logga.gif\"><img loading=\"lazy\" decoding=\"async\" src=\"http:\/\/sodergren.com\/kulturbloggen\/wp-content\/uploads\/2009\/07\/borderdaniel_logga-300x171.gif\" alt=\"borderdaniel_logga\" title=\"borderdaniel_logga\" width=\"300\" height=\"171\" class=\"aligncenter size-medium wp-image-10885\" \/><\/a><br \/>\nNu \u00e4r vi mitt i sommarm\u00e5naden juli. M\u00e5nga \u00e4r s\u00e4kert lediga d\u00e5. Och hinner l\u00e4sa och lyssna p\u00e5 musik och annat somrigt. S\u00e5, en riktig sommarfyra:<\/p>\n<p>1. Vad l\u00e4ser du just nu?<br \/>\n2. Vilken \u00e4r n\u00e4sta bok du ska l\u00e4sa?<br \/>\n3 Vilken l\u00e5t lyssnar du mest p\u00e5 nu?<br \/>\n4. Har du sett n\u00e5gon film i sommar?<\/p>\n<p>Gl\u00f6m nu inte att l\u00e4mna l\u00e4nken till ditt svar h\u00e4r i en kommentar. Om du dessutom <a href=\"http:\/\/nyligen.se\/pinga.php\">pingar nyligen <\/a>hamnar ditt inl\u00e4gg i blogglistan som ligger precis \u00f6ver kommentarsf\u00e4ltet. Det \u00e4r bra eftersom jag inte sitter vid datorn j\u00e4mt och alla kommentarer modereras innan de kommer ut. Men om du <a href=\"http:\/\/nyligen.se\/pinga.php\">pingar nyligen <\/a>syns din l\u00e4nk snabbare.<\/p>\n<p>Att pinga nyligen \u00e4r j\u00e4ttel\u00e4tt, <a href=\"http:\/\/nyligen.se\/pinga.php\">klicka p\u00e5 l\u00e4nken h\u00e4r<\/a> och fyll bara i din bloggs adress i formul\u00e4ret som finns lite l\u00e4ngre ned p\u00e5 sidan som visas.<\/p>\n<p>L\u00e4s \u00e4ven andra bloggares \u00e5sikter om <a href=\"http:\/\/bloggar.se\/om\/kulturfyran\" rel=\"tag\">kulturfyran<\/a>, <a href=\"http:\/\/bloggar.se\/om\/b%F6cker\" rel=\"tag\">b\u00f6cker<\/a>, <a href=\"http:\/\/bloggar.se\/om\/filmer\" rel=\"tag\">filmer<\/a>, <a href=\"http:\/\/bloggar.se\/om\/sommar\" rel=\"tag\">sommar<\/a><\/p>\n","protected":false},"excerpt":{"rendered":"<p>Nu \u00e4r vi mitt i sommarm\u00e5naden juli. M\u00e5nga \u00e4r s\u00e4kert lediga d\u00e5. Och hinner l\u00e4sa och lyssna p\u00e5 musik och annat somrigt. S\u00e5, en riktig sommarfyra: 1. Vad l\u00e4ser du just nu? 2. Vilken \u00e4r n\u00e4sta bok du ska l\u00e4sa? 3 Vilken l\u00e5t lyssnar du mest p\u00e5 nu? 4. Har du sett n\u00e5gon film i [&hellip;]<\/p>\n","protected":false},"author":13,"featured_media":0,"comment_status":"open","ping_status":"open","sticky":false,"template":"","format":"standard","meta":{"_genesis_hide_title":false,"_genesis_hide_breadcrumbs":false,"_genesis_hide_singular_image":false,"_genesis_hide_footer_widgets":false,"_genesis_custom_body_class":"","_genesis_custom_post_class":"","_genesis_layout":"","footnotes":""},"categories":[20],"tags":[907,12291,3095,5257],"class_list":["post-10880","post","type-post","status-publish","format-standard","category-film","tag-bocker","tag-filmer","tag-kulturfyran","tag-sommar","entry"],"_links":{"self":[{"href":"https:\/\/kulturbloggen.com\/index.php?rest_route=\/wp\/v2\/posts\/10880","targetHints":{"allow":["GET"]}}],"collection":[{"href":"https:\/\/kulturbloggen.com\/index.php?rest_route=\/wp\/v2\/posts"}],"about":[{"href":"https:\/\/kulturbloggen.com\/index.php?rest_route=\/wp\/v2\/types\/post"}],"author":[{"embeddable":true,"href":"https:\/\/kulturbloggen.com\/index.php?rest_route=\/wp\/v2\/users\/13"}],"replies":[{"embeddable":true,"href":"https:\/\/kulturbloggen.com\/index.php?rest_route=%2Fwp%2Fv2%2Fcomments&post=10880"}],"version-history":[{"count":0,"href":"https:\/\/kulturbloggen.com\/index.php?rest_route=\/wp\/v2\/posts\/10880\/revisions"}],"wp:attachment":[{"href":"https:\/\/kulturbloggen.com\/index.php?rest_route=%2Fwp%2Fv2%2Fmedia&parent=10880"}],"wp:term":[{"taxonomy":"category","embeddable":true,"href":"https:\/\/kulturbloggen.com\/index.php?rest_route=%2Fwp%2Fv2%2Fcategories&post=10880"},{"taxonomy":"post_tag","embeddable":true,"href":"https:\/\/kulturbloggen.com\/index.php?rest_route=%2Fwp%2Fv2%2Ftags&post=10880"}],"curies":[{"name":"wp","href":"https:\/\/api.w.org\/{rel}","templated":true}]}}