{"id":108532,"date":"2017-04-05T17:56:29","date_gmt":"2017-04-05T16:56:29","guid":{"rendered":"http:\/\/kulturbloggen.com\/?p=108532"},"modified":"2017-04-05T17:56:29","modified_gmt":"2017-04-05T16:56:29","slug":"fleet-foxes-till-sverige","status":"publish","type":"post","link":"https:\/\/kulturbloggen.com\/?p=108532","title":{"rendered":"Fleet Foxes till Sverige"},"content":{"rendered":"<p><a href=\"http:\/\/kulturbloggen.com\/wp-content\/uploads\/2017\/04\/fleetfoxes.jpg\"><img loading=\"lazy\" decoding=\"async\" src=\"http:\/\/kulturbloggen.com\/wp-content\/uploads\/2017\/04\/fleetfoxes-297x300.jpg\" alt=\"\" width=\"297\" height=\"300\" class=\"aligncenter size-medium wp-image-108533\" srcset=\"https:\/\/kulturbloggen.com\/wp-content\/uploads\/2017\/04\/fleetfoxes-297x300.jpg 297w, https:\/\/kulturbloggen.com\/wp-content\/uploads\/2017\/04\/fleetfoxes-768x776.jpg 768w, https:\/\/kulturbloggen.com\/wp-content\/uploads\/2017\/04\/fleetfoxes-1014x1024.jpg 1014w, https:\/\/kulturbloggen.com\/wp-content\/uploads\/2017\/04\/fleetfoxes.jpg 1188w\" sizes=\"auto, (max-width: 297px) 100vw, 297px\" \/><\/a><\/p>\n<p>Fleet Foxes kommer till Sverige 3 december 2017, till Stockholm, Annexet.<\/p>\n<p>Ett pressmeddelande:<br \/>\nMed sakrala ljudbilder som lyfts upp av en gyllene st\u00e4ms\u00e5ng spelade sig Fleet Foxes in i v\u00e5ra liv under slutet av 00-talet. Om det var den sammanfl\u00e4tade s\u00e5ngen, de finst\u00e4mda akustiska gitarrerna eller l\u00e5tarna i sig som fick oss p\u00e5 fall g\u00e5r inte att s\u00e4ga \u2013 men f\u00f6ll pladask, det gjorde vi. Efter en tids fr\u00e5nvaro fr\u00e5n scenerna blev det tidigare i \u00e5r klart att Fleet Foxes kommer att g\u00f6ra en storartad \u00e5terkomst med b\u00e5de nytt album och v\u00e4rldsturn\u00e9 i \u00e5r. Den 16 juni sl\u00e4pper Fleet Foxes sitt tredje studioalbum \u201dCrack-Up\u201d, vilket blir deras f\u00f6rsta nya album p\u00e5 hela sex \u00e5r. Med den nio minuter l\u00e5nga f\u00f6rstasingeln \u201dThird of May \/ \u014cdaigahara\u201d i hand g\u00e5r det \u00e4ven att konstatera att det mycket v\u00e4l kan bli deras b\u00e4sta. Nu har vi den stora \u00e4ran att meddela att Fleet Foxes kommer till Sverige f\u00f6r en spelning p\u00e5 Annexet i Stockholm den 3 december. <\/p>\n<p>Fleet Foxes bildades i Seattle \u00e5r 2006 av v\u00e4nnerna Robin Pecknold och Skyler Skjelset, men kom snabbt till att bli ett fullt band. Rollen som huvudsaklig l\u00e5tskrivare och frontperson tog Pecknold p\u00e5 sig, och bandet har i m\u00e5ngt och mycket kommit att f\u00f6rknippas med Pecknolds spr\u00f6da r\u00f6st och fina arrangemang. N\u00e4ra ett decennium sedan debuten sl\u00e4pper Fleet Foxes nu allts\u00e5 ett nytt album, som enligt Robin Pecknold sj\u00e4lv tar vid d\u00e4r progressiva \u201dHelplessness Blues\u201d slutar. N\u00e4r bandet landar p\u00e5 svensk mark i december kan \u201dCrack-Up\u201d med st\u00f6rsta sannolikhet vara en favorit som f\u00f6rgyllt b\u00e5de sena sommarn\u00e4tter och kyliga h\u00f6stdagar.<\/p>\n","protected":false},"excerpt":{"rendered":"<p>Fleet Foxes kommer till Sverige 3 december 2017, till Stockholm, Annexet. Ett pressmeddelande: Med sakrala ljudbilder som lyfts upp av en gyllene st\u00e4ms\u00e5ng spelade sig Fleet Foxes in i v\u00e5ra liv under slutet av 00-talet. Om det var den sammanfl\u00e4tade s\u00e5ngen, de finst\u00e4mda akustiska gitarrerna eller l\u00e5tarna i sig som fick oss p\u00e5 fall g\u00e5r [&hellip;]<\/p>\n","protected":false},"author":13,"featured_media":0,"comment_status":"open","ping_status":"open","sticky":false,"template":"","format":"standard","meta":{"_genesis_hide_title":false,"_genesis_hide_breadcrumbs":false,"_genesis_hide_singular_image":false,"_genesis_hide_footer_widgets":false,"_genesis_custom_body_class":"","_genesis_custom_post_class":"","_genesis_layout":"","footnotes":""},"categories":[7],"tags":[1774],"class_list":["post-108532","post","type-post","status-publish","format-standard","category-musik","tag-fleet-foxes","entry"],"_links":{"self":[{"href":"https:\/\/kulturbloggen.com\/index.php?rest_route=\/wp\/v2\/posts\/108532","targetHints":{"allow":["GET"]}}],"collection":[{"href":"https:\/\/kulturbloggen.com\/index.php?rest_route=\/wp\/v2\/posts"}],"about":[{"href":"https:\/\/kulturbloggen.com\/index.php?rest_route=\/wp\/v2\/types\/post"}],"author":[{"embeddable":true,"href":"https:\/\/kulturbloggen.com\/index.php?rest_route=\/wp\/v2\/users\/13"}],"replies":[{"embeddable":true,"href":"https:\/\/kulturbloggen.com\/index.php?rest_route=%2Fwp%2Fv2%2Fcomments&post=108532"}],"version-history":[{"count":1,"href":"https:\/\/kulturbloggen.com\/index.php?rest_route=\/wp\/v2\/posts\/108532\/revisions"}],"predecessor-version":[{"id":108534,"href":"https:\/\/kulturbloggen.com\/index.php?rest_route=\/wp\/v2\/posts\/108532\/revisions\/108534"}],"wp:attachment":[{"href":"https:\/\/kulturbloggen.com\/index.php?rest_route=%2Fwp%2Fv2%2Fmedia&parent=108532"}],"wp:term":[{"taxonomy":"category","embeddable":true,"href":"https:\/\/kulturbloggen.com\/index.php?rest_route=%2Fwp%2Fv2%2Fcategories&post=108532"},{"taxonomy":"post_tag","embeddable":true,"href":"https:\/\/kulturbloggen.com\/index.php?rest_route=%2Fwp%2Fv2%2Ftags&post=108532"}],"curies":[{"name":"wp","href":"https:\/\/api.w.org\/{rel}","templated":true}]}}