{"id":10845,"date":"2009-07-05T21:28:58","date_gmt":"2009-07-05T19:28:58","guid":{"rendered":"http:\/\/kulturbloggen.com\/?p=10845"},"modified":"2009-07-05T21:28:58","modified_gmt":"2009-07-05T19:28:58","slug":"arvikafestivalen-2009-sammanfattning","status":"publish","type":"post","link":"https:\/\/kulturbloggen.com\/?p=10845","title":{"rendered":"Arvikafestivalen 2009: sammanfattning"},"content":{"rendered":"<p><a href=\"http:\/\/sodergren.com\/kulturbloggen\/wp-content\/uploads\/2009\/07\/arvikafestivalen.jpg\"><img loading=\"lazy\" decoding=\"async\" src=\"http:\/\/sodergren.com\/kulturbloggen\/wp-content\/uploads\/2009\/07\/arvikafestivalen-202x300.jpg\" alt=\"arvikafestivalen\" title=\"arvikafestivalen\" width=\"202\" height=\"300\" class=\"aligncenter size-medium wp-image-10847\" \/><\/a><br \/>\n\u00c5rets upplaga av Arvikafestivalen kan sammanfattas med: riktigt bra blandning av artister och genrer, musikaliskt ov\u00e4ntade h\u00f6jdare samt <a href=\"http:\/\/kulturbloggen.com\/?p=10793\">riktiga magplask<\/a> och trivsamt p\u00e5 det stora hela. Fr\u00e5n en \u00e4nnu oduschad, musikstinn uts\u00e4nd f\u00e5r ni festivalens tre h\u00f6jdare:<\/p>\n<p> F\u00f6r det f\u00f6rsta: en anekdot. Jag testade sjukstugan p\u00e5 fredagseftermiddagen. Skavs\u00e5r p\u00e5 g. D\u00e4r var allt lugnt. Personalen var snabba, v\u00e4nliga och ber\u00e4ttade att cirka 90% av alla som kom dit hade bl\u00e5sor och skavs\u00e5r. Allts\u00e5 \u2013 tejpa dig v\u00e4l innan du drar p\u00e5 festivalpjucksen. <\/p>\n<p>R\u00e4tt som det \u00e4r kommer det in en kvinna med en trasmatta under armen och undrar om det finns v\u00e5tservetter att l\u00e5na. Hennes uppdrag: att inreda en bajamaja till medlemmarna i Depeche Mode. Jag h\u00f6gg tag i henne utanf\u00f6r och undrade om det var sant. Jepp, det var det. Hon l\u00e5nade ihop saker fr\u00e5n olika st\u00e4llen p\u00e5 festivalen. Hittills hade hon f\u00e5tt tag p\u00e5 en rosa lampa i 80-talsstil med fransar och en trasmatta. Men tyv\u00e4rr inga v\u00e5tservetter. \u201dHur st\u00e4ller de sig till att anv\u00e4nda en bajamaja?\u201d, undrade jag. \u201dHelt ok\u201d, svarade hon. \u201dDe verkar lugna med det. Vi m\u00e4rker den med \u00b4Reserverat f\u00f6r Depeche Mode\u00b4\u201d tillade hon och hastade vidare. Det tror jag det. Med ett s\u00e5dant uppdrag!<\/p>\n<p>F\u00f6r det andra: Det ov\u00e4ntade \u00e4r ofta fantastiskt bra. F\u00f6rsta konserten jag s\u00e5g var Santigold (l\u00e4gger en l\u00e4nk till ett youtube-klipp l\u00e4ngst ner) p\u00e5 Apolloscenen. Det sv\u00e4ngde grymt, de snygga sidekickstjejerna s\u00e5g ut som robotar i moderniserad 50-talsutstyrsel, publiken var dansant och glad och jag har f\u00e5tt en ny favorit att l\u00e4gga till i Spotifybiblioteket.<\/p>\n<p>F\u00f6r det tredje: tidsm\u00e4ssig f\u00f6rvirring. Jag st\u00e5r och ser <a href=\"http:\/\/www.expressen.se\/noje\/recensioner\/konsert\/1.1627599\/mars-volta-ar-en-granslos-happening\">Mars Volta<\/a> p\u00e5 scenen Vintergatan p\u00e5 torsdagseftermiddagen. Kan inte l\u00e5ta bli att fundera \u00f6ver vilket \u00e5r det \u00e4r? 1970 kallt? Det l\u00e5ter som Black Sabbath mixat med Led Zeppelin och Deep Purple. Schyssta musiker. Gitarristen skulle kunna vara en reinkarnation av Hendrix. Framf\u00f6r mig v\u00e4nder sig en kille om. Han har en t-shirt med\u2026just det: Hendrix. Ha! Han har fattat grejen. Det \u00e4r ett enda muller fr\u00e5n scenen och marken skakar. Det \u00e4r bra, br\u00f6tigt och bra. Svetten st\u00e4nker om trummisen och orgelkillen g\u00e5r loss p\u00e5 sitt instrument. s\u00e5ngaren kastar micken, stativet och sig sj\u00e4lv i luften. hur orkar han? I denna v\u00e4rme?<\/p>\n<p>Jag \u00e4r n\u00f6jd, fullmatad med konsertupplevelser, myggbett och pizzaslicar. N\u00e4sta \u00e5r kommer jag igen. \u00c5rets festival gav mersmak. Och nu \u00e4r det \u00e4ntligen dags f\u00f6r civilisation: duschen h\u00e4grar.<\/p>\n<p>Santigold:<br \/>\n <object width=\"560\" height=\"340\"><param name=\"movie\" value=\"http:\/\/www.youtube.com\/v\/TwNkuw-YTVo&#038;hl=sv&#038;fs=1&#038;\"><\/param><param name=\"allowFullScreen\" value=\"true\"><\/param><param name=\"allowscriptaccess\" value=\"always\"><\/param><embed src=\"http:\/\/www.youtube.com\/v\/TwNkuw-YTVo&#038;hl=sv&#038;fs=1&#038;\" type=\"application\/x-shockwave-flash\" allowscriptaccess=\"always\" allowfullscreen=\"true\" width=\"560\" height=\"340\"><\/embed><\/object><\/p>\n<p>Mer om Arvika: <a href=\"http:\/\/octotext.blogspot.com\">http:\/\/octotext.blogspot.com<\/a><\/p>\n<p>Relaterat:<br \/>\n<a href=\"http:\/\/www.dn.se\/kultur-noje\/konsertrecensioner\/arvikafestivalen-dag-3-1.905480\">DN: Arvika dag 3<\/a><br \/>\n<a href=\"http:\/\/www.dn.se\/kultur-noje\/konsertrecensioner\/arvikafestivalen-dag-2-1.905147\">DN: Arvika dag 2<\/a><br \/>\n<a href=\"http:\/\/www.dn.se\/kultur-noje\/konsertrecensioner\/nine-inch-nails-royksopp-santigold-detektivbyran-mfl-pa-arvikafestivalen-1.904498\">DN: Arvika dag 1<\/a><br \/>\n<a href=\"http:\/\/www.aftonbladet.se\/nojesbladet\/supersommar2009\/article5471350.ab\">Aftonbladet: Arvika bokar stort<\/a><\/p>\n<p>L\u00e4s \u00e4ven andra bloggares \u00e5sikter om <a href=\"http:\/\/bloggar.se\/om\/musik\" rel=\"tag\">musik<\/a>, <a href=\"http:\/\/bloggar.se\/om\/musikfestivaler.+Arvikafestivalen\" rel=\"tag\">musikfestivaler. Arvikafestivalen<\/a>, <a href=\"http:\/\/bloggar.se\/om\/Arvika\" rel=\"tag\">Arvika<\/a><\/p>\n","protected":false},"excerpt":{"rendered":"<p>\u00c5rets upplaga av Arvikafestivalen kan sammanfattas med: riktigt bra blandning av artister och genrer, musikaliskt ov\u00e4ntade h\u00f6jdare samt riktiga magplask och trivsamt p\u00e5 det stora hela. Fr\u00e5n en \u00e4nnu oduschad, musikstinn uts\u00e4nd f\u00e5r ni festivalens tre h\u00f6jdare: F\u00f6r det f\u00f6rsta: en anekdot. Jag testade sjukstugan p\u00e5 fredagseftermiddagen. Skavs\u00e5r p\u00e5 g. D\u00e4r var allt lugnt. Personalen [&hellip;]<\/p>\n","protected":false},"author":13,"featured_media":0,"comment_status":"open","ping_status":"open","sticky":false,"template":"","format":"standard","meta":{"_genesis_hide_title":false,"_genesis_hide_breadcrumbs":false,"_genesis_hide_singular_image":false,"_genesis_hide_footer_widgets":false,"_genesis_custom_body_class":"","_genesis_custom_post_class":"","_genesis_layout":"","footnotes":""},"categories":[7],"tags":[12282,3845,4803],"class_list":{"0":"post-10845","1":"post","2":"type-post","3":"status-publish","4":"format-standard","6":"category-musik","7":"tag-musik","8":"tag-musikfestivalen","9":"tag-rockmusik","10":"entry"},"_links":{"self":[{"href":"https:\/\/kulturbloggen.com\/index.php?rest_route=\/wp\/v2\/posts\/10845","targetHints":{"allow":["GET"]}}],"collection":[{"href":"https:\/\/kulturbloggen.com\/index.php?rest_route=\/wp\/v2\/posts"}],"about":[{"href":"https:\/\/kulturbloggen.com\/index.php?rest_route=\/wp\/v2\/types\/post"}],"author":[{"embeddable":true,"href":"https:\/\/kulturbloggen.com\/index.php?rest_route=\/wp\/v2\/users\/13"}],"replies":[{"embeddable":true,"href":"https:\/\/kulturbloggen.com\/index.php?rest_route=%2Fwp%2Fv2%2Fcomments&post=10845"}],"version-history":[{"count":0,"href":"https:\/\/kulturbloggen.com\/index.php?rest_route=\/wp\/v2\/posts\/10845\/revisions"}],"wp:attachment":[{"href":"https:\/\/kulturbloggen.com\/index.php?rest_route=%2Fwp%2Fv2%2Fmedia&parent=10845"}],"wp:term":[{"taxonomy":"category","embeddable":true,"href":"https:\/\/kulturbloggen.com\/index.php?rest_route=%2Fwp%2Fv2%2Fcategories&post=10845"},{"taxonomy":"post_tag","embeddable":true,"href":"https:\/\/kulturbloggen.com\/index.php?rest_route=%2Fwp%2Fv2%2Ftags&post=10845"}],"curies":[{"name":"wp","href":"https:\/\/api.w.org\/{rel}","templated":true}]}}