{"id":108411,"date":"2017-03-29T11:47:51","date_gmt":"2017-03-29T10:47:51","guid":{"rendered":"http:\/\/kulturbloggen.com\/?p=108411"},"modified":"2017-03-29T12:39:28","modified_gmt":"2017-03-29T11:39:28","slug":"titta-trailer-for-filmen-tjuren-ferdinand","status":"publish","type":"post","link":"https:\/\/kulturbloggen.com\/?p=108411","title":{"rendered":"Titta: Trailer f\u00f6r filmen Tjuren Ferdinand"},"content":{"rendered":"<p><a href=\"http:\/\/kulturbloggen.com\/wp-content\/uploads\/2017\/03\/tjurenferdinand.jpg\"><img loading=\"lazy\" decoding=\"async\" src=\"http:\/\/kulturbloggen.com\/wp-content\/uploads\/2017\/03\/tjurenferdinand.jpg\" alt=\"\" width=\"450\" height=\"288\" class=\"aligncenter size-full wp-image-108412\" srcset=\"https:\/\/kulturbloggen.com\/wp-content\/uploads\/2017\/03\/tjurenferdinand.jpg 450w, https:\/\/kulturbloggen.com\/wp-content\/uploads\/2017\/03\/tjurenferdinand-300x192.jpg 300w\" sizes=\"auto, (max-width: 450px) 100vw, 450px\" \/><\/a><\/p>\n<p>P\u00e5 juldagen har allas favorit TJUREN FERDINAND biopremi\u00e4r. Det \u00e4r den klassiska ber\u00e4ttelsen om den stora tjuren med ett stort hj\u00e4rta, som hellre luktar p\u00e5 blommor \u00e4n st\u00e5ngas med de andra tjurarna. En dag misstas Ferdinand f\u00f6r att vara farlig och blir bortf\u00f6rd f\u00f6r att delta vid tjurf\u00e4ktningar. Fast besluten att \u00e5terv\u00e4nda till sin familj samlar han ett udda g\u00e4ng och ger sig ut p\u00e5 ett fantastiskt \u00e4ventyr. <\/p>\n<p><iframe loading=\"lazy\" width=\"450\" height=\"253\" src=\"\/\/embed.clipsource.se\/video\/player\/58da7281ceb7a?v1.60\" frameborder=\"0\"><\/iframe><\/p>\n","protected":false},"excerpt":{"rendered":"<p>P\u00e5 juldagen har allas favorit TJUREN FERDINAND biopremi\u00e4r. Det \u00e4r den klassiska ber\u00e4ttelsen om den stora tjuren med ett stort hj\u00e4rta, som hellre luktar p\u00e5 blommor \u00e4n st\u00e5ngas med de andra tjurarna. En dag misstas Ferdinand f\u00f6r att vara farlig och blir bortf\u00f6rd f\u00f6r att delta vid tjurf\u00e4ktningar. Fast besluten att \u00e5terv\u00e4nda till sin familj [&hellip;]<\/p>\n","protected":false},"author":13,"featured_media":0,"comment_status":"open","ping_status":"open","sticky":false,"template":"","format":"standard","meta":{"_genesis_hide_title":false,"_genesis_hide_breadcrumbs":false,"_genesis_hide_singular_image":false,"_genesis_hide_footer_widgets":false,"_genesis_custom_body_class":"","_genesis_custom_post_class":"","_genesis_layout":"","footnotes":""},"categories":[50,20],"tags":[12286,13255,5939],"class_list":{"0":"post-108411","1":"post","2":"type-post","3":"status-publish","4":"format-standard","6":"category-filmfilm","7":"category-film","8":"tag-film","9":"tag-tjuren-ferdinand","10":"tag-trailer","11":"entry"},"_links":{"self":[{"href":"https:\/\/kulturbloggen.com\/index.php?rest_route=\/wp\/v2\/posts\/108411","targetHints":{"allow":["GET"]}}],"collection":[{"href":"https:\/\/kulturbloggen.com\/index.php?rest_route=\/wp\/v2\/posts"}],"about":[{"href":"https:\/\/kulturbloggen.com\/index.php?rest_route=\/wp\/v2\/types\/post"}],"author":[{"embeddable":true,"href":"https:\/\/kulturbloggen.com\/index.php?rest_route=\/wp\/v2\/users\/13"}],"replies":[{"embeddable":true,"href":"https:\/\/kulturbloggen.com\/index.php?rest_route=%2Fwp%2Fv2%2Fcomments&post=108411"}],"version-history":[{"count":4,"href":"https:\/\/kulturbloggen.com\/index.php?rest_route=\/wp\/v2\/posts\/108411\/revisions"}],"predecessor-version":[{"id":108416,"href":"https:\/\/kulturbloggen.com\/index.php?rest_route=\/wp\/v2\/posts\/108411\/revisions\/108416"}],"wp:attachment":[{"href":"https:\/\/kulturbloggen.com\/index.php?rest_route=%2Fwp%2Fv2%2Fmedia&parent=108411"}],"wp:term":[{"taxonomy":"category","embeddable":true,"href":"https:\/\/kulturbloggen.com\/index.php?rest_route=%2Fwp%2Fv2%2Fcategories&post=108411"},{"taxonomy":"post_tag","embeddable":true,"href":"https:\/\/kulturbloggen.com\/index.php?rest_route=%2Fwp%2Fv2%2Ftags&post=108411"}],"curies":[{"name":"wp","href":"https:\/\/api.w.org\/{rel}","templated":true}]}}