{"id":10817,"date":"2009-07-04T18:23:05","date_gmt":"2009-07-04T16:23:05","guid":{"rendered":"http:\/\/kulturbloggen.com\/?p=10817"},"modified":"2009-07-04T18:23:05","modified_gmt":"2009-07-04T16:23:05","slug":"direktrapport-fran-arvikafestivalen-jenny-wilson-mycket-battre-an-vantat","status":"publish","type":"post","link":"https:\/\/kulturbloggen.com\/?p=10817","title":{"rendered":"Direktrapport fr\u00e5n Arvikafestivalen: Jenny Wilson mycket b\u00e4ttre \u00e4n v\u00e4ntat"},"content":{"rendered":"<p><a href=\"http:\/\/sodergren.com\/kulturbloggen\/wp-content\/uploads\/2009\/07\/jennywilson.jpg\"><img loading=\"lazy\" decoding=\"async\" src=\"http:\/\/sodergren.com\/kulturbloggen\/wp-content\/uploads\/2009\/07\/jennywilson-300x300.jpg\" alt=\"jennywilson\" title=\"jennywilson\" width=\"300\" height=\"300\" class=\"aligncenter size-medium wp-image-10818\" \/><\/a><br \/>\nDirektrapport fr\u00e5n Jenny Wilsons konsert p\u00e5 Arvikafestivalen:<br \/>\nDet h\u00e4r \u00f6verraskade mig. Det var mycket b\u00e4ttre \u00e4n jag trodde.<br \/>\nDet \u00e4r inte n\u00e5got jag lyssnar p\u00e5 i vanliga fall, men nu st\u00e5r jag vid Apolloscenen och dansar.<\/p>\n<p>Jag ger cred ocks\u00e5 f\u00f6r snyggaste scenkostymen, skickliga musiker och riktigt g\u00f6tt gung. Det rockar!<\/p>\n<p>Lite till om Wilson: Ett engagemang och en k\u00e4nsla f\u00f6r nyanser som g\u00f6r Wilson till en given hit.<\/p>\n<p><a href=\"http:\/\/jennywilson.net\/\">Jenny Wilsons hemsida.<\/a><\/p>\n<p>Annat fr\u00e5n Arvikafestivalen:<br \/>\n<a href=\"http:\/\/www.expressen.se\/gamlanoje1\/2.483\/1.1628958\/depeche-mode-en-jattebesvikelse#\">Expressen<\/a> tyckte som <a href=\"http:\/\/kulturbloggen.com\/?p=10793\">Kulturbloggen<\/a> om Depeche Modes spelning.<br \/>\nL\u00e4s \u00e4ven andra bloggares \u00e5sikter om <a href=\"http:\/\/bloggar.se\/om\/konserter\" rel=\"tag\">konserter<\/a>, <a href=\"http:\/\/bloggar.se\/om\/direktrapport\" rel=\"tag\">direktrapport<\/a>, <a href=\"http:\/\/bloggar.se\/om\/musik\" rel=\"tag\">musik<\/a>, <a href=\"http:\/\/bloggar.se\/om\/musikfestival\" rel=\"tag\">musikfestival<\/a>, <a href=\"http:\/\/bloggar.se\/om\/Arvikafestivalen\" rel=\"tag\">Arvikafestivalen<\/a>, <a href=\"http:\/\/bloggar.se\/om\/Jenny+Wilson\" rel=\"tag\">Jenny Wilson<\/a><\/p>\n","protected":false},"excerpt":{"rendered":"<p>Direktrapport fr\u00e5n Jenny Wilsons konsert p\u00e5 Arvikafestivalen: Det h\u00e4r \u00f6verraskade mig. Det var mycket b\u00e4ttre \u00e4n jag trodde. Det \u00e4r inte n\u00e5got jag lyssnar p\u00e5 i vanliga fall, men nu st\u00e5r jag vid Apolloscenen och dansar. Jag ger cred ocks\u00e5 f\u00f6r snyggaste scenkostymen, skickliga musiker och riktigt g\u00f6tt gung. Det rockar! Lite till om Wilson: [&hellip;]<\/p>\n","protected":false},"author":13,"featured_media":0,"comment_status":"open","ping_status":"open","sticky":false,"template":"","format":"standard","meta":{"_genesis_hide_title":false,"_genesis_hide_breadcrumbs":false,"_genesis_hide_singular_image":false,"_genesis_hide_footer_widgets":false,"_genesis_custom_body_class":"","_genesis_custom_post_class":"","_genesis_layout":"","footnotes":""},"categories":[7],"tags":[1288,3004,12282,3844],"class_list":{"0":"post-10817","1":"post","2":"type-post","3":"status-publish","4":"format-standard","6":"category-musik","7":"tag-direktrapport","8":"tag-konserter","9":"tag-musik","10":"tag-musikfestival","11":"entry"},"_links":{"self":[{"href":"https:\/\/kulturbloggen.com\/index.php?rest_route=\/wp\/v2\/posts\/10817","targetHints":{"allow":["GET"]}}],"collection":[{"href":"https:\/\/kulturbloggen.com\/index.php?rest_route=\/wp\/v2\/posts"}],"about":[{"href":"https:\/\/kulturbloggen.com\/index.php?rest_route=\/wp\/v2\/types\/post"}],"author":[{"embeddable":true,"href":"https:\/\/kulturbloggen.com\/index.php?rest_route=\/wp\/v2\/users\/13"}],"replies":[{"embeddable":true,"href":"https:\/\/kulturbloggen.com\/index.php?rest_route=%2Fwp%2Fv2%2Fcomments&post=10817"}],"version-history":[{"count":0,"href":"https:\/\/kulturbloggen.com\/index.php?rest_route=\/wp\/v2\/posts\/10817\/revisions"}],"wp:attachment":[{"href":"https:\/\/kulturbloggen.com\/index.php?rest_route=%2Fwp%2Fv2%2Fmedia&parent=10817"}],"wp:term":[{"taxonomy":"category","embeddable":true,"href":"https:\/\/kulturbloggen.com\/index.php?rest_route=%2Fwp%2Fv2%2Fcategories&post=10817"},{"taxonomy":"post_tag","embeddable":true,"href":"https:\/\/kulturbloggen.com\/index.php?rest_route=%2Fwp%2Fv2%2Ftags&post=10817"}],"curies":[{"name":"wp","href":"https:\/\/api.w.org\/{rel}","templated":true}]}}