{"id":10798,"date":"2009-07-04T10:34:14","date_gmt":"2009-07-04T08:34:14","guid":{"rendered":"http:\/\/kulturbloggen.com\/?p=10798"},"modified":"2009-07-04T10:34:14","modified_gmt":"2009-07-04T08:34:14","slug":"alex-schulman-har-fritt-tilltrade-till-alla-medier-och-visar-sitt-forakt-mot-alla-som-inte-sitter-i-samma-guldsits","status":"publish","type":"post","link":"https:\/\/kulturbloggen.com\/?p=10798","title":{"rendered":"Alex Schulman har fritt tilltr\u00e4de till alla medier och visar sitt f\u00f6rakt mot alla som inte sitter i samma guldsits"},"content":{"rendered":"<p><a href=\"http:\/\/sodergren.com\/kulturbloggen\/wp-content\/uploads\/2009\/06\/alexschulman290.jpg\"><img loading=\"lazy\" decoding=\"async\" class=\"aligncenter size-full wp-image-10108\" title=\"alexschulman290\" src=\"http:\/\/sodergren.com\/kulturbloggen\/wp-content\/uploads\/2009\/06\/alexschulman290.jpg\" alt=\"alexschulman290\" width=\"290\" height=\"200\" \/><\/a><br \/>\nAlex Schulman \u00e4r f\u00f6dd r\u00e4tt in i mediemakten. Eftersom hans pappa var en k\u00e4nd tv-man har Alex haft fri entr\u00e9\u00a0 fr\u00e5n barnsben, rakt in till den lilla elit som f\u00e5r uttrycka sig fritt i medier.<\/p>\n<p>Det \u00e4r ganska f\u00e5 som har tillg\u00e5ng till samh\u00e4llsdebatten p\u00e5 samma s\u00e4tt.<\/p>\n<p>Journalister \u00f6verlag har det inte, de \u00e4r arbetare och tj\u00e4nstem\u00e4n som ska utf\u00f6ra uppdrag bara p\u00e5 order av sina chefer.<\/p>\n<p>N\u00e4r jag jobbade p\u00e5 aftonbladet.se f\u00f6rrf\u00f6rra sommaren ins\u00e5g jag hur tidningsredaktionerna f\u00f6rflackats sedan jag tio \u00e5r tidigare l\u00e4mnade redaktionsv\u00e4rlden. D\u00e5, f\u00f6r drygt tio \u00e5r sedan, diskuterade redaktioner mycket mer hur de skulle jobba, de hade ett k\u00e4llkritiskt f\u00f6rh\u00e5llningss\u00e4tt och ans\u00e5g p\u00e5 fullt allvar att journalistikens roll i samh\u00e4llet var att granska makten och makthavarna.<\/p>\n<p>Idag \u00e4r redaktionernas uppdrag att dra s\u00e5 m\u00e5nga bes\u00f6kare som m\u00f6jligt till sajten f\u00f6r att kunna s\u00e4lja s\u00e5 mycket annons\u00f6rer som m\u00f6jligt. Detta har tidningarnas redaktioner bed\u00f6mt g\u00f6rs mest effektivt genom att \u00e4gna kraft och energi \u00e5t att bevaka amerikanska megak\u00e4ndisar och andra liknande personer: som Britney Spears och Paris Hilton. Hur gammelmedierna nu in absurdum f\u00f6rs\u00f6ker suga \u00e5t sig s\u00e5 mycket l\u00e4sare som m\u00f6jligt genom att vrida och v\u00e4nda p\u00e5 allt om Michael Jackson \u00e4r ett annat exempel.<\/p>\n<p>Det finns grupper i samh\u00e4llet vars fr\u00e5gor aldrig kommer till tals i samh\u00e4llsdebatten. F\u00f6r den debatten styrs av DN Debatt och andra h\u00f6gerpositiva grupper.<\/p>\n<p>Schulman har f\u00e5tt breda ut sig om igen i en av de st\u00f6rsta medierna n\u00e4r han p\u00e5 DN:s kultursida f\u00e5r sprida ut sitt f\u00f6rakt mot de m\u00e4nniskor i Sverige som inte liksom han har fritt tilltr\u00e4de till medieutrymme. <a href=\"http:\/\/www.dn.se\/kultur-noje\/debatt-essa\/schulman-blogg-1.904970#\">Han visar sitt f\u00f6rakt mot bloggare<\/a>.<\/p>\n<p>Schulman har v\u00e4l knappast l\u00e4st en blogg som inte skrivs av en megak\u00e4ndis? P\u00e5 den tiden h\u00e4r han anv\u00e4nde bloggverktyg f\u00f6r att f\u00f6ra fram sig sj\u00e4lv uppm\u00e4rksammade han i alla fall bara andra k\u00e4ndisar.<br \/>\nDet \u00e4r ett stort problem f\u00f6r svensk demokrati att samh\u00e4llsdebatten \u00e4gs av och styrs av en liten elit, som \u00e4ger de flesta medier. Att Schulman inte inser detta utan snackar skit om det m\u00e4nniskor som inte har tillg\u00e5ng till medieutrymme \u00e4r sympomatiskt. Makthavare brukar bete sig s\u00e5 n\u00e4r de k\u00e4nner sig hotade.<\/p>\n<p>DN st\u00e5r ju inte f\u00f6r att sprida demokratin eller att f\u00e5 in fler r\u00f6ster. DN-ledningen lever ju precis som Schulman i sin bubbla av elit. DN-ledningen och dess ledarskribenter har nog ingen aning om hur det k\u00e4nns att leva i Sverige och inte ha r\u00e5d att vara med i a-kassan, inte ha r\u00e5d att g\u00e5 till tandl\u00e4karen, att inte ha r\u00e5d att k\u00f6pa alla de mediciner man beh\u00f6ver. Dessa tre exempel \u00e4r fr\u00e5n verkligheten, m\u00e4nniskor jag k\u00e4nner har det exakt s\u00e5.<br \/>\nJag k\u00e4nner m\u00e4nniskor som f\u00e5r leva under existensminimum f\u00f6r att b\u00e5da familjef\u00f6rs\u00f6rjarna blivit skadade i arbetet: en blev av med ett finger och den andra har f\u00e5tt en sned rygg.<\/p>\n<p>Sverige har en stor m\u00e4ngd m\u00e4nniskor som aldrig kan dr\u00f6mma om att kunna k\u00f6pa en iPhone. Dessa m\u00e4nniskor har inte tillg\u00e5ng till medieutrymme och kan s\u00e4llan g\u00f6ra sig h\u00f6rda. Men en och annan av dem kan g\u00e5 till biblioteket och d\u00e4r gratis surfa p\u00e5 Internet och kunna blogga.<\/p>\n<p>DN visar sitt totala f\u00f6rakt f\u00f6r alla dessa genom att l\u00e5ta Schulman breda ut sig. Troligen \u00e4r DN-ledningen s\u00e5 okunnig om hur verkligheten ser ur f\u00f6r m\u00e5nga. L\u00e4ste n\u00e5got som tydligt visar p\u00e5 det <a href=\"http:\/\/www.dn.se\/opinion\/huvudledare\/rorelse-utan-rorelse-1.904780#\">i dagens DN-ledare<\/a> som dissade Socialdemokraterna:<\/p>\n<blockquote><p>Det l\u00e5nga maktinnehavet har gett Socialdemokraterna en unik m\u00f6jlighet att genomf\u00f6ra sin politik. Men nu kan knappast den offentliga sektorn bli st\u00f6rre, skattetrycket h\u00f6gre eller f\u00f6rdelningspolitiken offensivare.<\/p><\/blockquote>\n<p>F\u00f6rdelningspolitiken kan definitivt bli offensivare s\u00e5 l\u00e4nge det finns grupper som inte har r\u00e5d att laga sina t\u00e4nder medan andra kan byta iphone-modell och dator varje m\u00e5nad. Visst tusan r\u00e5der det stora klyftor i det svenska samh\u00e4llet och DN med allierade vill s\u00e5 klart inte att dessa grupper ska g\u00f6ra sig h\u00f6rda.<\/p>\n<p>Relaterade bloggar:<\/p>\n<p><a href=\"http:\/\/bloggtidningen.se\/?p=3380\">Bloggtidningen: Alex Schulman skriver i DN att bloggar \u00e4r betydelsel\u00f6sa \u2013 men Schulman har ingen aning om vad en blogg \u00e4r<\/a><br \/>\n<a href=\"http:\/\/www.metrobloggen.se\/jsp\/public\/permalink.jsp?article=19.10407100\">JJ.n: Politik och felt\u00e4nk<\/a><br \/>\n<a href=\"http:\/\/kyrkoordnaren.blogspot.com\/2009\/07\/bloggkyrkogard.html\">Per Westberg: Bloggkyrkog\u00e5rd<\/a><\/p>\n<p>L\u00e4s \u00e4ven andra bloggares \u00e5sikter om <a rel=\"tag\" href=\"http:\/\/bloggar.se\/om\/bloggare\">bloggare<\/a>, <a rel=\"tag\" href=\"http:\/\/bloggar.se\/om\/debatt\">debatt<\/a>, <a rel=\"tag\" href=\"http:\/\/bloggar.se\/om\/DN\">DN<\/a>, <a rel=\"tag\" href=\"http:\/\/bloggar.se\/om\/demokrati\">demokrati<\/a>, <a rel=\"tag\" href=\"http:\/\/bloggar.se\/om\/opinion\">opinion<\/a>, <a rel=\"tag\" href=\"http:\/\/bloggar.se\/om\/klyftor\">klyftor<\/a>, <a rel=\"tag\" href=\"http:\/\/bloggar.se\/om\/Alex+Schulman\">Alex Schulman<\/a><\/p>\n","protected":false},"excerpt":{"rendered":"<p>Alex Schulman \u00e4r f\u00f6dd r\u00e4tt in i mediemakten. Eftersom hans pappa var en k\u00e4nd tv-man har Alex haft fri entr\u00e9\u00a0 fr\u00e5n barnsben, rakt in till den lilla elit som f\u00e5r uttrycka sig fritt i medier. Det \u00e4r ganska f\u00e5 som har tillg\u00e5ng till samh\u00e4llsdebatten p\u00e5 samma s\u00e4tt. Journalister \u00f6verlag har det inte, de \u00e4r arbetare [&hellip;]<\/p>\n","protected":false},"author":2,"featured_media":0,"comment_status":"open","ping_status":"open","sticky":false,"template":"","format":"standard","meta":{"_genesis_hide_title":false,"_genesis_hide_breadcrumbs":false,"_genesis_hide_singular_image":false,"_genesis_hide_footer_widgets":false,"_genesis_custom_body_class":"","_genesis_custom_post_class":"","_genesis_layout":"","footnotes":""},"categories":[20],"tags":[720,1191,1214,1319,2962,4191],"class_list":{"0":"post-10798","1":"post","2":"type-post","3":"status-publish","4":"format-standard","6":"category-film","7":"tag-bloggare","8":"tag-debatt","9":"tag-demokrati","10":"tag-dn","11":"tag-klyftor","12":"tag-opinion","13":"entry"},"_links":{"self":[{"href":"https:\/\/kulturbloggen.com\/index.php?rest_route=\/wp\/v2\/posts\/10798","targetHints":{"allow":["GET"]}}],"collection":[{"href":"https:\/\/kulturbloggen.com\/index.php?rest_route=\/wp\/v2\/posts"}],"about":[{"href":"https:\/\/kulturbloggen.com\/index.php?rest_route=\/wp\/v2\/types\/post"}],"author":[{"embeddable":true,"href":"https:\/\/kulturbloggen.com\/index.php?rest_route=\/wp\/v2\/users\/2"}],"replies":[{"embeddable":true,"href":"https:\/\/kulturbloggen.com\/index.php?rest_route=%2Fwp%2Fv2%2Fcomments&post=10798"}],"version-history":[{"count":0,"href":"https:\/\/kulturbloggen.com\/index.php?rest_route=\/wp\/v2\/posts\/10798\/revisions"}],"wp:attachment":[{"href":"https:\/\/kulturbloggen.com\/index.php?rest_route=%2Fwp%2Fv2%2Fmedia&parent=10798"}],"wp:term":[{"taxonomy":"category","embeddable":true,"href":"https:\/\/kulturbloggen.com\/index.php?rest_route=%2Fwp%2Fv2%2Fcategories&post=10798"},{"taxonomy":"post_tag","embeddable":true,"href":"https:\/\/kulturbloggen.com\/index.php?rest_route=%2Fwp%2Fv2%2Ftags&post=10798"}],"curies":[{"name":"wp","href":"https:\/\/api.w.org\/{rel}","templated":true}]}}