{"id":10793,"date":"2009-07-03T23:51:20","date_gmt":"2009-07-03T21:51:20","guid":{"rendered":"http:\/\/kulturbloggen.com\/?p=10793"},"modified":"2009-07-03T23:51:20","modified_gmt":"2009-07-03T21:51:20","slug":"depeche-mode-pa-arvikafestivalen-publiken-gick-och-gasp-var-ordet-sa-bull","status":"publish","type":"post","link":"https:\/\/kulturbloggen.com\/?p=10793","title":{"rendered":"Depeche Mode p\u00e5 Arvikafestivalen &#8211; publiken gick och &#8221;g\u00e4sp&#8221; var ordet, sa Bull"},"content":{"rendered":"<p><a href=\"http:\/\/sodergren.com\/kulturbloggen\/wp-content\/uploads\/2009\/07\/Depeche_Mode_Playing_The_Angel.jpg\"><img loading=\"lazy\" decoding=\"async\" src=\"http:\/\/sodergren.com\/kulturbloggen\/wp-content\/uploads\/2009\/07\/Depeche_Mode_Playing_The_Angel-300x225.jpg\" alt=\"Depeche_Mode,_Playing_The_Angel\" title=\"Depeche_Mode,_Playing_The_Angel\" width=\"300\" height=\"225\" class=\"aligncenter size-medium wp-image-10794\" \/><\/a><br \/>\nKulturbloggens uts\u00e4nde p\u00e5 Arvikafestivalen har direktreferat fr\u00e5n Depeche Modes konsert till bloggen via SMS.<br \/>\nTre SMS kom under spelningens g\u00e5ng och ett SMS kom med blandat eftersnack:<\/p>\n<p>SMS 1:<br \/>\nI full g\u00e5ng. Det \u00e4r stort, m\u00e4ktigt och s\u00e5ngen har just fixat till sig och hamnat i r\u00e4tt tonart;-).<br \/>\nBlandat nytt och gammalt men har inte lyft \u00e4n. V\u00e4ntar p\u00e5 publikeufori och tittar p\u00e5 sommarhimmel och vackra svartvita bilder p\u00e5 storbild fr\u00e5n scenen l\u00e5ngt d\u00e4r framme s\u00e5 l\u00e4nge.<\/p>\n<p>SMS 2:<br \/>\nSorry. Depeche Mode suger n\u00e4r det g\u00e4ller val av l\u00e5tar.<br \/>\nEn bit in i spelningen k\u00e4ndes den som ett betyg 2-konsert. Publiken gick, det \u00e4r falskt som bara den och Gahan f\u00e5r skrika &#8221;Come on&#8221; till publiken som med r\u00e4tta inte reagerar. Det fanns inget att reagera p\u00e5. Kanske kan det bero p\u00e5 l\u00e5tvalet, mycket fr\u00e5n nya plattan som inte \u00e4r n\u00e5gon h\u00f6jdare.<\/p>\n<p>SMS 3:<\/p>\n<p>Ok, Personal Jesus som andra extranummer. Snygg bakgrund och hopp i publikhavet. Schysst.<\/p>\n<p>Tv\u00e5an kvarst\u00e5r dock som betyg.<br \/>\nG\u00e4sp var ordet, sa Bull.<\/p>\n<p>SMS 4 med blandat eftersnack fr\u00e5n publik:<br \/>\nHelt Ok, bra tryck vid scenen.<br \/>\nVa, var det falskt?<br \/>\nF\u00f6ruts\u00e4gbart, lite tr\u00e5kig l\u00e5tlista.<br \/>\nJag har h\u00f6rt det h\u00e4r f\u00f6rut.<br \/>\nDave sj\u00f6ng b\u00e4ttre i K\u00f6penhamn.<br \/>\nVi har flyttat oss fr\u00e5n scen f\u00f6r att det l\u00e5ter illa.<br \/>\nDepeche \u00e4r ju i Arvika.<\/p>\n<p>Hela l\u00e5tlistan<\/p>\n<p>\u2022 In chains<\/p>\n<p>\u2022 Wrong<\/p>\n<p>\u2022 Hole to feed<\/p>\n<p>\u2022 Walking in my shoes<\/p>\n<p>\u2022 It\u2019s no good<\/p>\n<p>\u2022 A question of time<\/p>\n<p>\u2022 Precious<\/p>\n<p>\u2022 Fly on the windscreen<\/p>\n<p>\u2022 Home<\/p>\n<p>\u2022 Come back<\/p>\n<p>\u2022 Peace<\/p>\n<p>\u2022 In your room<\/p>\n<p>\u2022 I feel you<\/p>\n<p>\u2022 Enjoy the silence<\/p>\n<p>\u2022 Never let me down again<\/p>\n<p>Extranummer:<\/p>\n<p>\u2022 Stripped<\/p>\n<p>\u2022 Personal Jesus<\/p>\n<p><a href=\"http:\/\/www.depechemode.com\/\">Bandets officiella hemsida.<\/a><br \/>\n<a href=\"http:\/\/blogg.aftonbladet.se\/festivalbloggen\/2009\/07\/extranummer\">Fr\u00e5n Aftonbladets direktblogg.<\/a> <a href=\"http:\/\/twitter.com\/andersnunstedt\">Direkt-twitter fr\u00e5n Expressens uts\u00e4nde.<\/a><\/p>\n<p>Relaterat: <a href=\"http:\/\/www.aftonbladet.se\/nojesbladet\/article5468231.ab#\">Recension i Aftonbladet<\/a>.<br \/>\n<a href=\"http:\/\/www.dn.se\/kultur-noje\/konsertrecensioner\/arvikafestivalen-dag-2-1.905147\">Recension i DN.<\/a><br \/>\n<a href=\"http:\/\/www.svd.se\/kulturnoje\/scen\/artikel_3163099.svd\">Recension i SVD.<\/a><\/p>\n<p>L\u00e4s \u00e4ven andra bloggares \u00e5sikter om <a href=\"http:\/\/bloggar.se\/om\/musikfestival\" rel=\"tag\">musikfestival<\/a>, <a href=\"http:\/\/bloggar.se\/om\/synt\" rel=\"tag\">synt<\/a>, <a href=\"http:\/\/bloggar.se\/om\/elektroniskt\" rel=\"tag\">elektroniskt<\/a>, <a href=\"http:\/\/bloggar.se\/om\/Depeche+Mode\" rel=\"tag\">Depeche Mode<\/a>, <a href=\"http:\/\/bloggar.se\/om\/Arvikafestivalen\" rel=\"tag\">Arvikafestivalen<\/a><\/p>\n","protected":false},"excerpt":{"rendered":"<p>Kulturbloggens uts\u00e4nde p\u00e5 Arvikafestivalen har direktreferat fr\u00e5n Depeche Modes konsert till bloggen via SMS. Tre SMS kom under spelningens g\u00e5ng och ett SMS kom med blandat eftersnack: SMS 1: I full g\u00e5ng. Det \u00e4r stort, m\u00e4ktigt och s\u00e5ngen har just fixat till sig och hamnat i r\u00e4tt tonart;-). Blandat nytt och gammalt men har inte [&hellip;]<\/p>\n","protected":false},"author":13,"featured_media":0,"comment_status":"open","ping_status":"open","sticky":false,"template":"","format":"standard","meta":{"_genesis_hide_title":false,"_genesis_hide_breadcrumbs":false,"_genesis_hide_singular_image":false,"_genesis_hide_footer_widgets":false,"_genesis_custom_body_class":"","_genesis_custom_post_class":"","_genesis_layout":"","footnotes":""},"categories":[16],"tags":[1478,3844,5568],"class_list":{"0":"post-10793","1":"post","2":"type-post","3":"status-publish","4":"format-standard","6":"category-recension","7":"tag-elektroniskt","8":"tag-musikfestival","9":"tag-synt","10":"entry"},"_links":{"self":[{"href":"https:\/\/kulturbloggen.com\/index.php?rest_route=\/wp\/v2\/posts\/10793","targetHints":{"allow":["GET"]}}],"collection":[{"href":"https:\/\/kulturbloggen.com\/index.php?rest_route=\/wp\/v2\/posts"}],"about":[{"href":"https:\/\/kulturbloggen.com\/index.php?rest_route=\/wp\/v2\/types\/post"}],"author":[{"embeddable":true,"href":"https:\/\/kulturbloggen.com\/index.php?rest_route=\/wp\/v2\/users\/13"}],"replies":[{"embeddable":true,"href":"https:\/\/kulturbloggen.com\/index.php?rest_route=%2Fwp%2Fv2%2Fcomments&post=10793"}],"version-history":[{"count":0,"href":"https:\/\/kulturbloggen.com\/index.php?rest_route=\/wp\/v2\/posts\/10793\/revisions"}],"wp:attachment":[{"href":"https:\/\/kulturbloggen.com\/index.php?rest_route=%2Fwp%2Fv2%2Fmedia&parent=10793"}],"wp:term":[{"taxonomy":"category","embeddable":true,"href":"https:\/\/kulturbloggen.com\/index.php?rest_route=%2Fwp%2Fv2%2Fcategories&post=10793"},{"taxonomy":"post_tag","embeddable":true,"href":"https:\/\/kulturbloggen.com\/index.php?rest_route=%2Fwp%2Fv2%2Ftags&post=10793"}],"curies":[{"name":"wp","href":"https:\/\/api.w.org\/{rel}","templated":true}]}}