{"id":107900,"date":"2017-03-05T23:53:59","date_gmt":"2017-03-05T22:53:59","guid":{"rendered":"http:\/\/kulturbloggen.com\/?p=107900"},"modified":"2017-03-18T06:01:52","modified_gmt":"2017-03-18T05:01:52","slug":"teaterrecension-arhundradets-karlekskrig-har-en-del-att-saga-men-skjuter-ocksa-vid-sidan-av-malet-en-del","status":"publish","type":"post","link":"https:\/\/kulturbloggen.com\/?p=107900","title":{"rendered":"Teaterrecension: \u00c5rhundradets k\u00e4rlekskrig &#8211; har en del att s\u00e4ga men skjuter ocks\u00e5 vid sidan av m\u00e5let en del"},"content":{"rendered":"<p><a href=\"http:\/\/kulturbloggen.com\/wp-content\/uploads\/2017\/03\/arhundradetskarlekskrig.jpg\"><img loading=\"lazy\" decoding=\"async\" class=\"aligncenter size-medium wp-image-107905\" src=\"http:\/\/kulturbloggen.com\/wp-content\/uploads\/2017\/03\/arhundradetskarlekskrig-300x179.jpg\" alt=\"\" width=\"300\" height=\"179\" srcset=\"https:\/\/kulturbloggen.com\/wp-content\/uploads\/2017\/03\/arhundradetskarlekskrig-300x179.jpg 300w, https:\/\/kulturbloggen.com\/wp-content\/uploads\/2017\/03\/arhundradetskarlekskrig.jpg 630w\" sizes=\"auto, (max-width: 300px) 100vw, 300px\" \/><\/a><\/p>\n<p><strong>\u00c5rhundradets k\u00e4rlekskrig<\/strong><br \/>\nAv Ebba Witt-Brattstr\u00f6m<br \/>\nRegi och dramatisering Nora Nilsson<br \/>\nScenografi Julia Przedmojska<br \/>\nKostym och mask Linda Gon\u00e7alves<br \/>\nLjus \u00c5sa Holtz<br \/>\nLjud Magnus Ericsson<br \/>\nPremi\u00e4r 3 mars 2017 p\u00e5 Stockholms stadsteater<\/p>\n<p>Som m\u00e4nniskor r\u00f6r vi oss genom v\u00e4rlden med olika f\u00f6ruts\u00e4ttningar, att vara kvinna \u00e4r att r\u00f6ra sig med en st\u00e4ndig \u00e5ngest \u00f6ver hur ekonomin, v\u00e5ldet och politiken ska drabba en. Det \u00e4r n\u00e5got som Ebba Witt-Brattstr\u00f6m ofta p\u00e5pekar. M\u00e4n och kvinnor har olika f\u00f6ruts\u00e4ttningar som samh\u00e4llet fungerar idag, menar hon. Jag \u00e4r inte helt s\u00e4ker p\u00e5 att f\u00f6rest\u00e4llningen riktigt fick fram detta budskap \u00e4ven om sk\u00e5despelarna var skickliga och scenl\u00f6sningarna effektiva och snygga.<\/p>\n<p>\u00c5rhundradets k\u00e4rlekskrig bygger p\u00e5 Ebba Witt-Brattbergs roman. Hon \u00e4r litteraturforskare, debatt\u00f6r, f\u00f6rfattare och \u00e5r 2000 blev hon professor i litteraturvetenskap med genusinriktning vid S\u00f6dert\u00f6rns h\u00f6gskola. Sedan 2012 \u00e4r hon professor i nordisk litteratur vid Helsingfors universitet. Hennes forskningsintressen \u00e4r bland annat genus och litter\u00e4ra k\u00f6nsdialoger. Med romanen \u00c5rhundradets k\u00e4rlekskrig som gavs ut 2016 skildrar hon skillnaden p\u00e5 m\u00e4nnens arena och kvinnors liv, framf\u00f6r allt med fokus p\u00e5 kulturarbetare i \u00f6vre medelklassen.<\/p>\n<p>F\u00f6rest\u00e4llningen liksom boken \u00e4r kvinnans ber\u00e4ttelse. Hon har valt att l\u00e4mna mannen hon levt med i 30 \u00e5r. I ett f\u00f6rh\u00e5llande som hon nu ser som ett fuskbygge. Som en kuliss i en operaf\u00f6rest\u00e4llning.<\/p>\n<p>Ett genidrag \u00e4r att l\u00e5ta tre m\u00e4n i olika \u00e5ldrar och tre kvinnor i olika \u00e5ldrar gestalta samma person. Det fungerar v\u00e4ldigt bra och ger en f\u00f6rdjupning i dialogen. Emellan\u00e5t \u00e4r vissa delar varmt komiska men f\u00f6r att skildra k\u00f6ns-or\u00e4ttvisor tycker jag inte att f\u00f6rest\u00e4llningen riktigt br\u00e4nner till.<\/p>\n<p>De var tillsammans i trettio \u00e5r och har flera barn tillsammans, men det \u00e4r \u00e4nd\u00e5 bara de tv\u00e5 som skildras. Tv\u00e5samheten \u00e4r i centrum. Ett f\u00f6rh\u00e5llande \u00e4r v\u00e4l mer \u00e4n bara tv\u00e5 m\u00e4nniskor. Det finns ju barn, anh\u00f6riga och v\u00e4nner och annat som ocks\u00e5 p\u00e5verkar och finns med i livet. Ett trettio \u00e5r l\u00e5ngt liv tillsammans handlar v\u00e4l inte bara om de tv\u00e5, mannen och kvinnan. Jag saknar milj\u00f6n och kring-livet f\u00f6r mycket f\u00f6r att kunna ta till mig skildringen. Eller s\u00e5 \u00e4r det s\u00e5 stor skillnad p\u00e5 \u00f6vre medelklassens kulturelits liv och det liv som m\u00e4nniskor som jag med r\u00f6tterna i genuin arbetarklass levt och lever, att det Ebba Witt-Brattstr\u00f6m skildrar \u00e4r hur \u00f6vre medelklassen inom kultursf\u00e4ren lever.<\/p>\n<p><a href=\"http:\/\/kulturbloggen.com\/wp-content\/uploads\/2017\/03\/arhundradetskrig2.jpg\"><img loading=\"lazy\" decoding=\"async\" class=\"alignright size-medium wp-image-107906\" src=\"http:\/\/kulturbloggen.com\/wp-content\/uploads\/2017\/03\/arhundradetskrig2-300x300.jpg\" alt=\"\" width=\"300\" height=\"300\" srcset=\"https:\/\/kulturbloggen.com\/wp-content\/uploads\/2017\/03\/arhundradetskrig2-300x300.jpg 300w, https:\/\/kulturbloggen.com\/wp-content\/uploads\/2017\/03\/arhundradetskrig2-150x150.jpg 150w, https:\/\/kulturbloggen.com\/wp-content\/uploads\/2017\/03\/arhundradetskrig2.jpg 311w\" sizes=\"auto, (max-width: 300px) 100vw, 300px\" \/><\/a>Jag saknar f\u00f6rst\u00e5else f\u00f6r varf\u00f6r denna kvinna egentligen levt med denna man i hela trettio \u00e5r. Hon \u00e4r stark och k\u00e4mpar f\u00f6r kvinnors r\u00e4ttigheter och \u00e4nd\u00e5 st\u00e5r hon ut med att mannen sl\u00e5r henne flera g\u00e5nger. Varf\u00f6r lever de alls tillsammans? Jag har sv\u00e5rt att riktigt f\u00f6rst\u00e5 det. Varf\u00f6r l\u00e4mnar en s\u00e5 stark kvinna inte honom lngt tidigare? Jag vet, det \u00e4r en sv\u00e5r fr\u00e5ga. N\u00e5gonstans finns det trots allt n\u00e5gon slags k\u00e4rlek som binder samman dem. Men jag tycker det finns andra ber\u00e4ttelser om man och kvinna som mer trov\u00e4rdigt f\u00f6rdjupar s\u00e5dana draman. Under f\u00f6rest\u00e4llningens g\u00e5ng s\u00e4ger hon visserligen att hon en g\u00e5ng \u00e4lskade honom. Att hon s\u00e5g honom som en \u00f6msint, humoristisk och nyfiken man. N\u00e4r diskussionerna inte var gr\u00e4l som urartade i v\u00e5ld. Han som nu kallar henne \u201dfeministk\u00e4rring\u201d och \u201ddu med ditt lilla j\u00e4mst\u00e4lldhetsdepartement. Vem bryr sig.\u201d<\/p>\n<p>Sk\u00e5despelarna \u00e4r duktiga, alla sex \u00e4r skickliga och scenl\u00f6sningen effektiv och fungerar bra. Det lilla inst\u00e4ngda rosa rummet d\u00e4r de \u00e4r inl\u00e5sta \u00e4r en stark bild. Av och till \u00e4r dialogen mycket skarp och visst har f\u00f6rest\u00e4llningen en del att s\u00e4ga om hur m\u00e4n och kvinnor lever tillsammans, \u00e4ven om jag tycker att den bitvis skjuter vid sidan av och missar m\u00e5let. En del dramaturgiska grepp blir lite f\u00f6r \u00f6vertydliga. De talande tystnaderna anv\u00e4nds lite f\u00f6r utstuderat.<\/p>\n<p><strong>Medverkande:<\/strong><br \/>\nCecilia Nilsson<br \/>\nLennart J\u00e4hkel<br \/>\nGizem Erdogan<br \/>\nDaniel Nystr\u00f6m<br \/>\nAndreas Kundler<br \/>\nAnn-Sofie Rase<\/p>\n","protected":false},"excerpt":{"rendered":"<p>\u00c5rhundradets k\u00e4rlekskrig Av Ebba Witt-Brattstr\u00f6m Regi och dramatisering Nora Nilsson Scenografi Julia Przedmojska Kostym och mask Linda Gon\u00e7alves Ljus \u00c5sa Holtz Ljud Magnus Ericsson Premi\u00e4r 3 mars 2017 p\u00e5 Stockholms stadsteater Som m\u00e4nniskor r\u00f6r vi oss genom v\u00e4rlden med olika f\u00f6ruts\u00e4ttningar, att vara kvinna \u00e4r att r\u00f6ra sig med en st\u00e4ndig \u00e5ngest \u00f6ver hur ekonomin, [&hellip;]<\/p>\n","protected":false},"author":2,"featured_media":0,"comment_status":"open","ping_status":"open","sticky":false,"template":"","format":"standard","meta":{"_genesis_hide_title":false,"_genesis_hide_breadcrumbs":false,"_genesis_hide_singular_image":false,"_genesis_hide_footer_widgets":false,"_genesis_custom_body_class":"","_genesis_custom_post_class":"","_genesis_layout":"","footnotes":""},"categories":[62,16,20,30,31],"tags":[13224,13225,1690,4955,12288,12289],"class_list":{"0":"post-107900","1":"post","2":"type-post","3":"status-publish","4":"format-standard","6":"category-medie-och-kulturpolitik","7":"category-recension","8":"category-film","9":"category-teater","10":"category-teaterrecension","11":"tag-arhundradets-karlekskrig","12":"tag-ebba-witt-brattstrom","13":"tag-feminism","14":"tag-scenkonst","15":"tag-teater","16":"tag-teaterrecension","17":"entry"},"_links":{"self":[{"href":"https:\/\/kulturbloggen.com\/index.php?rest_route=\/wp\/v2\/posts\/107900","targetHints":{"allow":["GET"]}}],"collection":[{"href":"https:\/\/kulturbloggen.com\/index.php?rest_route=\/wp\/v2\/posts"}],"about":[{"href":"https:\/\/kulturbloggen.com\/index.php?rest_route=\/wp\/v2\/types\/post"}],"author":[{"embeddable":true,"href":"https:\/\/kulturbloggen.com\/index.php?rest_route=\/wp\/v2\/users\/2"}],"replies":[{"embeddable":true,"href":"https:\/\/kulturbloggen.com\/index.php?rest_route=%2Fwp%2Fv2%2Fcomments&post=107900"}],"version-history":[{"count":7,"href":"https:\/\/kulturbloggen.com\/index.php?rest_route=\/wp\/v2\/posts\/107900\/revisions"}],"predecessor-version":[{"id":108189,"href":"https:\/\/kulturbloggen.com\/index.php?rest_route=\/wp\/v2\/posts\/107900\/revisions\/108189"}],"wp:attachment":[{"href":"https:\/\/kulturbloggen.com\/index.php?rest_route=%2Fwp%2Fv2%2Fmedia&parent=107900"}],"wp:term":[{"taxonomy":"category","embeddable":true,"href":"https:\/\/kulturbloggen.com\/index.php?rest_route=%2Fwp%2Fv2%2Fcategories&post=107900"},{"taxonomy":"post_tag","embeddable":true,"href":"https:\/\/kulturbloggen.com\/index.php?rest_route=%2Fwp%2Fv2%2Ftags&post=107900"}],"curies":[{"name":"wp","href":"https:\/\/api.w.org\/{rel}","templated":true}]}}