{"id":107797,"date":"2017-02-27T11:05:38","date_gmt":"2017-02-27T10:05:38","guid":{"rendered":"http:\/\/kulturbloggen.com\/?p=107797"},"modified":"2017-05-15T06:52:29","modified_gmt":"2017-05-15T05:52:29","slug":"bildhuggarens-dotter-av-tove-jansson-varldens-basta-skildring-ur-barnets-perspektiv","status":"publish","type":"post","link":"https:\/\/kulturbloggen.com\/?p=107797","title":{"rendered":"Bildhuggarens dotter av Tove Jansson &#8211; v\u00e4rldens b\u00e4sta skildring ur barnets perspektiv"},"content":{"rendered":"<p><img loading=\"lazy\" decoding=\"async\" src=\"http:\/\/kulturbloggen.com\/wp-content\/uploads\/2017\/02\/bildhuggarensdotter.jpg\" alt=\"\" width=\"201\" height=\"299\" class=\"aligncenter size-full wp-image-107799\" \/><\/p>\n<p><a href=\"http:\/\/www.adlibris.com\/fi\/sv\/bok\/bildhuggarens-dotter-9789523330160\">Bildhuggarens dotter<\/a><br \/>\nF\u00f6rfattare: Tove Jansson<br \/>\nUtgiven: 2016-10<br \/>\nISBN: 9789523330160<br \/>\nF\u00f6rlag: <a href=\"https:\/\/www.forlaget.com\/bocker\/bildhuggarens-dotter\/\">F\u00f6rlaget <\/a><\/p>\n<p>Bildhuggarens dotter \u00e4r en slags biografisk barndomsber\u00e4ttelse av Tove Jansson. Den \u00e4r, som allt denna m\u00e4sterliga f\u00f6rfattare gav ut, magisk och mystisk mitt i det vardagliga. Tove Jansson ber\u00e4ttar om sitt uppv\u00e4xt i det bohemiska konstn\u00e4rshemmet p\u00e5 Skatudden i Helsingfors d\u00e4r festerna p\u00e5g\u00e5r i dagar men ocks\u00e5 det betydligt lugnare sommarst\u00e4llet ute sk\u00e4rg\u00e5rden. B\u00e5de hennes pappa skulpt\u00f6ren Viktor Jansson och mamma Signe Hammarsten \u00e4r en centrala personer i ber\u00e4ttelsen, liksom hemhj\u00e4lpen Anna, en symbol f\u00f6r friheten.<\/p>\n<p>Tove Janssons \u00e4lskade barndomsskildring Bildhuggarens dotter utkom f\u00f6r f\u00f6rsta g\u00e5ngen \u00e5r 1968. Nu har bokf\u00f6rlaget <a href=\"https:\/\/www.forlaget.com\">F\u00f6rlaget<\/a> gett ut detta m\u00e4sterverk igen, tillsammans med tre andra av Tove Janssons od\u00f6dliga b\u00f6cker (Lyssnerskan, Trollkarlens hatt och Kometen kommer).<\/p>\n<p>Det var l\u00e4nge sedan jag l\u00e4ste n\u00e5got som grep tag i mig s\u00e5 p\u00e5tagligt som Bildhuggarens dotter. Ber\u00e4ttelserna i boken f\u00e5ngar in barnets s\u00e4tt att t\u00e4nka, k\u00e4nna och uppleva v\u00e4rlden. Jag hade n\u00e4stan gl\u00f6mt bort hur det var att vara ett litet barn. Tove Jansson v\u00e4xte upp i ett annat land \u00e4n mig och n\u00e5gra decennier f\u00f6re mig eftersom hon \u00e4r f\u00f6dd i augusti 1914 i Helsingfors. \u00c4nd\u00e5 k\u00e4nner jag igen det hon beskriver. Jag k\u00e4nner igen k\u00e4nslorna och s\u00e4ttet barnet t\u00e4nker, reagerar och resonerar \u00e4ven om jag v\u00e4xte upp fyrtio \u00e5r senare och v\u00e4rlden blivit n\u00e5got modernare.<\/p>\n<p>Det finns m\u00e5nga barndomsskildringar men det var verkligen l\u00e4nge sedan det var n\u00e5gon s\u00e5dan jag s\u00e5g p\u00e5 film eller l\u00e4ste om i en bok som f\u00e5r mig att verkligen k\u00e4nna mig f\u00f6rflyttad in i barnets sj\u00e4l. N\u00e4r jag l\u00e4st Bildhuggarens dotter kom jag ih\u00e5g mycket mer fr\u00e5n min egen barndom och hur jag upplevde \u00e4n jag gjort p\u00e5 m\u00e5nga tiotal \u00e5r.<\/p>\n<p>Boken \u00e4r m\u00e4sterligt skriven ocks\u00e5 p\u00e5 flera s\u00e4tt. Spr\u00e5ket f\u00f6rst\u00e5s, rytmen i spr\u00e5ket, magin, mystiken och samtidigt den p\u00e5tagliga realistiska beskrivningen. Att den inte \u00e4r en roman p\u00e5 det vanliga s\u00e4ttet g\u00f6r den dessutom \u00e4nnu starkare. Den best\u00e5r av flera kortare ber\u00e4ttelsen, alla med barnet i centrum, men det \u00e4r inte en sammanh\u00e5llen handling &#8211; och det g\u00f6r f\u00f6r mig att den \u00e4nnu mer k\u00e4nns \u00e4kta och n\u00e4ra.<\/p>\n<p>Boken \u00e4r ganska tunn men och med flyt i ber\u00e4ttelsen och spr\u00e5ket &#8211; men alltid som med Tove Jansson vill jag inte rusa igenom l\u00e4sningen utan jag l\u00e4ser ett stycke i taget och l\u00e5ter det sm\u00e4lta in.<\/p>\n<p>Det \u00e4r mycket bra att bokf\u00f6rlaget F\u00f6rlaget nu gett ut detta m\u00e4sterverk p\u00e5 nytt. <strong><a href=\"https:\/\/www.forlaget.com\/tove-janssons-alskade-klassiker-ny-form\/\">H\u00e4r kan du l\u00e4sa mer om hur F\u00f6rlaget t\u00e4nkte och arbetade med nyutgivningen av de fyra ber\u00e4ttelserna. <\/a><\/strong><\/p>\n","protected":false},"excerpt":{"rendered":"<p>Bildhuggarens dotter F\u00f6rfattare: Tove Jansson Utgiven: 2016-10 ISBN: 9789523330160 F\u00f6rlag: F\u00f6rlaget Bildhuggarens dotter \u00e4r en slags biografisk barndomsber\u00e4ttelse av Tove Jansson. Den \u00e4r, som allt denna m\u00e4sterliga f\u00f6rfattare gav ut, magisk och mystisk mitt i det vardagliga. Tove Jansson ber\u00e4ttar om sitt uppv\u00e4xt i det bohemiska konstn\u00e4rshemmet p\u00e5 Skatudden i Helsingfors d\u00e4r festerna p\u00e5g\u00e5r i [&hellip;]<\/p>\n","protected":false},"author":2,"featured_media":0,"comment_status":"open","ping_status":"open","sticky":false,"template":"","format":"standard","meta":{"_genesis_hide_title":false,"_genesis_hide_breadcrumbs":false,"_genesis_hide_singular_image":false,"_genesis_hide_footer_widgets":false,"_genesis_custom_body_class":"","_genesis_custom_post_class":"","_genesis_layout":"","footnotes":""},"categories":[43,3],"tags":[],"class_list":{"0":"post-107797","1":"post","2":"type-post","3":"status-publish","4":"format-standard","6":"category-bokrecension","7":"category-litteratur","8":"entry"},"_links":{"self":[{"href":"https:\/\/kulturbloggen.com\/index.php?rest_route=\/wp\/v2\/posts\/107797","targetHints":{"allow":["GET"]}}],"collection":[{"href":"https:\/\/kulturbloggen.com\/index.php?rest_route=\/wp\/v2\/posts"}],"about":[{"href":"https:\/\/kulturbloggen.com\/index.php?rest_route=\/wp\/v2\/types\/post"}],"author":[{"embeddable":true,"href":"https:\/\/kulturbloggen.com\/index.php?rest_route=\/wp\/v2\/users\/2"}],"replies":[{"embeddable":true,"href":"https:\/\/kulturbloggen.com\/index.php?rest_route=%2Fwp%2Fv2%2Fcomments&post=107797"}],"version-history":[{"count":6,"href":"https:\/\/kulturbloggen.com\/index.php?rest_route=\/wp\/v2\/posts\/107797\/revisions"}],"predecessor-version":[{"id":107804,"href":"https:\/\/kulturbloggen.com\/index.php?rest_route=\/wp\/v2\/posts\/107797\/revisions\/107804"}],"wp:attachment":[{"href":"https:\/\/kulturbloggen.com\/index.php?rest_route=%2Fwp%2Fv2%2Fmedia&parent=107797"}],"wp:term":[{"taxonomy":"category","embeddable":true,"href":"https:\/\/kulturbloggen.com\/index.php?rest_route=%2Fwp%2Fv2%2Fcategories&post=107797"},{"taxonomy":"post_tag","embeddable":true,"href":"https:\/\/kulturbloggen.com\/index.php?rest_route=%2Fwp%2Fv2%2Ftags&post=107797"}],"curies":[{"name":"wp","href":"https:\/\/api.w.org\/{rel}","templated":true}]}}