{"id":10775,"date":"2009-07-03T22:02:50","date_gmt":"2009-07-03T20:02:50","guid":{"rendered":"http:\/\/kulturbloggen.com\/?p=10775"},"modified":"2009-07-03T22:02:50","modified_gmt":"2009-07-03T20:02:50","slug":"bob-hund-rockade-skiten-ur-arvika","status":"publish","type":"post","link":"https:\/\/kulturbloggen.com\/?p=10775","title":{"rendered":"Bob Hund rockade skiten ur Arvika"},"content":{"rendered":"<p><a href=\"http:\/\/sodergren.com\/kulturbloggen\/wp-content\/uploads\/2009\/07\/bobhund.jpg\"><img loading=\"lazy\" decoding=\"async\" src=\"http:\/\/sodergren.com\/kulturbloggen\/wp-content\/uploads\/2009\/07\/bobhund-300x300.jpg\" alt=\"bobhund\" title=\"bobhund\" width=\"300\" height=\"300\" class=\"aligncenter size-medium wp-image-10779\" \/><\/a><br \/>\nBob Hund rockade skiten ur Arvika. Publiken tokdansade.<br \/>\n\u00d6berg sv\u00e4vade \u00f6ver publiken och \u00e4gde scenen.<\/p>\n<p>Det var det b\u00e4sta jag har sett p\u00e5 mycket, mycket l\u00e4nge. Ren gl\u00e4dje i \u00e5skregnet.<\/p>\n<p>Lycklig och genombl\u00f6t laddar jag nu inf\u00f6r Depeche. Det kan bli alldeles, alldeles underbart.<\/p>\n<p><a href=\"http:\/\/www.bobhund.nu\/\">Bob Hunds hemsida.<br \/>\n<\/a><br \/>\nMer och annat fr\u00e5n Arvikafestivalen:<br \/>\n<a href=\"http:\/\/blogg.aftonbladet.se\/thesounds\/2009\/07\/vag-och-en-ljummen-bira\">L\u00e4s g\u00e4rna The Sounds blogginl\u00e4gg om och inf\u00f6r sin spelning i Arvika.<\/a><br \/>\n<a href=\"http:\/\/www.aftonbladet.se\/nojesbladet\/supersommar2009\/article5463000.ab\">Recension av NIN:s spelning<\/a><br \/>\n<a href=\"http:\/\/www.dn.se\/kultur-noje\/konsertrecensioner\/nine-inch-nails-royksopp-santigold-detektivbyran-mfl-pa-arvikafestivalen-1.904498\">DN om dag 1 p\u00e5 Arvikafestivalen.<\/a><\/p>\n<p>L\u00e4s \u00e4ven andra bloggares \u00e5sikter om <a href=\"http:\/\/bloggar.se\/om\/musik\" rel=\"tag\">musik<\/a>, <a href=\"http:\/\/bloggar.se\/om\/musikfestival\" rel=\"tag\">musikfestival<\/a>, <a href=\"http:\/\/bloggar.se\/om\/Bob+Hund\" rel=\"tag\">Bob Hund<\/a>, <a href=\"http:\/\/bloggar.se\/om\/rockmusik\" rel=\"tag\">rockmusik<\/a>, <a href=\"http:\/\/bloggar.se\/om\/Depeche+Mode\" rel=\"tag\">Depeche Mode<\/a>, <a href=\"http:\/\/bloggar.se\/om\/Arvikafestivalenmusik\" rel=\"tag\">Arvikafestivalenmusik<\/a>, <a href=\"http:\/\/bloggar.se\/om\/musikfestival\" rel=\"tag\">musikfestival<\/a>, <a href=\"http:\/\/bloggar.se\/om\/Bob+Hund\" rel=\"tag\">Bob Hund<\/a>, <a href=\"http:\/\/bloggar.se\/om\/rockmusik\" rel=\"tag\">rockmusik<\/a>, <a href=\"http:\/\/bloggar.se\/om\/Depeche+Mode\" rel=\"tag\">Depeche Mode<\/a>, <a href=\"http:\/\/bloggar.se\/om\/Arvikafestivalenmusik\" rel=\"tag\">Arvikafestivalenmusik<\/a>, <a href=\"http:\/\/bloggar.se\/om\/musikfestival\" rel=\"tag\">musikfestival<\/a>, <a href=\"http:\/\/bloggar.se\/om\/Bob+Hund\" rel=\"tag\">Bob Hund<\/a>, <a href=\"http:\/\/bloggar.se\/om\/rockmusik\" rel=\"tag\">rockmusik<\/a>, <a href=\"http:\/\/bloggar.se\/om\/Depeche+Mode\" rel=\"tag\">Depeche Mode<\/a>, <a href=\"http:\/\/bloggar.se\/om\/Arvikafestivalen\" rel=\"tag\">Arvikafestivalen<\/a><\/p>\n","protected":false},"excerpt":{"rendered":"<p>Bob Hund rockade skiten ur Arvika. Publiken tokdansade. \u00d6berg sv\u00e4vade \u00f6ver publiken och \u00e4gde scenen. Det var det b\u00e4sta jag har sett p\u00e5 mycket, mycket l\u00e4nge. Ren gl\u00e4dje i \u00e5skregnet. Lycklig och genombl\u00f6t laddar jag nu inf\u00f6r Depeche. Det kan bli alldeles, alldeles underbart. Bob Hunds hemsida. Mer och annat fr\u00e5n Arvikafestivalen: L\u00e4s g\u00e4rna The [&hellip;]<\/p>\n","protected":false},"author":13,"featured_media":0,"comment_status":"open","ping_status":"open","sticky":false,"template":"","format":"standard","meta":{"_genesis_hide_title":false,"_genesis_hide_breadcrumbs":false,"_genesis_hide_singular_image":false,"_genesis_hide_footer_widgets":false,"_genesis_custom_body_class":"","_genesis_custom_post_class":"","_genesis_layout":"","footnotes":""},"categories":[7],"tags":[12282,3844],"class_list":{"0":"post-10775","1":"post","2":"type-post","3":"status-publish","4":"format-standard","6":"category-musik","7":"tag-musik","8":"tag-musikfestival","9":"entry"},"_links":{"self":[{"href":"https:\/\/kulturbloggen.com\/index.php?rest_route=\/wp\/v2\/posts\/10775","targetHints":{"allow":["GET"]}}],"collection":[{"href":"https:\/\/kulturbloggen.com\/index.php?rest_route=\/wp\/v2\/posts"}],"about":[{"href":"https:\/\/kulturbloggen.com\/index.php?rest_route=\/wp\/v2\/types\/post"}],"author":[{"embeddable":true,"href":"https:\/\/kulturbloggen.com\/index.php?rest_route=\/wp\/v2\/users\/13"}],"replies":[{"embeddable":true,"href":"https:\/\/kulturbloggen.com\/index.php?rest_route=%2Fwp%2Fv2%2Fcomments&post=10775"}],"version-history":[{"count":0,"href":"https:\/\/kulturbloggen.com\/index.php?rest_route=\/wp\/v2\/posts\/10775\/revisions"}],"wp:attachment":[{"href":"https:\/\/kulturbloggen.com\/index.php?rest_route=%2Fwp%2Fv2%2Fmedia&parent=10775"}],"wp:term":[{"taxonomy":"category","embeddable":true,"href":"https:\/\/kulturbloggen.com\/index.php?rest_route=%2Fwp%2Fv2%2Fcategories&post=10775"},{"taxonomy":"post_tag","embeddable":true,"href":"https:\/\/kulturbloggen.com\/index.php?rest_route=%2Fwp%2Fv2%2Ftags&post=10775"}],"curies":[{"name":"wp","href":"https:\/\/api.w.org\/{rel}","templated":true}]}}