{"id":107706,"date":"2017-02-22T11:18:13","date_gmt":"2017-02-22T10:18:13","guid":{"rendered":"http:\/\/kulturbloggen.com\/?p=107706"},"modified":"2017-02-22T11:18:13","modified_gmt":"2017-02-22T10:18:13","slug":"anna-von-hausswolff-spelar-i-stockholm-och-goteborg-i-var","status":"publish","type":"post","link":"https:\/\/kulturbloggen.com\/?p=107706","title":{"rendered":"Anna von Hausswolff spelar i Stockholm och G\u00f6teborg i v\u00e5r"},"content":{"rendered":"<p><a href=\"http:\/\/kulturbloggen.com\/wp-content\/uploads\/2017\/02\/annavonhauss2017.jpg\"><img loading=\"lazy\" decoding=\"async\" src=\"http:\/\/kulturbloggen.com\/wp-content\/uploads\/2017\/02\/annavonhauss2017-300x300.jpg\" alt=\"\" width=\"300\" height=\"300\" class=\"aligncenter size-medium wp-image-107707\" srcset=\"https:\/\/kulturbloggen.com\/wp-content\/uploads\/2017\/02\/annavonhauss2017-300x300.jpg 300w, https:\/\/kulturbloggen.com\/wp-content\/uploads\/2017\/02\/annavonhauss2017-150x150.jpg 150w, https:\/\/kulturbloggen.com\/wp-content\/uploads\/2017\/02\/annavonhauss2017-768x768.jpg 768w, https:\/\/kulturbloggen.com\/wp-content\/uploads\/2017\/02\/annavonhauss2017.jpg 1000w\" sizes=\"auto, (max-width: 300px) 100vw, 300px\" \/><\/a><\/p>\n<p>Anna von Hausswolff ger tv\u00e5 konserter i v\u00e5r: i G\u00f6teborg och i Stockholm.<br \/>\n28 mars \u2013 G\u00f6teborg, Pustervik<br \/>\n1 april \u2013 Stockholm, Vasateatern<\/p>\n<p>Ett pressmail ber\u00e4ttar:<br \/>\nMed orgel och sin uttrycksfulla r\u00f6st som fr\u00e4msta vapen har Anna von Hausswolff etablerat sig som en av de mest kompromissl\u00f6sa svenska artisterna verksamma idag. 2015 \u00e5rs \u201dThe Miraculous\u201d var en sagolik resa genom karga, gotiska ljudlandskap och samtidigt ett album som utmanade konventioner p\u00e5 ett s\u00e4tt som n\u00e4stan saknar motstycke i svensk musikhistoria. Hyllningarna har med all r\u00e4tt haglat in fr\u00e5n h\u00f6ger och v\u00e4nster sedan starten, inte minst f\u00f6r hennes maffiga livekonserter d\u00e4r de d\u00e5nande ljudbilderna s\u00e4tts i ny kontext och blir till n\u00e5got helt annat. I v\u00e5r spelar Anna von Hausswolff i Stockholm och G\u00f6teborg. Biljetterna \u00e4r sl\u00e4ppta!<\/p>\n<p>G\u00f6teborgska Anna von Hausswolff fick sitt stora genombrott 2009, d\u00e5 hon utan att ens ha sl\u00e4ppt en debutsingel fyllde Annedalskyrkan till br\u00e4dden under Way Out West. \u00c5ret d\u00e4rp\u00e5 kom debutalbumet \u201dSinging from the Grave\u201d som mottogs med varma hyllningar av en enad kritikerk\u00e5r och vittnade om en artist med \u00e4ndl\u00f6s potential. Efter att ha tagit det i popmusik annars ganska ovanliga instrumentet orgel under sina vingar har vi bjudits p\u00e5 ytterligare tv\u00e5 album, d\u00e4r de artistiska visionerna varit lika stora som ljudbilderna sj\u00e4lva. \u201dThe Miraculous\u201d spelades in i Studio Acusticum i Pite\u00e5 med hj\u00e4lp av Sveriges st\u00f6rsta konserthusorgel best\u00e5endes av 9000 (!) olika pipor \u2013 ett magnum opus i termens r\u00e4tta bem\u00e4rkelse.<\/p>\n<p>Senast i december f\u00f6rra \u00e5ret fick vi ytterligare ett stickprov p\u00e5 von Hausswolffs storhet i form av den \u00f6ver 20 minuter l\u00e5nga orgeldronen \u201dK\u00e4llan (Betatype)\u201d. Ett meditativt och translikt stycke som f\u00e5r oss att l\u00e4ngta till maj, ny musik och Anna von Hausswolffs \u00e5tert\u00e5g till huvudstaden.<\/p>\n","protected":false},"excerpt":{"rendered":"<p>Anna von Hausswolff ger tv\u00e5 konserter i v\u00e5r: i G\u00f6teborg och i Stockholm. 28 mars \u2013 G\u00f6teborg, Pustervik 1 april \u2013 Stockholm, Vasateatern Ett pressmail ber\u00e4ttar: Med orgel och sin uttrycksfulla r\u00f6st som fr\u00e4msta vapen har Anna von Hausswolff etablerat sig som en av de mest kompromissl\u00f6sa svenska artisterna verksamma idag. 2015 \u00e5rs \u201dThe Miraculous\u201d [&hellip;]<\/p>\n","protected":false},"author":13,"featured_media":0,"comment_status":"open","ping_status":"open","sticky":false,"template":"","format":"standard","meta":{"_genesis_hide_title":false,"_genesis_hide_breadcrumbs":false,"_genesis_hide_singular_image":false,"_genesis_hide_footer_widgets":false,"_genesis_custom_body_class":"","_genesis_custom_post_class":"","_genesis_layout":"","footnotes":""},"categories":[7],"tags":[316],"class_list":{"0":"post-107706","1":"post","2":"type-post","3":"status-publish","4":"format-standard","6":"category-musik","7":"tag-anna-von-hausswolff","8":"entry"},"_links":{"self":[{"href":"https:\/\/kulturbloggen.com\/index.php?rest_route=\/wp\/v2\/posts\/107706","targetHints":{"allow":["GET"]}}],"collection":[{"href":"https:\/\/kulturbloggen.com\/index.php?rest_route=\/wp\/v2\/posts"}],"about":[{"href":"https:\/\/kulturbloggen.com\/index.php?rest_route=\/wp\/v2\/types\/post"}],"author":[{"embeddable":true,"href":"https:\/\/kulturbloggen.com\/index.php?rest_route=\/wp\/v2\/users\/13"}],"replies":[{"embeddable":true,"href":"https:\/\/kulturbloggen.com\/index.php?rest_route=%2Fwp%2Fv2%2Fcomments&post=107706"}],"version-history":[{"count":1,"href":"https:\/\/kulturbloggen.com\/index.php?rest_route=\/wp\/v2\/posts\/107706\/revisions"}],"predecessor-version":[{"id":107708,"href":"https:\/\/kulturbloggen.com\/index.php?rest_route=\/wp\/v2\/posts\/107706\/revisions\/107708"}],"wp:attachment":[{"href":"https:\/\/kulturbloggen.com\/index.php?rest_route=%2Fwp%2Fv2%2Fmedia&parent=107706"}],"wp:term":[{"taxonomy":"category","embeddable":true,"href":"https:\/\/kulturbloggen.com\/index.php?rest_route=%2Fwp%2Fv2%2Fcategories&post=107706"},{"taxonomy":"post_tag","embeddable":true,"href":"https:\/\/kulturbloggen.com\/index.php?rest_route=%2Fwp%2Fv2%2Ftags&post=107706"}],"curies":[{"name":"wp","href":"https:\/\/api.w.org\/{rel}","templated":true}]}}