{"id":10723,"date":"2009-07-02T10:36:02","date_gmt":"2009-07-02T08:36:02","guid":{"rendered":"http:\/\/kulturbloggen.com\/?p=10723"},"modified":"2009-07-02T10:36:02","modified_gmt":"2009-07-02T08:36:02","slug":"uppladdning-pagar-arvikafestivalen-del-1","status":"publish","type":"post","link":"https:\/\/kulturbloggen.com\/?p=10723","title":{"rendered":"Uppladdning p\u00e5g\u00e5r: Arvikafestivalen, del 1"},"content":{"rendered":"<p><a href=\"http:\/\/sodergren.com\/kulturbloggen\/wp-content\/uploads\/2009\/07\/depechemode_0.jpg\"><img loading=\"lazy\" decoding=\"async\" src=\"http:\/\/sodergren.com\/kulturbloggen\/wp-content\/uploads\/2009\/07\/depechemode_0-300x100.jpg\" alt=\"depechemode_0\" title=\"depechemode_0\" width=\"300\" height=\"100\" class=\"aligncenter size-medium wp-image-10724\" \/><\/a><\/p>\n<p>\u201dReach out and touch faith\u201d\u2026 Personal Jesus med Depeche Mode d\u00e5nar ur h\u00f6gtalarna och Kulturbloggens Jenny Fornell h\u00e5ller som b\u00e4st p\u00e5 att ladda inf\u00f6r helgens musikh\u00e4ndelse: <a href=\"http:\/\/www.arvikafestivalen.se\">Arvikafestivalen <\/a>.<\/p>\n<p>Idag packar vi bilen med Doc\u00b4s, svarta kl\u00e4der, myggmedel och vattenflaskor och drar till V\u00e4rmland. Depeches konsert p\u00e5 fredagen \u00e4r ett givet val, Th\u00e5str\u00f6m p\u00e5 l\u00f6rdagen och DAF samma dag ocks\u00e5. Sedan blir det bob hund av rent nostalgiska sk\u00e4l. Det var m\u00e5nga \u00e5r sedan jag s\u00e5g dem i en sunkig lokal i Nordstan av alla st\u00e4llen. Mitt s\u00e4llskap fick h\u00e5lla fast mig i kavajen minns jag, f\u00f6r att jag inte skulle ge mig upp p\u00e5 scenen. Undrar hur det g\u00e5r nu?<\/p>\n<p>Arvika \u2013 here we come!<\/p>\n<p>Relaterat:<br \/>\n<a href=\"http:\/\/www.dn.se\/kultur-noje\/musik\/depeche-mode-infriar-syntdrommen-1.902881\">Dagens Nyheter<\/a><\/p>\n<p>L\u00e4s \u00e4ven andra bloggares \u00e5sikter om <a href=\"http:\/\/bloggar.se\/om\/musik\" rel=\"tag\">musik<\/a>, <a href=\"http:\/\/bloggar.se\/om\/syntmusik\" rel=\"tag\">syntmusik<\/a>, <a href=\"http:\/\/bloggar.se\/om\/musikfestivaler\" rel=\"tag\">musikfestivaler<\/a>, <a href=\"http:\/\/bloggar.se\/om\/Arvika\" rel=\"tag\">Arvika<\/a>, <a href=\"http:\/\/bloggar.se\/om\/Depeche+Mode\" rel=\"tag\">Depeche Mode<\/a><\/p>\n","protected":false},"excerpt":{"rendered":"<p>\u201dReach out and touch faith\u201d\u2026 Personal Jesus med Depeche Mode d\u00e5nar ur h\u00f6gtalarna och Kulturbloggens Jenny Fornell h\u00e5ller som b\u00e4st p\u00e5 att ladda inf\u00f6r helgens musikh\u00e4ndelse: Arvikafestivalen . Idag packar vi bilen med Doc\u00b4s, svarta kl\u00e4der, myggmedel och vattenflaskor och drar till V\u00e4rmland. Depeches konsert p\u00e5 fredagen \u00e4r ett givet val, Th\u00e5str\u00f6m p\u00e5 l\u00f6rdagen och [&hellip;]<\/p>\n","protected":false},"author":13,"featured_media":0,"comment_status":"open","ping_status":"open","sticky":false,"template":"","format":"standard","meta":{"_genesis_hide_title":false,"_genesis_hide_breadcrumbs":false,"_genesis_hide_singular_image":false,"_genesis_hide_footer_widgets":false,"_genesis_custom_body_class":"","_genesis_custom_post_class":"","_genesis_layout":"","footnotes":""},"categories":[7],"tags":[12282,5571],"class_list":{"0":"post-10723","1":"post","2":"type-post","3":"status-publish","4":"format-standard","6":"category-musik","7":"tag-musik","8":"tag-syntmusik","9":"entry"},"_links":{"self":[{"href":"https:\/\/kulturbloggen.com\/index.php?rest_route=\/wp\/v2\/posts\/10723","targetHints":{"allow":["GET"]}}],"collection":[{"href":"https:\/\/kulturbloggen.com\/index.php?rest_route=\/wp\/v2\/posts"}],"about":[{"href":"https:\/\/kulturbloggen.com\/index.php?rest_route=\/wp\/v2\/types\/post"}],"author":[{"embeddable":true,"href":"https:\/\/kulturbloggen.com\/index.php?rest_route=\/wp\/v2\/users\/13"}],"replies":[{"embeddable":true,"href":"https:\/\/kulturbloggen.com\/index.php?rest_route=%2Fwp%2Fv2%2Fcomments&post=10723"}],"version-history":[{"count":0,"href":"https:\/\/kulturbloggen.com\/index.php?rest_route=\/wp\/v2\/posts\/10723\/revisions"}],"wp:attachment":[{"href":"https:\/\/kulturbloggen.com\/index.php?rest_route=%2Fwp%2Fv2%2Fmedia&parent=10723"}],"wp:term":[{"taxonomy":"category","embeddable":true,"href":"https:\/\/kulturbloggen.com\/index.php?rest_route=%2Fwp%2Fv2%2Fcategories&post=10723"},{"taxonomy":"post_tag","embeddable":true,"href":"https:\/\/kulturbloggen.com\/index.php?rest_route=%2Fwp%2Fv2%2Ftags&post=10723"}],"curies":[{"name":"wp","href":"https:\/\/api.w.org\/{rel}","templated":true}]}}