{"id":107113,"date":"2017-01-24T12:58:50","date_gmt":"2017-01-24T11:58:50","guid":{"rendered":"http:\/\/kulturbloggen.com\/?p=107113"},"modified":"2017-01-24T12:58:50","modified_gmt":"2017-01-24T11:58:50","slug":"the-chainsmokers-the-killers-och-laleh-till-bravalla","status":"publish","type":"post","link":"https:\/\/kulturbloggen.com\/?p=107113","title":{"rendered":"The Chainsmokers, The Killers och Laleh till Br\u00e5valla"},"content":{"rendered":"<p><a href=\"http:\/\/kulturbloggen.com\/wp-content\/uploads\/2017\/01\/bravalla2017.jpg\"><img loading=\"lazy\" decoding=\"async\" src=\"http:\/\/kulturbloggen.com\/wp-content\/uploads\/2017\/01\/bravalla2017-300x200.jpg\" alt=\"\" width=\"300\" height=\"200\" class=\"aligncenter size-medium wp-image-107114\" srcset=\"https:\/\/kulturbloggen.com\/wp-content\/uploads\/2017\/01\/bravalla2017-300x200.jpg 300w, https:\/\/kulturbloggen.com\/wp-content\/uploads\/2017\/01\/bravalla2017.jpg 560w\" sizes=\"auto, (max-width: 300px) 100vw, 300px\" \/><\/a><\/p>\n<p>Det finns inte m\u00e5nga som kunde m\u00e4ta sig med The Chainsmokers f\u00f6rra \u00e5ret. De hade tre l\u00e5tar p\u00e5 Spotifys topp-30-lista \u00f6ver v\u00e4rldens mest streamade l\u00e5tar 2016 plus att de l\u00e5g topp 10 p\u00e5 listan \u00f6ver de mest spelade artisterna i Sverige. Efter en sluts\u00e5ld konsert p\u00e5 Berns i h\u00f6stas \u00e4r det nu klart att den amerikanska dj-duon intar Br\u00e5valla i sommar.<\/p>\n<p>\u00c4ven det amerikanska indierockbandet The Killers \u00e4r nu klara f\u00f6r Br\u00e5valla. Bev\u00e4pnade med hits som \u201dHuman\u201d, \u201dMr Brightside\u201d, \u201dWhen You Were Young\u201d och den senaste singeln \u201dPeace Of Mind\u201d kommer de att dra in som ett efterl\u00e4ngtat h\u00f6gtryck \u00f6ver festivalen i sommar.<\/p>\n<p>En annan som l\u00e5g h\u00f6gt upp p\u00e5 Spotifys \u00e5rssammanfattning var Laleh. Hennes singel \u201dBara f\u00e5 va mig sj\u00e4lv\u201d fr\u00e5n det hyllade albumet \u201dKristaller\u201d var 2016-\u00e5rs mest streamade l\u00e5t p\u00e5 svenska. I sommar \u00e5terv\u00e4nder hon till Br\u00e5valla f\u00f6r f\u00f6rsta g\u00e5ngen sen 2014.<\/p>\n<p>Ett pressmeddelande ber\u00e4ttar:<br \/>\nI dagens bandsl\u00e4pp \u00e5terfinns \u00e4ven Adept, LP samt Of Mice &#038; Men.<\/p>\n<p>Hela dagens bandsl\u00e4pp:<br \/>\nThe Chainsmokers<br \/>\nThe Killers<br \/>\nAdept<br \/>\nLaleh<br \/>\nLP<br \/>\nOf Mice &#038; Men<\/p>\n<p>Hittills sl\u00e4ppta akter:<br \/>\nAlesso | The Chainsmokers | The Killers | Linkin Park | Martin Garrix | System of a Down<\/p>\n<p>Adept | Die Antwoord | Ellie Goulding | Laleh | LP | Mac Miller | Norlie &#038; KKV | Otto Knows | Of Mice &#038; Men | Passenger | Prophets Of Rage | Travis Scott<\/p>\n<p>Br\u00e5valla festival 2017 g\u00e5r av stapeln den 28 juni &#8211; 1 juli i Norrk\u00f6ping.<\/p>\n","protected":false},"excerpt":{"rendered":"<p>Det finns inte m\u00e5nga som kunde m\u00e4ta sig med The Chainsmokers f\u00f6rra \u00e5ret. De hade tre l\u00e5tar p\u00e5 Spotifys topp-30-lista \u00f6ver v\u00e4rldens mest streamade l\u00e5tar 2016 plus att de l\u00e5g topp 10 p\u00e5 listan \u00f6ver de mest spelade artisterna i Sverige. Efter en sluts\u00e5ld konsert p\u00e5 Berns i h\u00f6stas \u00e4r det nu klart att den [&hellip;]<\/p>\n","protected":false},"author":13,"featured_media":0,"comment_status":"open","ping_status":"open","sticky":false,"template":"","format":"standard","meta":{"_genesis_hide_title":false,"_genesis_hide_breadcrumbs":false,"_genesis_hide_singular_image":false,"_genesis_hide_footer_widgets":false,"_genesis_custom_body_class":"","_genesis_custom_post_class":"","_genesis_layout":"","footnotes":""},"categories":[7],"tags":[8756,3844,5765],"class_list":{"0":"post-107113","1":"post","2":"type-post","3":"status-publish","4":"format-standard","6":"category-musik","7":"tag-bravalla","8":"tag-musikfestival","9":"tag-the-killers","10":"entry"},"_links":{"self":[{"href":"https:\/\/kulturbloggen.com\/index.php?rest_route=\/wp\/v2\/posts\/107113","targetHints":{"allow":["GET"]}}],"collection":[{"href":"https:\/\/kulturbloggen.com\/index.php?rest_route=\/wp\/v2\/posts"}],"about":[{"href":"https:\/\/kulturbloggen.com\/index.php?rest_route=\/wp\/v2\/types\/post"}],"author":[{"embeddable":true,"href":"https:\/\/kulturbloggen.com\/index.php?rest_route=\/wp\/v2\/users\/13"}],"replies":[{"embeddable":true,"href":"https:\/\/kulturbloggen.com\/index.php?rest_route=%2Fwp%2Fv2%2Fcomments&post=107113"}],"version-history":[{"count":1,"href":"https:\/\/kulturbloggen.com\/index.php?rest_route=\/wp\/v2\/posts\/107113\/revisions"}],"predecessor-version":[{"id":107115,"href":"https:\/\/kulturbloggen.com\/index.php?rest_route=\/wp\/v2\/posts\/107113\/revisions\/107115"}],"wp:attachment":[{"href":"https:\/\/kulturbloggen.com\/index.php?rest_route=%2Fwp%2Fv2%2Fmedia&parent=107113"}],"wp:term":[{"taxonomy":"category","embeddable":true,"href":"https:\/\/kulturbloggen.com\/index.php?rest_route=%2Fwp%2Fv2%2Fcategories&post=107113"},{"taxonomy":"post_tag","embeddable":true,"href":"https:\/\/kulturbloggen.com\/index.php?rest_route=%2Fwp%2Fv2%2Ftags&post=107113"}],"curies":[{"name":"wp","href":"https:\/\/api.w.org\/{rel}","templated":true}]}}