{"id":10705,"date":"2009-06-30T13:51:59","date_gmt":"2009-06-30T11:51:59","guid":{"rendered":"http:\/\/kulturbloggen.com\/?p=10705"},"modified":"2009-06-30T13:51:59","modified_gmt":"2009-06-30T11:51:59","slug":"goteborg-lamnar-demokratin-och-forbjuder-yttrandefrihet-i-toner","status":"publish","type":"post","link":"https:\/\/kulturbloggen.com\/?p=10705","title":{"rendered":"G\u00f6teborg l\u00e4mnar demokratin och f\u00f6rbjuder yttrandefrihet i toner"},"content":{"rendered":"<p><a href=\"http:\/\/sodergren.com\/kulturbloggen\/wp-content\/uploads\/2009\/06\/hellstrom.jpg\"><img loading=\"lazy\" decoding=\"async\" src=\"http:\/\/sodergren.com\/kulturbloggen\/wp-content\/uploads\/2009\/06\/hellstrom.jpg\" alt=\"hellstrom\" title=\"hellstrom\" width=\"215\" height=\"300\" class=\"aligncenter size-full wp-image-10706\" \/><\/a><br \/>\nG\u00f6teborg f\u00f6rbjuder gatumusik. Jag kan knappt tro att det \u00e4r sant.<\/p>\n<p>L\u00e5t oss demonstrera och manifestera f\u00f6r ett f\u00f6rbud f\u00f6r G\u00f6teborgspolitiker att ta detta beslut. Det \u00e4r otroligt oetiskt att f\u00f6rbjuda musik. Det \u00e4r att f\u00f6rbjuda oss att yttra oss, det \u00e4r att strypa yttrandefrihet. Musik \u00e4r ett s\u00e4tt att s\u00e4ga n\u00e5got, med toner.<\/p>\n<p><a href=\"http:\/\/aftonbladet.se\/nyheter\/article5447029.ab\">Ur Aftonbladet:<\/a><\/p>\n<blockquote><p>Imorgon \u00e4r sista dagen det \u00e4r fritt fram f\u00f6r gatumusikerna i G\u00f6teborg. Fr\u00e5n och med den 1 juli f\u00f6rbjuds gatumusikerna i centrala G\u00f6teborg. I alla fall mellan vissa tider.<\/p>\n<p>F\u00f6rbjudet har tillkommit efter att f\u00f6retagarf\u00f6reningar har klagat p\u00e5 att det \u00e4r ett st\u00f6rande moment f\u00f6r deras personal n\u00e4r samma l\u00e5t spelas g\u00e5ng p\u00e5 g\u00e5ng.<br \/>\nMen artisterna som protester med uppropet i G\u00f6teborgs-Posten gillar inte att kommunen ska best\u00e4mma.<\/p>\n<p>Det p\u00e5minner om \u201dtyskt 30-tal\u201d och \u00e4r \u201dhelt upp\u00e5t v\u00e4ggarna\u201d.<\/p><\/blockquote>\n<p>G\u00f6teborgspolitkerna har d\u00e4rmed visat att de inte borde f\u00e5 ha n\u00e5gon makt.<\/p>\n<p>Det \u00e4r ju odemokratiskt att f\u00f6rbjuda musik. Musik \u00e4r ett s\u00e4tt att uttrycka sig p\u00e5, ett s\u00e4tt att s\u00e4ga n\u00e5got med annat \u00e4n ord.<\/p>\n<p>I ett demokratiskt samh\u00e4lle g\u00e5r det inte att f\u00f6rbjuda musik.<\/p>\n<p>Relaterat: <a href=\"http:\/\/www.zaramis.nu\/blog\/2009\/06\/29\/det-har-med-gatumusiken-ett-forbud-kan-inte-losa-sociala-problem\/\">Svensson bloggar ocks\u00e5 om detta.<\/a><\/p>\n<p><a href=\"http:\/\/www.gp.se\/gp\/jsp\/Crosslink.jsp?d=113&amp;a=503629\" target=\"_blank\">GP1<\/a>, <a href=\"http:\/\/www.gp.se\/gp\/jsp\/Crosslink.jsp?d=114&amp;a=503293\" target=\"_blank\">2<\/a>, <a href=\"http:\/\/www.gp.se\/gp\/jsp\/Crosslink.jsp?d=113&amp;a=503597\" target=\"_blank\">3<\/a>, <a href=\"http:\/\/www.gt.se\/noje\/musik\/1.1622635\/de-slass-for-gatumusiken\" target=\"_blank\">GT<\/a>, <a href=\"http:\/\/www.aftonbladet.se\/nyheter\/article5447029.ab\" target=\"_blank\">AB<\/a>, <a href=\"http:\/\/go.dagbladet.no\/ego.cgi\/dbf_henv\/http:\/\/www.dagbladet.no\/2009\/06\/29\/kultur\/gatemusikk\/musikk\/sverige\/6964734\/\" target=\"_blank\">DB<\/a>,<\/p>\n<p>L\u00e4s \u00e4ven andra bloggares \u00e5sikter om <a href=\"http:\/\/bloggar.se\/om\/G%F6teborg\" rel=\"tag\">G\u00f6teborg<\/a>, <a href=\"http:\/\/bloggar.se\/om\/musik\" rel=\"tag\">musik<\/a>, <a href=\"http:\/\/bloggar.se\/om\/gatumusik\" rel=\"tag\">gatumusik<\/a>, <a href=\"http:\/\/bloggar.se\/om\/yttrandefrihet\" rel=\"tag\">yttrandefrihet<\/a>, <a href=\"http:\/\/bloggar.se\/om\/H%E5kan+Hellstr%F6m\" rel=\"tag\">H\u00e5kan Hellstr\u00f6m<\/a>, <a href=\"http:\/\/bloggar.se\/om\/Kron%E9r\" rel=\"tag\">Kron\u00e9r<\/a><\/p>\n","protected":false},"excerpt":{"rendered":"<p>G\u00f6teborg f\u00f6rbjuder gatumusik. Jag kan knappt tro att det \u00e4r sant. L\u00e5t oss demonstrera och manifestera f\u00f6r ett f\u00f6rbud f\u00f6r G\u00f6teborgspolitiker att ta detta beslut. Det \u00e4r otroligt oetiskt att f\u00f6rbjuda musik. Det \u00e4r att f\u00f6rbjuda oss att yttra oss, det \u00e4r att strypa yttrandefrihet. Musik \u00e4r ett s\u00e4tt att s\u00e4ga n\u00e5got, med toner. Ur [&hellip;]<\/p>\n","protected":false},"author":2,"featured_media":0,"comment_status":"open","ping_status":"open","sticky":false,"template":"","format":"standard","meta":{"_genesis_hide_title":false,"_genesis_hide_breadcrumbs":false,"_genesis_hide_singular_image":false,"_genesis_hide_footer_widgets":false,"_genesis_custom_body_class":"","_genesis_custom_post_class":"","_genesis_layout":"","footnotes":""},"categories":[62,7],"tags":[1968,2159,12282],"class_list":{"0":"post-10705","1":"post","2":"type-post","3":"status-publish","4":"format-standard","6":"category-medie-och-kulturpolitik","7":"category-musik","8":"tag-gatumusik","9":"tag-goteborg","10":"tag-musik","11":"entry"},"_links":{"self":[{"href":"https:\/\/kulturbloggen.com\/index.php?rest_route=\/wp\/v2\/posts\/10705","targetHints":{"allow":["GET"]}}],"collection":[{"href":"https:\/\/kulturbloggen.com\/index.php?rest_route=\/wp\/v2\/posts"}],"about":[{"href":"https:\/\/kulturbloggen.com\/index.php?rest_route=\/wp\/v2\/types\/post"}],"author":[{"embeddable":true,"href":"https:\/\/kulturbloggen.com\/index.php?rest_route=\/wp\/v2\/users\/2"}],"replies":[{"embeddable":true,"href":"https:\/\/kulturbloggen.com\/index.php?rest_route=%2Fwp%2Fv2%2Fcomments&post=10705"}],"version-history":[{"count":0,"href":"https:\/\/kulturbloggen.com\/index.php?rest_route=\/wp\/v2\/posts\/10705\/revisions"}],"wp:attachment":[{"href":"https:\/\/kulturbloggen.com\/index.php?rest_route=%2Fwp%2Fv2%2Fmedia&parent=10705"}],"wp:term":[{"taxonomy":"category","embeddable":true,"href":"https:\/\/kulturbloggen.com\/index.php?rest_route=%2Fwp%2Fv2%2Fcategories&post=10705"},{"taxonomy":"post_tag","embeddable":true,"href":"https:\/\/kulturbloggen.com\/index.php?rest_route=%2Fwp%2Fv2%2Ftags&post=10705"}],"curies":[{"name":"wp","href":"https:\/\/api.w.org\/{rel}","templated":true}]}}