{"id":106971,"date":"2017-01-16T10:25:01","date_gmt":"2017-01-16T09:25:01","guid":{"rendered":"http:\/\/kulturbloggen.com\/?p=106971"},"modified":"2017-01-16T10:25:01","modified_gmt":"2017-01-16T09:25:01","slug":"lilla-gumman-och-storebror-en-kabare-om-makt-och-maktloshet-av-andrea-tarrodi-och-per-egland-pa-fylkingen","status":"publish","type":"post","link":"https:\/\/kulturbloggen.com\/?p=106971","title":{"rendered":"Lilla Gumman och Storebror \u2013 En kabar\u00e9 om makt och maktl\u00f6shet av Andrea Tarrodi och Per Egland &#8211; p\u00e5 Fylkingen"},"content":{"rendered":"<p><a href=\"http:\/\/kulturbloggen.com\/wp-content\/uploads\/2017\/01\/lillagumman.jpg\"><img loading=\"lazy\" decoding=\"async\" src=\"http:\/\/kulturbloggen.com\/wp-content\/uploads\/2017\/01\/lillagumman.jpg\" alt=\"\" width=\"450\" height=\"493\" class=\"aligncenter size-full wp-image-106972\" srcset=\"https:\/\/kulturbloggen.com\/wp-content\/uploads\/2017\/01\/lillagumman.jpg 450w, https:\/\/kulturbloggen.com\/wp-content\/uploads\/2017\/01\/lillagumman-274x300.jpg 274w\" sizes=\"auto, (max-width: 450px) 100vw, 450px\" \/><\/a><\/p>\n<p>Lilla Gumman och Storebror \u2013 En kabar\u00e9 om makt och maktl\u00f6shet \u00e4r en teaterkonsert med nyskriven musik av tons\u00e4ttarna Andrea Tarrodi och Per Egland. Med humor och samh\u00e4llssatir belyser f\u00f6rest\u00e4llningen makt och patriarkala strukturer. Till exempel finns ett stycke d\u00e4r en mansk\u00f6r frenetiskt f\u00f6rs\u00f6ker k\u00e4mpa emot en ensam kontrabas d\u00e4r texten enbart best\u00e5r av patriarkala plattityder. Publiken f\u00e5r \u00e4ven m\u00f6ta en framg\u00e5ngsrik aff\u00e4rsman och en dam som kidnappar svanar. Uruppf\u00f6rande s\u00f6ndag 29 januari p\u00e5 Fylkingen. <\/p>\n<p>Ett pressmeddelande:<br \/>\n\u2013 Denna f\u00f6rest\u00e4llning g\u00e5r p\u00e5 tv\u00e4rs med genrer och konsertformer. Den b\u00e5de lockar, retar och gapskrattar samtidigt som den resonerar kring begreppet makt. Musikerna spelar, dansar och reciterar. Lilla Gumman och Storebror \u2013 En Kabar\u00e9 om Makt och Maktl\u00f6shet befinner sig i gr\u00e4nslandet mellan fin-fint och j\u00e4ttefult, s\u00e4ger Andrea Tarrodi och Per Egland.<\/p>\n<p>Andrea Tarrodi och Per Egland tillh\u00f6r n\u00e5gra av landets mest anlitade tons\u00e4ttare som \u00e4rats med b\u00e5de musikf\u00f6rl\u00e4ggarnas pris samt flertalet grammisnomineringar. Gemensamt har de ett intresse f\u00f6r att finna alternativa v\u00e4gar f\u00f6r den nya konstmusiken.<\/p>\n<p>Sanna Nystr\u00f6m har gjort kostym till f\u00f6rest\u00e4llningen. Hennes kostym kan ses p\u00e5 Folkoperan, Mammas nya kille och p\u00e5 Erik och Lotta i Historie\u00e4tarna.<\/p>\n<p>Jens Lundberg spelar bandoneon, han \u00e4r en av Europas fr\u00e4mste bandeonister och kommer nyligen fr\u00e5n en hyllad turn\u00e9 i Norra Sverige.<\/p>\n<p>Emma Nyberg spelar kontrabas, hon \u00e4r kontrabasist i Kungliga Filharmonikerna samt flitigt verksam i Stockholms fria musikliv.<\/p>\n<p>Krock best\u00e5r av medlemmarna Pascal Jardry och Danjel R\u00f6hr, de har sedan starten 2005 uruppf\u00f6rt ett 30-tal verk samt arbetat i st\u00f6rre projekt, b\u00e5de rent musikaliska s\u00e5som det internationella samarbetet 45 minutes of music on the subject of football samt sceniska produktioner som liveoperan Anfasia och kammaroperan Valeries voice.<\/p>\n<p>Lilla Gumman och Storebror \u2013 En Kabar\u00e9 om Makt och Maktl\u00f6shet genomf\u00f6rs med st\u00f6d fr\u00e5n Kulturr\u00e5det.<\/p>\n<p>Uruppf\u00f6rande s\u00f6ndag 29 januari kl. 19:00 p\u00e5 Fylkingen.  <\/p>\n","protected":false},"excerpt":{"rendered":"<p>Lilla Gumman och Storebror \u2013 En kabar\u00e9 om makt och maktl\u00f6shet \u00e4r en teaterkonsert med nyskriven musik av tons\u00e4ttarna Andrea Tarrodi och Per Egland. Med humor och samh\u00e4llssatir belyser f\u00f6rest\u00e4llningen makt och patriarkala strukturer. Till exempel finns ett stycke d\u00e4r en mansk\u00f6r frenetiskt f\u00f6rs\u00f6ker k\u00e4mpa emot en ensam kontrabas d\u00e4r texten enbart best\u00e5r av patriarkala [&hellip;]<\/p>\n","protected":false},"author":13,"featured_media":0,"comment_status":"open","ping_status":"open","sticky":false,"template":"","format":"standard","meta":{"_genesis_hide_title":false,"_genesis_hide_breadcrumbs":false,"_genesis_hide_singular_image":false,"_genesis_hide_footer_widgets":false,"_genesis_custom_body_class":"","_genesis_custom_post_class":"","_genesis_layout":"","footnotes":""},"categories":[20],"tags":[13170,4309],"class_list":["post-106971","post","type-post","status-publish","format-standard","category-film","tag-fylkingen","tag-per-egland","entry"],"_links":{"self":[{"href":"https:\/\/kulturbloggen.com\/index.php?rest_route=\/wp\/v2\/posts\/106971","targetHints":{"allow":["GET"]}}],"collection":[{"href":"https:\/\/kulturbloggen.com\/index.php?rest_route=\/wp\/v2\/posts"}],"about":[{"href":"https:\/\/kulturbloggen.com\/index.php?rest_route=\/wp\/v2\/types\/post"}],"author":[{"embeddable":true,"href":"https:\/\/kulturbloggen.com\/index.php?rest_route=\/wp\/v2\/users\/13"}],"replies":[{"embeddable":true,"href":"https:\/\/kulturbloggen.com\/index.php?rest_route=%2Fwp%2Fv2%2Fcomments&post=106971"}],"version-history":[{"count":1,"href":"https:\/\/kulturbloggen.com\/index.php?rest_route=\/wp\/v2\/posts\/106971\/revisions"}],"predecessor-version":[{"id":106973,"href":"https:\/\/kulturbloggen.com\/index.php?rest_route=\/wp\/v2\/posts\/106971\/revisions\/106973"}],"wp:attachment":[{"href":"https:\/\/kulturbloggen.com\/index.php?rest_route=%2Fwp%2Fv2%2Fmedia&parent=106971"}],"wp:term":[{"taxonomy":"category","embeddable":true,"href":"https:\/\/kulturbloggen.com\/index.php?rest_route=%2Fwp%2Fv2%2Fcategories&post=106971"},{"taxonomy":"post_tag","embeddable":true,"href":"https:\/\/kulturbloggen.com\/index.php?rest_route=%2Fwp%2Fv2%2Ftags&post=106971"}],"curies":[{"name":"wp","href":"https:\/\/api.w.org\/{rel}","templated":true}]}}