{"id":106801,"date":"2017-01-03T10:49:30","date_gmt":"2017-01-03T09:49:30","guid":{"rendered":"http:\/\/kulturbloggen.com\/?p=106801"},"modified":"2017-01-03T10:49:30","modified_gmt":"2017-01-03T09:49:30","slug":"peter-bjorn-and-john-till-umea-open-2017","status":"publish","type":"post","link":"https:\/\/kulturbloggen.com\/?p=106801","title":{"rendered":"Peter Bjorn and John till Ume\u00e5 Open 2017"},"content":{"rendered":"<p><a href=\"http:\/\/kulturbloggen.com\/wp-content\/uploads\/2017\/01\/peterbjornjohnuemaopen.jpg\"><img loading=\"lazy\" decoding=\"async\" src=\"http:\/\/kulturbloggen.com\/wp-content\/uploads\/2017\/01\/peterbjornjohnuemaopen.jpg\" alt=\"\" width=\"450\" height=\"450\" class=\"aligncenter size-full wp-image-106809\" srcset=\"https:\/\/kulturbloggen.com\/wp-content\/uploads\/2017\/01\/peterbjornjohnuemaopen.jpg 450w, https:\/\/kulturbloggen.com\/wp-content\/uploads\/2017\/01\/peterbjornjohnuemaopen-150x150.jpg 150w, https:\/\/kulturbloggen.com\/wp-content\/uploads\/2017\/01\/peterbjornjohnuemaopen-300x300.jpg 300w\" sizes=\"auto, (max-width: 450px) 100vw, 450px\" \/><\/a><\/p>\n<p>Ume\u00e5 Open, \u00e5rets f\u00f6rsta st\u00f6rre musikfestival, drar ig\u00e5ng i slutet av mars. Nu har festivalen sl\u00e4ppt ett av sina stora akter: Peter Bjron and John.<\/p>\n<p>Ett pressmeddelande fr\u00e5n festivalen:<br \/>\nSist men inte minst<br \/>\n2016 \u00e5rs sista dag \u00e4r h\u00e4r. Vi avrundar 2016 med en sm\u00e4ll, och v\u00e4lkomnar inga mindre \u00e4n Peter Bjorn and John till festivalen.<br \/>\nPeter Bjorn and John \u00e4r sammansvetsningen av tre av musiksveriges skickligaste l\u00e5tskrivare och musiker. Less is not more, vilket ocks\u00e5 m\u00e4rks p\u00e5 deras o\u00e4ndliga l\u00e5tskatt. Vi har alla kommit p\u00e5 oss sj\u00e4lva med att vissla p\u00e5 deras monsterhit Young Folks. N\u00e4r de inte skriver l\u00e5tar till sig sj\u00e4lva s\u00e5 l\u00e5nar de ut sina talanger till en rad olika imponerande artister, s\u00e5som Lykke Li, Franz Ferdinand och Wild Nothing.<\/p>\n<p>Trion har inte mindre \u00e4n sex stycken full\u00e4ngdare i ryggen. Senaste plattan Breakin\u2019 Point kom i v\u00e5ras, och andas exakt all bra popmusik som kom p\u00e5 1970-talet. Den \u00e4r uppf\u00f6ljaren till kritikerhyllade albumet Gimme Some, och inneh\u00e5ller bland annat den hamrande, dansanta Dominos.<\/p>\n","protected":false},"excerpt":{"rendered":"<p>Ume\u00e5 Open, \u00e5rets f\u00f6rsta st\u00f6rre musikfestival, drar ig\u00e5ng i slutet av mars. Nu har festivalen sl\u00e4ppt ett av sina stora akter: Peter Bjron and John. Ett pressmeddelande fr\u00e5n festivalen: Sist men inte minst 2016 \u00e5rs sista dag \u00e4r h\u00e4r. Vi avrundar 2016 med en sm\u00e4ll, och v\u00e4lkomnar inga mindre \u00e4n Peter Bjorn and John till [&hellip;]<\/p>\n","protected":false},"author":13,"featured_media":0,"comment_status":"open","ping_status":"open","sticky":false,"template":"","format":"standard","meta":{"_genesis_hide_title":false,"_genesis_hide_breadcrumbs":false,"_genesis_hide_singular_image":false,"_genesis_hide_footer_widgets":false,"_genesis_custom_body_class":"","_genesis_custom_post_class":"","_genesis_layout":"","footnotes":""},"categories":[7],"tags":[3844,13160],"class_list":{"0":"post-106801","1":"post","2":"type-post","3":"status-publish","4":"format-standard","6":"category-musik","7":"tag-musikfestival","8":"tag-peter-bjorn-and-john-till-umea-open-2017","9":"entry"},"_links":{"self":[{"href":"https:\/\/kulturbloggen.com\/index.php?rest_route=\/wp\/v2\/posts\/106801","targetHints":{"allow":["GET"]}}],"collection":[{"href":"https:\/\/kulturbloggen.com\/index.php?rest_route=\/wp\/v2\/posts"}],"about":[{"href":"https:\/\/kulturbloggen.com\/index.php?rest_route=\/wp\/v2\/types\/post"}],"author":[{"embeddable":true,"href":"https:\/\/kulturbloggen.com\/index.php?rest_route=\/wp\/v2\/users\/13"}],"replies":[{"embeddable":true,"href":"https:\/\/kulturbloggen.com\/index.php?rest_route=%2Fwp%2Fv2%2Fcomments&post=106801"}],"version-history":[{"count":3,"href":"https:\/\/kulturbloggen.com\/index.php?rest_route=\/wp\/v2\/posts\/106801\/revisions"}],"predecessor-version":[{"id":106810,"href":"https:\/\/kulturbloggen.com\/index.php?rest_route=\/wp\/v2\/posts\/106801\/revisions\/106810"}],"wp:attachment":[{"href":"https:\/\/kulturbloggen.com\/index.php?rest_route=%2Fwp%2Fv2%2Fmedia&parent=106801"}],"wp:term":[{"taxonomy":"category","embeddable":true,"href":"https:\/\/kulturbloggen.com\/index.php?rest_route=%2Fwp%2Fv2%2Fcategories&post=106801"},{"taxonomy":"post_tag","embeddable":true,"href":"https:\/\/kulturbloggen.com\/index.php?rest_route=%2Fwp%2Fv2%2Ftags&post=106801"}],"curies":[{"name":"wp","href":"https:\/\/api.w.org\/{rel}","templated":true}]}}