{"id":106742,"date":"2016-12-29T10:32:15","date_gmt":"2016-12-29T09:32:15","guid":{"rendered":"http:\/\/kulturbloggen.com\/?p=106742"},"modified":"2016-12-29T10:32:15","modified_gmt":"2016-12-29T09:32:15","slug":"zacke-sara-parkman-matriarkatet-och-solen-till-umea-open-2017","status":"publish","type":"post","link":"https:\/\/kulturbloggen.com\/?p=106742","title":{"rendered":"Zacke, Sara Parkman, Matriarkatet och Solen till Ume\u00e5 Open 2017"},"content":{"rendered":"<p><a href=\"http:\/\/kulturbloggen.com\/wp-content\/uploads\/2016\/12\/zacke_umea.jpg\"><img loading=\"lazy\" decoding=\"async\" src=\"http:\/\/kulturbloggen.com\/wp-content\/uploads\/2016\/12\/zacke_umea.jpg\" alt=\"\" width=\"450\" height=\"304\" class=\"aligncenter size-full wp-image-106743\" srcset=\"https:\/\/kulturbloggen.com\/wp-content\/uploads\/2016\/12\/zacke_umea.jpg 450w, https:\/\/kulturbloggen.com\/wp-content\/uploads\/2016\/12\/zacke_umea-300x203.jpg 300w\" sizes=\"auto, (max-width: 450px) 100vw, 450px\" \/><\/a><\/p>\n<p>Ume\u00e5 Open \u00e4r en av kommande \u00e5rs f\u00f6rsta festivaler, Ume\u00e5-festivalen p\u00e5g\u00e5r fr\u00e5n 30 mars till 1 april 2017. Nyligen sl\u00e4pptes nyheten att S\u00e4kert! med Annika Norlin kommer till festivalen, med ett nysl\u00e4ppt album i bagaget. Nu har festivalen sl\u00e4ppt fler namn: Zacke, Sara Parkman och Solen.<\/p>\n<p>Pressmeddelanden fr\u00e5n festivalen ber\u00e4ttar om de nya bokningarna:<br \/>\n<strong>Lule\u00e5rapparen Zacke<\/strong> gav sitt namn till k\u00e4nna p\u00e5 den svenska hiphop-scenen med akrobatisk tunga och personligt uttryck. Sakta men s\u00e4kert etablerade han sig som en av landets b\u00e4sta textf\u00f6rfattare. Zacke \u00e4r en av f\u00e5 som lyckats skildra storstad kontra landsort p\u00e5 ett s\u00e4tt som inte skriver n\u00e5gon p\u00e5 n\u00e4san, utan som ber\u00e4ttar m\u00e4nniskors historier.<\/p>\n<p>Med tv\u00e5 album i bagaget har Zacke sparkat in d\u00f6rrar och gett fingret till storstadsnormer, men \u00e4ven \u00f6ppnat upp d\u00f6rrar f\u00f6r andra med liknande bakgrund. P\u00e5 det tredje albumet, Fattigkussen, ber\u00e4ttar Zacke sina absolut viktigaste historier hittills. Under ber\u00e4ttelserna hittar vi ett organiskt sound, som om det blev filtrerat genom dom Norrl\u00e4ndska skogarna. Med melodier som \u00e4r som klippt och skurna f\u00f6r Zackes betraktande, politiska och viktiga rader.<\/p>\n<p><strong>Sara Parkman<\/strong> spelar soundet som Sverige beh\u00f6ver: den anti-nationalistiska folkmusiken att spela p\u00e5 klubb. M\u00f6t ett lappt\u00e4cke av poesi, grusv\u00e4gar, tunga beats och vindlande fioler.<\/p>\n<p>Sara Parkman tar oss p\u00e5 en vindlande resa l\u00e4ngs E4 Norr, till H\u00e4ggvik 265 och \u00f6ver F\u00e4lt. Hon bjuder in oss till sin skog, d\u00e4r landsbygd m\u00f6ter stad, pop m\u00f6ter folkmusik och musik m\u00f6ter njutning, innerlighet och respekt. Hennes debutalbum som soloartist, Sara Parkmans skog, \u00e4r en angel\u00e4gen samling l\u00e5tar. Vi f\u00e5r l\u00e4ra oss eviga sanningar som att hud \u00e4r det b\u00e4sta pl\u00e5stret, och att det kr\u00e4vs fioler och r\u00e5a rop f\u00f6r att verkligen rycka tag i k\u00e4nslorna.<\/p>\n<p>Sara Parkman, som har sitt ursprung i V\u00e4sternorrland, \u00e4r folkmusiker, konstn\u00e4r och aktivist. Senast vi s\u00e5g henne i Ume\u00e5 var det som en del av Riksteater-turnerande F\u00e4boland, en feministisk och upplysande f\u00f6rest\u00e4llning som gjorde upp med sunkig nationalism och historief\u00f6rvanskningen att m\u00e4n skulle ha uppfunnit folkmusiken. F\u00e4boland s\u00e5lde slut i Ume\u00e5 (och stora delar av \u00f6vriga Sverige). Till dig som uppt\u00e4ckte Sara Parkman d\u00e5 vill vi bara h\u00e4lsa att det finns mer att uppt\u00e4cka. Ack, s\u00e5 mycket mer. <\/p>\n<p><strong>Matriarkatet<\/strong><br \/>\nMatriarkatet \u00e4r punkbandet fr\u00e5n Stockholm som genom sitt flitiga spelande runt om i landet gjort sig ih\u00e5gkomna som ett av Sveriges b\u00e4sta liveframtr\u00e4danden. Deras blodr\u00f6da debutvinyl sl\u00e4pptes 2015 och fick namnet \u201cAntiklimax\u201d. Musiktidningen Gaffa gav sedan kommentaren \u201cMatriarkatet \u00e4r precis vad punken beh\u00f6ver, en v\u00e4lriktad pungspark i skrevet p\u00e5 allt vad etablissemang och mansv\u00e4lde heter\u201d. Tillsammans med de orden har Matriarkatet attityden om att toppa varje spelning de tar sig an.<\/p>\n<p><strong>G\u00e4vlebandet Solen<\/strong> gick fr\u00e5n att vara Sveriges b\u00e4sta osignade band till att vara Sveriges b\u00e4sta signade band. Solen ger oss den \u00e4rliga rock vi saknat. Musiken \u00e4r vacker och fylld av energi. Samtidigt pr\u00e4glas den ocks\u00e5 av uppgivenhet och melankoli. Vi kan alla k\u00e4nna sm\u00e4rta men Solen pratar om den. Det \u00e4r vemod n\u00e4r den \u00e4r som b\u00e4st och beh\u00f6vs som mest.<\/p>\n<p>Albumet \u201cTill dom som bryr sig\u201d fick lovorden att hagla, och kritikerk\u00e5ren var \u00f6verens om att ett nytt Kent var f\u00f6tt. Senaste singeln \u201cMiljon\u00e4r\u201d \u00e4r ett smakprov fr\u00e5n en kommande full\u00e4ngdare, och vi v\u00e5gar hoppas p\u00e5 att f\u00e5 h\u00f6ra mer nytt material under Ume\u00e5 Open.<\/p>\n<p><iframe loading=\"lazy\" width=\"450\" height=\"253\" src=\"https:\/\/www.youtube.com\/embed\/R5Psl9_Z10Q\" frameborder=\"0\" allowfullscreen><\/iframe>  <\/p>\n","protected":false},"excerpt":{"rendered":"<p>Ume\u00e5 Open \u00e4r en av kommande \u00e5rs f\u00f6rsta festivaler, Ume\u00e5-festivalen p\u00e5g\u00e5r fr\u00e5n 30 mars till 1 april 2017. Nyligen sl\u00e4pptes nyheten att S\u00e4kert! med Annika Norlin kommer till festivalen, med ett nysl\u00e4ppt album i bagaget. Nu har festivalen sl\u00e4ppt fler namn: Zacke, Sara Parkman och Solen. Pressmeddelanden fr\u00e5n festivalen ber\u00e4ttar om de nya bokningarna: Lule\u00e5rapparen [&hellip;]<\/p>\n","protected":false},"author":13,"featured_media":0,"comment_status":"open","ping_status":"open","sticky":false,"template":"","format":"standard","meta":{"_genesis_hide_title":false,"_genesis_hide_breadcrumbs":false,"_genesis_hide_singular_image":false,"_genesis_hide_footer_widgets":false,"_genesis_custom_body_class":"","_genesis_custom_post_class":"","_genesis_layout":"","footnotes":""},"categories":[7],"tags":[12282,3844,6076,13157],"class_list":{"0":"post-106742","1":"post","2":"type-post","3":"status-publish","4":"format-standard","6":"category-musik","7":"tag-musik","8":"tag-musikfestival","9":"tag-umea-open","10":"tag-zacke","11":"entry"},"_links":{"self":[{"href":"https:\/\/kulturbloggen.com\/index.php?rest_route=\/wp\/v2\/posts\/106742","targetHints":{"allow":["GET"]}}],"collection":[{"href":"https:\/\/kulturbloggen.com\/index.php?rest_route=\/wp\/v2\/posts"}],"about":[{"href":"https:\/\/kulturbloggen.com\/index.php?rest_route=\/wp\/v2\/types\/post"}],"author":[{"embeddable":true,"href":"https:\/\/kulturbloggen.com\/index.php?rest_route=\/wp\/v2\/users\/13"}],"replies":[{"embeddable":true,"href":"https:\/\/kulturbloggen.com\/index.php?rest_route=%2Fwp%2Fv2%2Fcomments&post=106742"}],"version-history":[{"count":1,"href":"https:\/\/kulturbloggen.com\/index.php?rest_route=\/wp\/v2\/posts\/106742\/revisions"}],"predecessor-version":[{"id":106744,"href":"https:\/\/kulturbloggen.com\/index.php?rest_route=\/wp\/v2\/posts\/106742\/revisions\/106744"}],"wp:attachment":[{"href":"https:\/\/kulturbloggen.com\/index.php?rest_route=%2Fwp%2Fv2%2Fmedia&parent=106742"}],"wp:term":[{"taxonomy":"category","embeddable":true,"href":"https:\/\/kulturbloggen.com\/index.php?rest_route=%2Fwp%2Fv2%2Fcategories&post=106742"},{"taxonomy":"post_tag","embeddable":true,"href":"https:\/\/kulturbloggen.com\/index.php?rest_route=%2Fwp%2Fv2%2Ftags&post=106742"}],"curies":[{"name":"wp","href":"https:\/\/api.w.org\/{rel}","templated":true}]}}