{"id":106122,"date":"2016-11-24T18:53:08","date_gmt":"2016-11-24T17:53:08","guid":{"rendered":"http:\/\/kulturbloggen.com\/?p=106122"},"modified":"2016-11-24T19:06:51","modified_gmt":"2016-11-24T18:06:51","slug":"revanschen-for-wollter-betydelsefull","status":"publish","type":"post","link":"https:\/\/kulturbloggen.com\/?p=106122","title":{"rendered":"Revanschen f\u00f6r Wollter &#8211; betydelsefull&#8230;"},"content":{"rendered":"<p>Efter det att Instagram st\u00e4ngt ned Stina Wollters konto, formligen exploderade st\u00f6det f\u00f6r henne i sociala medier. Wollter som med sina bilder och filmklipp p\u00e5 Insta, tydligt utmanar normen f\u00f6r kvinnor som de f\u00f6rv\u00e4ntas f\u00f6lja fick, i och med Instagrams beslut idag att \u00f6ppna hennes konto, revansch. Men den revanschen \u00e4r betydligt vidare \u00e4n att enbart ber\u00f6ra Wollter sj\u00e4lv, det att st\u00f6det f\u00f6r henne vart s\u00e5 massivt ger n\u00e4thatet en rej\u00e4l kn\u00e4pp p\u00e5 n\u00e4san. Det finns ljus, inte bara m\u00f6rker&#8230;<\/p>\n<p>http:\/\/www.svt.se\/kultur\/det-var-bra-att-det-hande<\/p>\n<figure id=\"attachment_106123\" aria-describedby=\"caption-attachment-106123\" style=\"width: 300px\" class=\"wp-caption alignleft\"><a href=\"http:\/\/kulturbloggen.com\/wp-content\/uploads\/2016\/11\/IMG_5996.jpg\"><img loading=\"lazy\" decoding=\"async\" class=\"wp-image-106123 size-medium\" src=\"http:\/\/kulturbloggen.com\/wp-content\/uploads\/2016\/11\/IMG_5996-300x234.jpg\" alt=\"img_5996\" width=\"300\" height=\"234\" srcset=\"https:\/\/kulturbloggen.com\/wp-content\/uploads\/2016\/11\/IMG_5996-300x234.jpg 300w, https:\/\/kulturbloggen.com\/wp-content\/uploads\/2016\/11\/IMG_5996-768x600.jpg 768w, https:\/\/kulturbloggen.com\/wp-content\/uploads\/2016\/11\/IMG_5996-1024x800.jpg 1024w, https:\/\/kulturbloggen.com\/wp-content\/uploads\/2016\/11\/IMG_5996.jpg 1729w\" sizes=\"auto, (max-width: 300px) 100vw, 300px\" \/><\/a><figcaption id=\"caption-attachment-106123\" class=\"wp-caption-text\">(Sk\u00e4rmdump: SVT Kulturnyheterna)<\/figcaption><\/figure>\n","protected":false},"excerpt":{"rendered":"<p>Efter det att Instagram st\u00e4ngt ned Stina Wollters konto, formligen exploderade st\u00f6det f\u00f6r henne i sociala medier. Wollter som med sina bilder och filmklipp p\u00e5 Insta, tydligt utmanar normen f\u00f6r kvinnor som de f\u00f6rv\u00e4ntas f\u00f6lja fick, i och med Instagrams beslut idag att \u00f6ppna hennes konto, revansch. Men den revanschen \u00e4r betydligt vidare \u00e4n att [&hellip;]<\/p>\n","protected":false},"author":57,"featured_media":0,"comment_status":"open","ping_status":"open","sticky":false,"template":"","format":"standard","meta":{"_genesis_hide_title":false,"_genesis_hide_breadcrumbs":false,"_genesis_hide_singular_image":false,"_genesis_hide_footer_widgets":false,"_genesis_custom_body_class":"","_genesis_custom_post_class":"","_genesis_layout":"","footnotes":""},"categories":[20],"tags":[3074,3155,4090,13110,4917,23,13109],"class_list":{"0":"post-106122","1":"post","2":"type-post","3":"status-publish","4":"format-standard","6":"category-film","7":"tag-kultur","8":"tag-kvinnor","9":"tag-nathat","10":"tag-natkarlek","11":"tag-samhalle","12":"tag-socialamedier","13":"tag-stina-wollter","14":"entry"},"_links":{"self":[{"href":"https:\/\/kulturbloggen.com\/index.php?rest_route=\/wp\/v2\/posts\/106122","targetHints":{"allow":["GET"]}}],"collection":[{"href":"https:\/\/kulturbloggen.com\/index.php?rest_route=\/wp\/v2\/posts"}],"about":[{"href":"https:\/\/kulturbloggen.com\/index.php?rest_route=\/wp\/v2\/types\/post"}],"author":[{"embeddable":true,"href":"https:\/\/kulturbloggen.com\/index.php?rest_route=\/wp\/v2\/users\/57"}],"replies":[{"embeddable":true,"href":"https:\/\/kulturbloggen.com\/index.php?rest_route=%2Fwp%2Fv2%2Fcomments&post=106122"}],"version-history":[{"count":3,"href":"https:\/\/kulturbloggen.com\/index.php?rest_route=\/wp\/v2\/posts\/106122\/revisions"}],"predecessor-version":[{"id":106126,"href":"https:\/\/kulturbloggen.com\/index.php?rest_route=\/wp\/v2\/posts\/106122\/revisions\/106126"}],"wp:attachment":[{"href":"https:\/\/kulturbloggen.com\/index.php?rest_route=%2Fwp%2Fv2%2Fmedia&parent=106122"}],"wp:term":[{"taxonomy":"category","embeddable":true,"href":"https:\/\/kulturbloggen.com\/index.php?rest_route=%2Fwp%2Fv2%2Fcategories&post=106122"},{"taxonomy":"post_tag","embeddable":true,"href":"https:\/\/kulturbloggen.com\/index.php?rest_route=%2Fwp%2Fv2%2Ftags&post=106122"}],"curies":[{"name":"wp","href":"https:\/\/api.w.org\/{rel}","templated":true}]}}