{"id":105973,"date":"2016-11-18T11:18:54","date_gmt":"2016-11-18T10:18:54","guid":{"rendered":"http:\/\/kulturbloggen.com\/?p=105973"},"modified":"2016-11-18T11:18:54","modified_gmt":"2016-11-18T10:18:54","slug":"lyssna-pernilla-andersson-julbetraktelse-fran-soder-sofia-ringer-nytt","status":"publish","type":"post","link":"https:\/\/kulturbloggen.com\/?p=105973","title":{"rendered":"Lyssna: Pernilla Andersson &#8211; Julbetraktelse fr\u00e5n S\u00f6der (Sofia ringer nytt)"},"content":{"rendered":"<p><a href=\"http:\/\/kulturbloggen.com\/wp-content\/uploads\/2016\/11\/pernillanderssonjul2016.jpg\"><img loading=\"lazy\" decoding=\"async\" src=\"http:\/\/kulturbloggen.com\/wp-content\/uploads\/2016\/11\/pernillanderssonjul2016-300x300.jpg\" alt=\"pernillanderssonjul2016\" width=\"300\" height=\"300\" class=\"aligncenter size-medium wp-image-105974\" srcset=\"https:\/\/kulturbloggen.com\/wp-content\/uploads\/2016\/11\/pernillanderssonjul2016-300x300.jpg 300w, https:\/\/kulturbloggen.com\/wp-content\/uploads\/2016\/11\/pernillanderssonjul2016-150x150.jpg 150w, https:\/\/kulturbloggen.com\/wp-content\/uploads\/2016\/11\/pernillanderssonjul2016.jpg 337w\" sizes=\"auto, (max-width: 300px) 100vw, 300px\" \/><\/a><\/p>\n<p>Pernilla Andersson har sl\u00e4ppt en jull\u00e5t, \u201dJulbetraktelse fr\u00e5n S\u00f6der (Sofia ringer nytt)\u201d. Den har redan g\u00e5tt in p\u00e5 P4s A-lista.<\/p>\n<p>Pernilla Andersson ber\u00e4ttar om sina tankar om l\u00e5ten:<br \/>\n&#8211; Julbetraktelse fr\u00e5n S\u00f6der (Sofia ringer nytt)\u201d \u00e4r skriven som en p\u00e5minnelse till mej sj\u00e4lv att alltid f\u00f6rs\u00f6ka blicka fram\u00e5t, ber\u00e4ttar Pernilla. Att ringa nytt, hur hoppl\u00f6st det \u00e4n kan k\u00e4nnas. Den handlar om sorgen i att f\u00f6rlora n\u00e5gon n\u00e4ra, att \u00f6nska sig tillbaka i tiden samtidigt som man inser att det \u00e4r om\u00f6jligt. En vinters\u00e5ng till de som kanske inte orkar med det allra gl\u00e4ttigaste julklimatet, men \u00e4nd\u00e5 vill ha en hoppfull refr\u00e4ng.<\/p>\n<p>Lyssna p\u00e5 Julbetraktelse fr\u00e5n S\u00f6der (Sofia ringer nytt)<\/p>\n<p><iframe loading=\"lazy\" src=\"https:\/\/embed.spotify.com\/?uri=spotify%3Aalbum%3A2HvTxgd1Sa1niwPFea9gFD\" width=\"300\" height=\"380\" frameborder=\"0\" allowtransparency=\"true\"><\/iframe><\/p>\n","protected":false},"excerpt":{"rendered":"<p>Pernilla Andersson har sl\u00e4ppt en jull\u00e5t, \u201dJulbetraktelse fr\u00e5n S\u00f6der (Sofia ringer nytt)\u201d. Den har redan g\u00e5tt in p\u00e5 P4s A-lista. Pernilla Andersson ber\u00e4ttar om sina tankar om l\u00e5ten: &#8211; Julbetraktelse fr\u00e5n S\u00f6der (Sofia ringer nytt)\u201d \u00e4r skriven som en p\u00e5minnelse till mej sj\u00e4lv att alltid f\u00f6rs\u00f6ka blicka fram\u00e5t, ber\u00e4ttar Pernilla. Att ringa nytt, hur hoppl\u00f6st [&hellip;]<\/p>\n","protected":false},"author":13,"featured_media":0,"comment_status":"open","ping_status":"open","sticky":false,"template":"","format":"standard","meta":{"_genesis_hide_title":false,"_genesis_hide_breadcrumbs":false,"_genesis_hide_singular_image":false,"_genesis_hide_footer_widgets":false,"_genesis_custom_body_class":"","_genesis_custom_post_class":"","_genesis_layout":"","footnotes":""},"categories":[7],"tags":[2780,9072,4315],"class_list":{"0":"post-105973","1":"post","2":"type-post","3":"status-publish","4":"format-standard","6":"category-musik","7":"tag-jul","8":"tag-jullat","9":"tag-pernilla-andersson","10":"entry"},"_links":{"self":[{"href":"https:\/\/kulturbloggen.com\/index.php?rest_route=\/wp\/v2\/posts\/105973","targetHints":{"allow":["GET"]}}],"collection":[{"href":"https:\/\/kulturbloggen.com\/index.php?rest_route=\/wp\/v2\/posts"}],"about":[{"href":"https:\/\/kulturbloggen.com\/index.php?rest_route=\/wp\/v2\/types\/post"}],"author":[{"embeddable":true,"href":"https:\/\/kulturbloggen.com\/index.php?rest_route=\/wp\/v2\/users\/13"}],"replies":[{"embeddable":true,"href":"https:\/\/kulturbloggen.com\/index.php?rest_route=%2Fwp%2Fv2%2Fcomments&post=105973"}],"version-history":[{"count":1,"href":"https:\/\/kulturbloggen.com\/index.php?rest_route=\/wp\/v2\/posts\/105973\/revisions"}],"predecessor-version":[{"id":105975,"href":"https:\/\/kulturbloggen.com\/index.php?rest_route=\/wp\/v2\/posts\/105973\/revisions\/105975"}],"wp:attachment":[{"href":"https:\/\/kulturbloggen.com\/index.php?rest_route=%2Fwp%2Fv2%2Fmedia&parent=105973"}],"wp:term":[{"taxonomy":"category","embeddable":true,"href":"https:\/\/kulturbloggen.com\/index.php?rest_route=%2Fwp%2Fv2%2Fcategories&post=105973"},{"taxonomy":"post_tag","embeddable":true,"href":"https:\/\/kulturbloggen.com\/index.php?rest_route=%2Fwp%2Fv2%2Ftags&post=105973"}],"curies":[{"name":"wp","href":"https:\/\/api.w.org\/{rel}","templated":true}]}}