{"id":105941,"date":"2016-11-16T13:35:31","date_gmt":"2016-11-16T12:35:31","guid":{"rendered":"http:\/\/kulturbloggen.com\/?p=105941"},"modified":"2016-11-16T13:35:31","modified_gmt":"2016-11-16T12:35:31","slug":"musikerforbundet-varslar-om-stridsatgarder-mot-idol","status":"publish","type":"post","link":"https:\/\/kulturbloggen.com\/?p=105941","title":{"rendered":"Musikerf\u00f6rbundet varslar om strids\u00e5tg\u00e4rder mot Idol"},"content":{"rendered":"<p><a href=\"http:\/\/kulturbloggen.com\/wp-content\/uploads\/2016\/11\/musikerforbundet.gif\"><img loading=\"lazy\" decoding=\"async\" src=\"http:\/\/kulturbloggen.com\/wp-content\/uploads\/2016\/11\/musikerforbundet.gif\" alt=\"musikerforbundet\" width=\"211\" height=\"40\" class=\"aligncenter size-full wp-image-105942\" \/><\/a><\/p>\n<p>Musikerf\u00f6rbundet har under h\u00f6sten f\u00f6rs\u00f6kt f\u00f6rhandla med produktionsbolaget FremantleMedia som producerar tv-programmet Idol f\u00f6r TV4, med m\u00e5ls\u00e4ttningen att ing\u00e5 kollektivavtal. Bolaget meddelade torsdagen den 10\/11 att de inte avser att teckna kollektivavtal. D\u00e4rf\u00f6r varslar Musikerf\u00f6rbundet om strids\u00e5tg\u00e4rder.<\/p>\n<p>Musikerf\u00f6rbundet har p\u00e5pekat att arbetstiderna och villkoren f\u00f6r de som deltar i TV4-programmet Idol \u00e4r oacceptabla, osk\u00e4liga och saknar motstycke i arbetslivet i \u00f6vrigt. F\u00f6r en l\u00f6n p\u00e5 875 kr i veckan efter skatt f\u00f6rbinder sig de hoppfulla deltagarna att vara disponibla f\u00f6r en l\u00e5ng rad olika aktiviteter ut\u00f6ver repetitioner och tv-s\u00e4ndningar.<\/p>\n<p>Ett pressmeddelande ber\u00e4ttar:<br \/>\nMusikerf\u00f6rbundet har under h\u00f6sten f\u00f6rs\u00f6kt f\u00f6rhandla med produktionsbolaget FremantleMedia som producerar tv-programmet Idol f\u00f6r TV4, med m\u00e5ls\u00e4ttningen att ing\u00e5 kollektivavtal. Bolaget meddelade torsdagen den 10\/11 att de inte avser att teckna kollektivavtal med Musikerf\u00f6rbundet.<\/p>\n<p>Trots att Fremantle h\u00e4vdar att Idol \u201dendast \u00e4r en t\u00e4vling\u201d, tvingar man de deltagare som kvalificerat sig till de tjugo sista att underteckna anst\u00e4llningsavtal med h\u00e5rresande villkor, samt ytterligare avtal med tredje part.<\/p>\n<p>Arbetstiderna och villkoren \u00e4r oacceptabla, osk\u00e4liga och saknar motstycke i arbetslivet i \u00f6vrigt. F\u00f6r en l\u00f6n p\u00e5 875 kr i veckan efter skatt f\u00f6rbinder sig de hoppfulla deltagarna att vara disponibla f\u00f6r en l\u00e5ng rad olika aktiviteter ut\u00f6ver repetitioner och tv-s\u00e4ndningar. Vissa dagar \u00e4r den schemalagda arbetstiden uppemot 15\u201316 timmar. Under tiden som Fremantle\/TV4 utnyttjar de medverkandes prestationer f\u00f6r att dra in stora reklamint\u00e4kter \u00e4r de avst\u00e4ngda fr\u00e5n m\u00f6jligheten att studera eller ta n\u00e5got annat arbete. Dessutom kr\u00e4ver Fremantle att de sj\u00e4lva tecknar och bekostar sina liv-, olycksfalls- och ansvarsf\u00f6rs\u00e4kringar.<\/p>\n<p>Anst\u00e4llningsavtalet omfattar inte bara medverkan i sj\u00e4lva tv-programmet Idol. Kontraktet inneh\u00e5ller \u00e4ven omfattande upphovsr\u00e4ttsliga best\u00e4mmelser som inneb\u00e4r att alla r\u00e4ttigheter \u00f6verl\u00e5ts till Fremantle. Det f\u00f6rpliktar ocks\u00e5 deltagarna att skriva p\u00e5 ytterligare tv\u00e5 avtal, ett skivkontrakt med Universal Music som g\u00e4ller i upp\u00e5t tio \u00e5r och ett avtal med Versity Management d\u00e4r de unga artisterna tvingas betala uppemot tjugo procent p\u00e5 samtliga inkomster till bolaget, \u00e4ven i fem \u00e5r efter att kontraktet upph\u00f6rt! Inget av avtalen \u00e4r f\u00f6rhandlingsbart, och enda alternativet om man inte vill skriva p\u00e5 \u00e4r i det l\u00e4get att l\u00e4mna produktionen.  <\/p>\n<p>\u201dAtt ett stort kommersiellt bolag utnyttjar unga m\u00e4nniskors dr\u00f6mmar om att lyckas i musikbranschen p\u00e5 det h\u00e4r s\u00e4ttet \u00e4r b\u00e5de skamligt och oacceptabelt\u201d, s\u00e4ger f\u00f6rbundsordf\u00f6rande Jan Granvik.<\/p>\n<p>D\u00e5 Fremantle v\u00e4grar ing\u00e5 ett konkurrensneutralt kollektivavtal avseende medverkan i tv-produktion varslar f\u00f6rbundet h\u00e4rmed om strids\u00e5tg\u00e4rder enligt nedan.<\/p>\n<p> Total arbetsnedl\u00e4ggelse av allt arbete f\u00f6r musiker och artister som syftar till eller inneb\u00e4r musikaliskt offentligt framf\u00f6rande (exempelvis repetition, inspelning och direkts\u00e4ndning) i de lokaler d\u00e4r Idol repeteras, spelas in och s\u00e4nds.<br \/>\n Blockad mot nya anst\u00e4llningar och nya uppdrag f\u00f6r arbete som avses med punkten ovan.<br \/>\nStrids\u00e5tg\u00e4rderna tr\u00e4der i kraft fredagen den 25 november 2016 kl. 14.00.<\/p>\n<p>Varsel om utvidgning av konflikt\u00e5tg\u00e4rder kommer att vidtas f\u00f6r det fall \u00e5sidos\u00e4ttande av strids\u00e5tg\u00e4rderna f\u00f6rekommer. <\/p>\n","protected":false},"excerpt":{"rendered":"<p>Musikerf\u00f6rbundet har under h\u00f6sten f\u00f6rs\u00f6kt f\u00f6rhandla med produktionsbolaget FremantleMedia som producerar tv-programmet Idol f\u00f6r TV4, med m\u00e5ls\u00e4ttningen att ing\u00e5 kollektivavtal. Bolaget meddelade torsdagen den 10\/11 att de inte avser att teckna kollektivavtal. D\u00e4rf\u00f6r varslar Musikerf\u00f6rbundet om strids\u00e5tg\u00e4rder. Musikerf\u00f6rbundet har p\u00e5pekat att arbetstiderna och villkoren f\u00f6r de som deltar i TV4-programmet Idol \u00e4r oacceptabla, osk\u00e4liga och [&hellip;]<\/p>\n","protected":false},"author":13,"featured_media":0,"comment_status":"open","ping_status":"open","sticky":false,"template":"","format":"standard","meta":{"_genesis_hide_title":false,"_genesis_hide_breadcrumbs":false,"_genesis_hide_singular_image":false,"_genesis_hide_footer_widgets":false,"_genesis_custom_body_class":"","_genesis_custom_post_class":"","_genesis_layout":"","footnotes":""},"categories":[62],"tags":[3841],"class_list":{"0":"post-105941","1":"post","2":"type-post","3":"status-publish","4":"format-standard","6":"category-medie-och-kulturpolitik","7":"tag-musikerforbundet","8":"entry"},"_links":{"self":[{"href":"https:\/\/kulturbloggen.com\/index.php?rest_route=\/wp\/v2\/posts\/105941","targetHints":{"allow":["GET"]}}],"collection":[{"href":"https:\/\/kulturbloggen.com\/index.php?rest_route=\/wp\/v2\/posts"}],"about":[{"href":"https:\/\/kulturbloggen.com\/index.php?rest_route=\/wp\/v2\/types\/post"}],"author":[{"embeddable":true,"href":"https:\/\/kulturbloggen.com\/index.php?rest_route=\/wp\/v2\/users\/13"}],"replies":[{"embeddable":true,"href":"https:\/\/kulturbloggen.com\/index.php?rest_route=%2Fwp%2Fv2%2Fcomments&post=105941"}],"version-history":[{"count":1,"href":"https:\/\/kulturbloggen.com\/index.php?rest_route=\/wp\/v2\/posts\/105941\/revisions"}],"predecessor-version":[{"id":105943,"href":"https:\/\/kulturbloggen.com\/index.php?rest_route=\/wp\/v2\/posts\/105941\/revisions\/105943"}],"wp:attachment":[{"href":"https:\/\/kulturbloggen.com\/index.php?rest_route=%2Fwp%2Fv2%2Fmedia&parent=105941"}],"wp:term":[{"taxonomy":"category","embeddable":true,"href":"https:\/\/kulturbloggen.com\/index.php?rest_route=%2Fwp%2Fv2%2Fcategories&post=105941"},{"taxonomy":"post_tag","embeddable":true,"href":"https:\/\/kulturbloggen.com\/index.php?rest_route=%2Fwp%2Fv2%2Ftags&post=105941"}],"curies":[{"name":"wp","href":"https:\/\/api.w.org\/{rel}","templated":true}]}}