{"id":105862,"date":"2016-11-14T15:54:00","date_gmt":"2016-11-14T14:54:00","guid":{"rendered":"http:\/\/kulturbloggen.com\/?p=105862"},"modified":"2016-11-14T15:54:00","modified_gmt":"2016-11-14T14:54:00","slug":"foo-fighters-till-roskildefestivalen","status":"publish","type":"post","link":"https:\/\/kulturbloggen.com\/?p=105862","title":{"rendered":"Foo Fighters till Roskildefestivalen"},"content":{"rendered":"<p><a href=\"http:\/\/kulturbloggen.com\/wp-content\/uploads\/2016\/11\/foofightersorskilde.jpg\"><img loading=\"lazy\" decoding=\"async\" src=\"http:\/\/kulturbloggen.com\/wp-content\/uploads\/2016\/11\/foofightersorskilde-300x103.jpg\" alt=\"foofightersorskilde\" width=\"300\" height=\"103\" class=\"aligncenter size-medium wp-image-105863\" srcset=\"https:\/\/kulturbloggen.com\/wp-content\/uploads\/2016\/11\/foofightersorskilde-300x103.jpg 300w, https:\/\/kulturbloggen.com\/wp-content\/uploads\/2016\/11\/foofightersorskilde.jpg 580w\" sizes=\"auto, (max-width: 300px) 100vw, 300px\" \/><\/a>\t<\/p>\n<p>Vinterm\u00f6rkret s\u00e4nker sig p\u00e5 eftermiddagen \u00f6ver ett sn\u00f6igt Stockholm. Men det kommer ljus och sommar s\u00e5 sm\u00e5ningom. En p\u00e5minnelse om sommar fick vi n\u00e4r Roskildefestivalen sl\u00e4ppte ett av sina f\u00f6rsta bokningar: Foo Fighters till Roskildefestivalen.<\/p>\n<p>Ett pressmeddelande ber\u00e4ttar:<br \/>\nDet eftertraktade amerikanska rockbandet med karismatiska frontmannen Dave Grohl spelar deras enda skandinaviska konsert p\u00e5 Roskildefestivalens Oranga Scen i sommar. \t<\/p>\n<p>Det \u00e4r ett band fr\u00e5n rockens absoluta topp som nu offentligg\u00f6rs till Roskildefestivalen 2017.<\/p>\n<p>Foo Fighters uppstod ur askan fr\u00e5n Nirvana f\u00f6r \u00f6ver 20 \u00e5r sedan. Med \u00e5tta album i bagaget och en skivf\u00f6rs\u00e4ljning p\u00e5 \u00f6ver 30 miljoner st\u00e5r dem idag som en av h\u00e5rdrockens tungviktare och spelar p\u00e5 uts\u00e5lda stadiumspelningar oavsett var de dyker upp i v\u00e4rlden.<\/p>\n<p>Med s\u00e5ngaren och gitarristen Dave Grohl som en av rockens mest \u00e4lskv\u00e4rda och karismatiska huvudpersoner, \u00e4r gruppens konserter renodlade uppvisningar av gl\u00f6dande rock n&#8217; roll doserat med rikliga m\u00e4ngder slagkraftig metallisk energi och de fr\u00e4sande gitarrerna och den melodiska elegansen levereras med massor av livsgl\u00e4dje och alls\u00e5ngs-\u00f6gonblick.<\/p>\n<p>Foo Fighters g\u00e4stade senast Roskildefestivalen 2005, s\u00e5 de \u00e4r h\u00f6gst s\u00e4llsynta g\u00e4ster p\u00e5 v\u00e5ra breddgrader. Konserten p\u00e5 n\u00e4sta \u00e5rs Roskilde \u00e4r bandets enda skandinaviska konsert i sommar.<\/p>\n<p>Roskilde Festivalens programchef Anders Wahr\u00e9n s\u00e4ger:<br \/>\n&#8221;Foo Fighters \u00e4r tvekl\u00f6st ett av v\u00e4rldens st\u00f6rsta rockband, och vi har l\u00e4nge f\u00f6rs\u00f6kt att f\u00e5 hit dem igen. S\u00e5 det \u00e4r fantastiskt n\u00e4r det \u00e4ntligen klaffar, s\u00e5 att vi kan v\u00e4lkomna dem tillbaka till Roskilde Festivalen. Och vi \u00e4r helt klart v\u00e4ldigt glada f\u00f6r att det till och med blir deras enda skandinaviska show i sommar.&#8221;<\/p>\n<p>&#8221;Foo Fighters kan om n\u00e5gon samla en massiv publik och skapa en k\u00e4nsla av samh\u00f6righet och livsgl\u00e4dje, s\u00e5 p\u00e5 det s\u00e4ttet \u00e4r det ett helt perfekt namn till Oranga Scenen. Och det har definitivt ocks\u00e5 h\u00f6jt v\u00e5ra egna f\u00f6rv\u00e4ntningar att deras konserter under de senaste \u00e5ren har visat att de \u00e4r vitala och t\u00e4nda som aldrig f\u00f6rr.&#8221;<\/p>\n<p>Foo Fighters spelade senast 2005 p\u00e5 Roskildefestivalen, medans Dave Grohl dessutom har g\u00e4stat festivalen som trumslagare i Nirvana och Them Crooked Vultures, 1992 respektive 2010.<\/p>\n<p>Gruppens senaste utgivning \u00e4r ep&#8217;en Saint Cecilia fr\u00e5n november 2015, medans albummet Sonic Highways sl\u00e4pptes h\u00f6sten 2014..<\/p>\n","protected":false},"excerpt":{"rendered":"<p>Vinterm\u00f6rkret s\u00e4nker sig p\u00e5 eftermiddagen \u00f6ver ett sn\u00f6igt Stockholm. Men det kommer ljus och sommar s\u00e5 sm\u00e5ningom. En p\u00e5minnelse om sommar fick vi n\u00e4r Roskildefestivalen sl\u00e4ppte ett av sina f\u00f6rsta bokningar: Foo Fighters till Roskildefestivalen. Ett pressmeddelande ber\u00e4ttar: Det eftertraktade amerikanska rockbandet med karismatiska frontmannen Dave Grohl spelar deras enda skandinaviska konsert p\u00e5 Roskildefestivalens Oranga [&hellip;]<\/p>\n","protected":false},"author":13,"featured_media":0,"comment_status":"open","ping_status":"open","sticky":false,"template":"","format":"standard","meta":{"_genesis_hide_title":false,"_genesis_hide_breadcrumbs":false,"_genesis_hide_singular_image":false,"_genesis_hide_footer_widgets":false,"_genesis_custom_body_class":"","_genesis_custom_post_class":"","_genesis_layout":"","footnotes":""},"categories":[7],"tags":[1823,7450],"class_list":{"0":"post-105862","1":"post","2":"type-post","3":"status-publish","4":"format-standard","6":"category-musik","7":"tag-foo-fighters","8":"tag-roskildefestivalen","9":"entry"},"_links":{"self":[{"href":"https:\/\/kulturbloggen.com\/index.php?rest_route=\/wp\/v2\/posts\/105862","targetHints":{"allow":["GET"]}}],"collection":[{"href":"https:\/\/kulturbloggen.com\/index.php?rest_route=\/wp\/v2\/posts"}],"about":[{"href":"https:\/\/kulturbloggen.com\/index.php?rest_route=\/wp\/v2\/types\/post"}],"author":[{"embeddable":true,"href":"https:\/\/kulturbloggen.com\/index.php?rest_route=\/wp\/v2\/users\/13"}],"replies":[{"embeddable":true,"href":"https:\/\/kulturbloggen.com\/index.php?rest_route=%2Fwp%2Fv2%2Fcomments&post=105862"}],"version-history":[{"count":1,"href":"https:\/\/kulturbloggen.com\/index.php?rest_route=\/wp\/v2\/posts\/105862\/revisions"}],"predecessor-version":[{"id":105864,"href":"https:\/\/kulturbloggen.com\/index.php?rest_route=\/wp\/v2\/posts\/105862\/revisions\/105864"}],"wp:attachment":[{"href":"https:\/\/kulturbloggen.com\/index.php?rest_route=%2Fwp%2Fv2%2Fmedia&parent=105862"}],"wp:term":[{"taxonomy":"category","embeddable":true,"href":"https:\/\/kulturbloggen.com\/index.php?rest_route=%2Fwp%2Fv2%2Fcategories&post=105862"},{"taxonomy":"post_tag","embeddable":true,"href":"https:\/\/kulturbloggen.com\/index.php?rest_route=%2Fwp%2Fv2%2Ftags&post=105862"}],"curies":[{"name":"wp","href":"https:\/\/api.w.org\/{rel}","templated":true}]}}