{"id":10554,"date":"2009-06-22T14:30:30","date_gmt":"2009-06-22T12:30:30","guid":{"rendered":"http:\/\/kulturbloggen.com\/?p=10554"},"modified":"2009-06-22T14:30:30","modified_gmt":"2009-06-22T12:30:30","slug":"millencolin-slapper-ny-singel-pa-svenska-tillsammans-med-osk-fotboll","status":"publish","type":"post","link":"https:\/\/kulturbloggen.com\/?p=10554","title":{"rendered":"Millencolin sl\u00e4pper ny singel p\u00e5 svenska tillsammans med \u00d6SK Fotboll"},"content":{"rendered":"<p><img loading=\"lazy\" decoding=\"async\" src=\"http:\/\/sodergren.com\/kulturbloggen\/wp-content\/uploads\/2009\/06\/millencolin-300x237.jpg\" alt=\"millencolin\" title=\"millencolin\" width=\"300\" height=\"237\" class=\"aligncenter size-medium wp-image-10555\" \/><\/p>\n<p>Tillsammans med \u00d6SK Fotboll sl\u00e4pper \u00d6rebrobandet Millencolin sin f\u00f6rsta singel p\u00e5 svenska sen E20 Norr (2002). L\u00e5ten \u00e4r en hyllning till staden \u00d6rebro, samt den nya officiella kampl\u00e5ten f\u00f6r \u00d6SK Fotbolls Allsvenska lag.<\/p>\n<p>Releasedatum \u00e4r 5 juli i samband med den Allsvenska matchen mellan \u00d6SK \u2013 AIK.<\/p>\n<p>Ur ett pressmeddelande:<\/p>\n<blockquote><p>Millencolin \u00e4r glada och stolta \u00f6ver detta samarbete med \u00d6SK Fotboll. Efter att turn\u00e9rat v\u00e4rlden runt sedan releasen av albumet Machine 15 (April 2008) sl\u00e4pper nu Millencolin allts\u00e5 en specialskriven l\u00e5t p\u00e5 svenska som uppf\u00f6ljning till singel succ\u00e9erna Detox och Broken World. Under sommaren framtr\u00e4der bandet p\u00e5 festivaler runt om i Europa och Sverige.<\/p><\/blockquote>\n<p>E20 Norr (2002)<\/p>\n<p><object width=\"425\" height=\"344\"><param name=\"movie\" value=\"http:\/\/www.youtube.com\/v\/NKG0uA_svwY&#038;hl=sv&#038;fs=1&#038;\"><\/param><param name=\"allowFullScreen\" value=\"true\"><\/param><param name=\"allowscriptaccess\" value=\"always\"><\/param><embed src=\"http:\/\/www.youtube.com\/v\/NKG0uA_svwY&#038;hl=sv&#038;fs=1&#038;\" type=\"application\/x-shockwave-flash\" allowscriptaccess=\"always\" allowfullscreen=\"true\" width=\"425\" height=\"344\"><\/embed><\/object><\/p>\n<p>L\u00e4s \u00e4ven andra bloggares \u00e5sikter om <a href=\"http:\/\/bloggar.se\/om\/fotboll\" rel=\"tag\">fotboll<\/a>, <a href=\"http:\/\/bloggar.se\/om\/h%E5rdrock\" rel=\"tag\">h\u00e5rdrock<\/a>, <a href=\"http:\/\/bloggar.se\/om\/skivnytt\" rel=\"tag\">skivnytt<\/a>, <a href=\"http:\/\/bloggar.se\/om\/%D6rebro\" rel=\"tag\">\u00d6rebro<\/a>, <a href=\"http:\/\/bloggar.se\/om\/Millencolin\" rel=\"tag\">Millencolin<\/a>, <a href=\"http:\/\/bloggar.se\/om\/%D6SK\" rel=\"tag\">\u00d6SK<\/a><\/p>\n","protected":false},"excerpt":{"rendered":"<p>Tillsammans med \u00d6SK Fotboll sl\u00e4pper \u00d6rebrobandet Millencolin sin f\u00f6rsta singel p\u00e5 svenska sen E20 Norr (2002). L\u00e5ten \u00e4r en hyllning till staden \u00d6rebro, samt den nya officiella kampl\u00e5ten f\u00f6r \u00d6SK Fotbolls Allsvenska lag. Releasedatum \u00e4r 5 juli i samband med den Allsvenska matchen mellan \u00d6SK \u2013 AIK. Ur ett pressmeddelande: Millencolin \u00e4r glada och stolta [&hellip;]<\/p>\n","protected":false},"author":13,"featured_media":0,"comment_status":"open","ping_status":"open","sticky":false,"template":"","format":"standard","meta":{"_genesis_hide_title":false,"_genesis_hide_breadcrumbs":false,"_genesis_hide_singular_image":false,"_genesis_hide_footer_widgets":false,"_genesis_custom_body_class":"","_genesis_custom_post_class":"","_genesis_layout":"","footnotes":""},"categories":[7],"tags":[12292,2362,6539,5121],"class_list":{"0":"post-10554","1":"post","2":"type-post","3":"status-publish","4":"format-standard","6":"category-musik","7":"tag-fotboll-sport-nyheter","8":"tag-hardrock","9":"tag-orebro","10":"tag-skivnytt","11":"entry"},"_links":{"self":[{"href":"https:\/\/kulturbloggen.com\/index.php?rest_route=\/wp\/v2\/posts\/10554","targetHints":{"allow":["GET"]}}],"collection":[{"href":"https:\/\/kulturbloggen.com\/index.php?rest_route=\/wp\/v2\/posts"}],"about":[{"href":"https:\/\/kulturbloggen.com\/index.php?rest_route=\/wp\/v2\/types\/post"}],"author":[{"embeddable":true,"href":"https:\/\/kulturbloggen.com\/index.php?rest_route=\/wp\/v2\/users\/13"}],"replies":[{"embeddable":true,"href":"https:\/\/kulturbloggen.com\/index.php?rest_route=%2Fwp%2Fv2%2Fcomments&post=10554"}],"version-history":[{"count":0,"href":"https:\/\/kulturbloggen.com\/index.php?rest_route=\/wp\/v2\/posts\/10554\/revisions"}],"wp:attachment":[{"href":"https:\/\/kulturbloggen.com\/index.php?rest_route=%2Fwp%2Fv2%2Fmedia&parent=10554"}],"wp:term":[{"taxonomy":"category","embeddable":true,"href":"https:\/\/kulturbloggen.com\/index.php?rest_route=%2Fwp%2Fv2%2Fcategories&post=10554"},{"taxonomy":"post_tag","embeddable":true,"href":"https:\/\/kulturbloggen.com\/index.php?rest_route=%2Fwp%2Fv2%2Ftags&post=10554"}],"curies":[{"name":"wp","href":"https:\/\/api.w.org\/{rel}","templated":true}]}}