{"id":105250,"date":"2016-10-12T13:16:47","date_gmt":"2016-10-12T12:16:47","guid":{"rendered":"http:\/\/kulturbloggen.com\/?p=105250"},"modified":"2016-10-12T13:16:47","modified_gmt":"2016-10-12T12:16:47","slug":"ozz-nujen-ar-rikard-iii-och-spelar-alla-andra-roller","status":"publish","type":"post","link":"https:\/\/kulturbloggen.com\/?p=105250","title":{"rendered":"\u00d6zz N\u00fbjen \u00e4r Rikard III och spelar alla andra roller"},"content":{"rendered":"<figure id=\"attachment_105257\" aria-describedby=\"caption-attachment-105257\" style=\"width: 227px\" class=\"wp-caption aligncenter\"><a href=\"http:\/\/kulturbloggen.com\/wp-content\/uploads\/2016\/10\/ozznujenrickard3.jpg\"><img loading=\"lazy\" decoding=\"async\" src=\"http:\/\/kulturbloggen.com\/wp-content\/uploads\/2016\/10\/ozznujenrickard3-227x300.jpg\" alt=\"Foto: Robert Eldrim\" width=\"227\" height=\"300\" class=\"size-medium wp-image-105257\" srcset=\"https:\/\/kulturbloggen.com\/wp-content\/uploads\/2016\/10\/ozznujenrickard3-227x300.jpg 227w, https:\/\/kulturbloggen.com\/wp-content\/uploads\/2016\/10\/ozznujenrickard3-768x1013.jpg 768w, https:\/\/kulturbloggen.com\/wp-content\/uploads\/2016\/10\/ozznujenrickard3.jpg 776w\" sizes=\"auto, (max-width: 227px) 100vw, 227px\" \/><\/a><figcaption id=\"caption-attachment-105257\" class=\"wp-caption-text\">Foto: Robert Eldrim<\/figcaption><\/figure>\n<p>\u00d6zz N\u00fbjen spelar, f\u00f6rutom huvudpersonen Hertigen av Gloucester, alla rollerna i detta klassiska Shakespeare-drama. Riksteaterns upps\u00e4ttning av Rikard III har premi\u00e4r den 3 november p\u00e5 S\u00f6dra Teatern och \u00e5ker under v\u00e5ren 2017 p\u00e5 turn\u00e9 till ett 60-tal orter. F\u00f6r regi st\u00e5r Bj\u00f6rn Granath.<\/p>\n<p>Ett pressmeddelande ber\u00e4ttar:<\/p>\n<p>Hertigen av Gloucester, blivande kung Rikard III, \u00e4r maktgalen, manipulativ och bitter &#8211; med en s\u00e4llsam attraktionskraft p\u00e5 kvinnorna och m\u00e4nnen omkring sig. V\u00e4gen mot kungakronan fylls av politiska missgrepp, uppror och intriger i ett blodigt familjedrama. \u00d6zz N\u00fbjen tar sig nu an alla tolv rollerna sj\u00e4lv och g\u00f6r pj\u00e4sen h\u00f6gaktuell med paralleller till v\u00e5r samtid.<\/p>\n<p>\u2013 Vad h\u00e4nder i ett maktvakuum? Varf\u00f6r ser vi inte eller vill inte se ondskan fast\u00e4n den st\u00e5r framf\u00f6r oss? Varf\u00f6r f\u00f6rf\u00f6rs vi av den g\u00e5ng p\u00e5 g\u00e5ng? Jag tycker att Shakespeares pj\u00e4s \u00e4r skr\u00e4mmande aktuell, fruktansv\u00e4rt gripande och samtidigt rolig. Det h\u00e4r med att jag spelar alla roller sj\u00e4lv \u00e4r b\u00e5de en utmaning och en utmattning, s\u00e4ger \u00d6zz N\u00fbjen.<\/p>\n<p>Rikard III kommer att spelas p\u00e5 S\u00f6dra Teatern i Stockholm under november m\u00e5nad och \u00e5ker efter \u00e5rsskiftet p\u00e5 turn\u00e9 till ett 60-tal orter i b\u00e5de Sverige och Finland. F\u00f6r textbearbetning st\u00e5r Magnus Florin och f\u00f6r regin Bj\u00f6rn Granath.<\/p>\n<p>\u2013 D\u00e4r ingen v\u00e5gar styra rusar ljusskygga krafter fram &#8211; och vilka \u00e4r det? Ska vi bara se p\u00e5, hj\u00e4lpa fram eller ska vi g\u00f6ra motst\u00e5nd? s\u00e4ger Bj\u00f6rn Granath, regiss\u00f6r, om Rikard III och hans blodiga kamp p\u00e5 v\u00e4gen mot kungakronan.<\/p>\n<p>2007 regisserade Bj\u00f6rn Granath \u00d6zz N\u00fbjen i Dario Fos pj\u00e4s Mistero Buffo som spelade hundra f\u00f6rest\u00e4llningar p\u00e5 S\u00f6dra Teatern och sedan lika m\u00e5nga p\u00e5 turn\u00e9 i landet. Nu, n\u00e4stan 10 \u00e5r senare, \u00e4r det \u00e5ter dags f\u00f6r paret Granath och N\u00fbjen att samarbeta igen.<\/p>\n<p><strong>Premi\u00e4r den 3 november p\u00e5 S\u00f6dra Teatern. Turn\u00e9premi\u00e4r i Varberg den 15 januari 2017.<\/strong><\/p>\n<p>Medverkande \u00d6zz N\u00fbjen<br \/>\nRegi Bj\u00f6rn Granath<br \/>\nDramaturg\/textbearbetning Magnus Florin<br \/>\nScenografi\/kostym Ann-Margret Fyreg\u00e5r<\/p>\n<p><strong>\u00d6zz N\u00fbjen<\/strong><br \/>\nEn hyllad sk\u00e5despelare och en av Sveriges st\u00f6rsta standup-komiker som gjort succ\u00e9er som D\u00e5lig St\u00e4mning och Statsminister \u00d6zz N\u00fbjen och vunnit priser som \u00e5rets manlige komiker. Kritikerrosad senast som den transsexuelle Molina i Spindelkvinnans kyss p\u00e5 Uppsala Stadsteater h\u00f6sten 2014\/v\u00e5ren 2015. Andra f\u00f6rest\u00e4llningar som \u00d6zz N\u00fbjen r\u00f6nt stora framg\u00e5ngar med \u00e4r bland andra hans roll som Puck i Shakespeares En midsommarnattsdr\u00f6m p\u00e5 Uppsala stadsteater och i Nobelpristagaren Dario Fos pj\u00e4s Mistero Buffo p\u00e5 S\u00f6dra Teatern regisserad av Bj\u00f6rn Granath. Just nu \u00e4r han aktuell med f\u00f6rest\u00e4llningen Sveriges Historia \u2013 Den nakna sanningen med M\u00e5ns M\u00f6ller.<\/p>\n<p><strong>Bj\u00f6rn Granath<\/strong><br \/>\nHar medverkat i en m\u00e4ngd projekt, bland annat det omtalade T\u00e4ltprojektet och Teater F\u00e5gel Bl\u00e5-ensemblen. Han har medverkat i ett flertal filmer s\u00e5 som Madicken p\u00e5 Junibacken, Pelle Er\u00f6vraren och i Jan Troells film S\u00e5 vit som en sn\u00f6, samt i tv-produktioner som Bergmans Den goda viljan och Nor\u00e9ns L\u00f6ven i Vallombrosa. Bj\u00f6rn har \u00e4ven spelat Thomas Bernhards Minetti p\u00e5 Teater Brunnsgatan Fyra och 2003 mottog han Eugene O\u2019Neillstipendiet. P\u00e5 Dramaten har han den senaste tiden bland annat medverkat i D\u00f6dsdansen I-II, Hamlet, Muntra fruarna i Windsor, Jane Eyre, Jerusalem 2010, Tjuvar och Som l\u00f6ven i Vallombrosa.<\/p>\n","protected":false},"excerpt":{"rendered":"<p>\u00d6zz N\u00fbjen spelar, f\u00f6rutom huvudpersonen Hertigen av Gloucester, alla rollerna i detta klassiska Shakespeare-drama. Riksteaterns upps\u00e4ttning av Rikard III har premi\u00e4r den 3 november p\u00e5 S\u00f6dra Teatern och \u00e5ker under v\u00e5ren 2017 p\u00e5 turn\u00e9 till ett 60-tal orter. F\u00f6r regi st\u00e5r Bj\u00f6rn Granath. Ett pressmeddelande ber\u00e4ttar: Hertigen av Gloucester, blivande kung Rikard III, \u00e4r maktgalen, [&hellip;]<\/p>\n","protected":false},"author":13,"featured_media":0,"comment_status":"open","ping_status":"open","sticky":false,"template":"","format":"standard","meta":{"_genesis_hide_title":false,"_genesis_hide_breadcrumbs":false,"_genesis_hide_singular_image":false,"_genesis_hide_footer_widgets":false,"_genesis_custom_body_class":"","_genesis_custom_post_class":"","_genesis_layout":"","footnotes":""},"categories":[20,30],"tags":[11361],"class_list":{"0":"post-105250","1":"post","2":"type-post","3":"status-publish","4":"format-standard","6":"category-film","7":"category-teater","8":"tag-ozz-nujen","9":"entry"},"_links":{"self":[{"href":"https:\/\/kulturbloggen.com\/index.php?rest_route=\/wp\/v2\/posts\/105250","targetHints":{"allow":["GET"]}}],"collection":[{"href":"https:\/\/kulturbloggen.com\/index.php?rest_route=\/wp\/v2\/posts"}],"about":[{"href":"https:\/\/kulturbloggen.com\/index.php?rest_route=\/wp\/v2\/types\/post"}],"author":[{"embeddable":true,"href":"https:\/\/kulturbloggen.com\/index.php?rest_route=\/wp\/v2\/users\/13"}],"replies":[{"embeddable":true,"href":"https:\/\/kulturbloggen.com\/index.php?rest_route=%2Fwp%2Fv2%2Fcomments&post=105250"}],"version-history":[{"count":4,"href":"https:\/\/kulturbloggen.com\/index.php?rest_route=\/wp\/v2\/posts\/105250\/revisions"}],"predecessor-version":[{"id":105258,"href":"https:\/\/kulturbloggen.com\/index.php?rest_route=\/wp\/v2\/posts\/105250\/revisions\/105258"}],"wp:attachment":[{"href":"https:\/\/kulturbloggen.com\/index.php?rest_route=%2Fwp%2Fv2%2Fmedia&parent=105250"}],"wp:term":[{"taxonomy":"category","embeddable":true,"href":"https:\/\/kulturbloggen.com\/index.php?rest_route=%2Fwp%2Fv2%2Fcategories&post=105250"},{"taxonomy":"post_tag","embeddable":true,"href":"https:\/\/kulturbloggen.com\/index.php?rest_route=%2Fwp%2Fv2%2Ftags&post=105250"}],"curies":[{"name":"wp","href":"https:\/\/api.w.org\/{rel}","templated":true}]}}