{"id":105034,"date":"2016-09-30T10:11:59","date_gmt":"2016-09-30T09:11:59","guid":{"rendered":"http:\/\/kulturbloggen.com\/?p=105034"},"modified":"2016-09-30T10:12:47","modified_gmt":"2016-09-30T09:12:47","slug":"fringe-ny-spannande-scenkonstfestival-i-hogdalen","status":"publish","type":"post","link":"https:\/\/kulturbloggen.com\/?p=105034","title":{"rendered":"Fringe &#8211; Ny sp\u00e4nnande scenkonstfestival"},"content":{"rendered":"<p><a href=\"http:\/\/kulturbloggen.com\/wp-content\/uploads\/2016\/09\/fringestockholm.jpg\"><img loading=\"lazy\" decoding=\"async\" src=\"http:\/\/kulturbloggen.com\/wp-content\/uploads\/2016\/09\/fringestockholm-300x169.jpg\" alt=\"fringestockholm\" width=\"300\" height=\"169\" class=\"aligncenter size-medium wp-image-105035\" srcset=\"https:\/\/kulturbloggen.com\/wp-content\/uploads\/2016\/09\/fringestockholm-300x169.jpg 300w, https:\/\/kulturbloggen.com\/wp-content\/uploads\/2016\/09\/fringestockholm.jpg 599w\" sizes=\"auto, (max-width: 300px) 100vw, 300px\" \/><\/a><\/p>\n<p>Studiefr\u00e4mjandet rivstartar nya lokalen i H\u00f6gdalen med Fringe, en tv\u00e5 dagars scenkonstfestival. Det kommer bli en spektakul\u00e4r upplevelse med n\u00e5got f\u00f6r alla.<br \/>\nDen 7 oktober \u00e4r det dags f\u00f6r invigning av H\u00f6gkultur, Studiefr\u00e4mjandets nya lokaler i S\u00f6derort. Som om inte det vore nog presenterar de ocks\u00e5 sitt premi\u00e4revent n\u00e4r scenkonstfestivalen Stockholm Fringe Festival (STOFF)* och Studiefr\u00e4mjandets egen scen PARTS!** f\u00f6r f\u00f6rsta g\u00e5ngen kommer till S\u00f6derort. Under helgen 7-8 oktober presenteras \u00e5tta f\u00f6rest\u00e4llningar:  fr\u00e5n sp\u00e4nnande barnteater via dansf\u00f6rest\u00e4llningar om kropp, k\u00f6n och makt till queerperformance.<\/p>\n<figure id=\"attachment_105037\" aria-describedby=\"caption-attachment-105037\" style=\"width: 300px\" class=\"wp-caption alignright\"><a href=\"http:\/\/kulturbloggen.com\/wp-content\/uploads\/2016\/09\/aaaafringe.jpg\"><img loading=\"lazy\" decoding=\"async\" src=\"http:\/\/kulturbloggen.com\/wp-content\/uploads\/2016\/09\/aaaafringe-300x200.jpg\" alt=\"Pussytiv spelar p\u00e5 l\u00f6rdagen kl. 18.00                                                                                 Fotograf: Nadine Pettersson\" width=\"300\" height=\"200\" class=\"size-medium wp-image-105037\" srcset=\"https:\/\/kulturbloggen.com\/wp-content\/uploads\/2016\/09\/aaaafringe-300x200.jpg 300w, https:\/\/kulturbloggen.com\/wp-content\/uploads\/2016\/09\/aaaafringe.jpg 506w\" sizes=\"auto, (max-width: 300px) 100vw, 300px\" \/><\/a><figcaption id=\"caption-attachment-105037\" class=\"wp-caption-text\">Pussytiv spelar p\u00e5 l\u00f6rdagen kl. 18.00                                                                                 Fotograf: Nadine Pettersson<\/figcaption><\/figure>\n<p>Stockholm Fringe Festival genomf\u00f6r i \u00e5r den sjunde festivalen och Studiefr\u00e4mjandet har varit med som samarbetspartner sedan f\u00f6rsta \u00e5ret. <\/p>\n<p>Studiefr\u00e4mjandet skriver i ett pressmeddelande:<br \/>\nD\u00e4rf\u00f6r \u00e4r det extra kul att STOFF nu tillsammans med oss etablerar en satellitscen i H\u00f6gdalen under \u00e5rets festival. Syftet med en satellitscen \u00e4r dels att l\u00e5ta fler m\u00e4nniskor ta del av festivalen och dels att bryta en del av den innerstadscentrering som ibland drabbar kulturen.<\/p>\n<p><strong>N\u00e5gra fr\u00e5gor till Jonas Koford som \u00e4r projektledare p\u00e5 Studiefr\u00e4mjandet.<\/strong><\/p>\n<p><strong>Vad \u00e4r det h\u00e4r? Det l\u00e5ter r\u00e4tt ambiti\u00f6st och osvenskt med ett s\u00e5dan h\u00e4r grej?<\/strong><br \/>\n\u2013 PARTS! \u00e4r Studiefr\u00e4mjandets scen f\u00f6r ny och nyskapande scenkonst. Scenen har skapats ur det l\u00e5nga och goda samarbetet med Stockholm Fringe Festival och ur behovet och viljan att visa upp all den scenkonst som skapas av konstn\u00e4rer som \u00e4r p\u00e5 v\u00e4g att ta n\u00e4sta steg i sin konstn\u00e4rliga utveckling men \u00e4nnu inte \u00e4r fullt etablerade.<\/p>\n<p>\u2013 Stockholm Fringe Festival (STOFF) \u00e4r en sex dagar l\u00e5ng multidisciplin\u00e4r scenkonstfestival. Nationella s\u00e5v\u00e4l som internationella artister har m\u00f6jlighet att inom ramen f\u00f6r STOFF framf\u00f6ra sina innovativa verk &#8211; som kan best\u00e5 av allt mellan performance och installationskonst.<\/p>\n<p><strong>\u201dVarning f\u00f6r st\u00f6tande inneh\u00e5ll\u201d, sexuellt inneh\u00e5ll, stroboskop-ljus L\u00e5ter farligt Vad \u00e4r det egentligen som kommer h\u00e4nda?<\/strong><br \/>\n\u2013 Det fina med en festival \u00e4r att det finns n\u00e5got f\u00f6r alla. Vi presenterar f\u00f6rest\u00e4llningar med m\u00e5nga olika teman och \u00e4r s\u00e4kra p\u00e5 att de allra flesta kan hitta n\u00e5got som de uppskattar.<\/p>\n<p><strong>Har du n\u00e5gra favoriter?<\/strong><br \/>\n\u2013 V\u00e4ldigt sv\u00e5rt att v\u00e4lja en favorit, det beror p\u00e5 vad du gillar, men jag tycker jag att alla ska ta med sina barn och se Varning f\u00f6r v\u00e4rlden p\u00e5 fredagen. P\u00e5 l\u00f6rdagen kan du se tre f\u00f6rest\u00e4llningar till priset av en, det \u00e4r en fantastisk m\u00f6jlighet att ut\u00f6ver din egen favorit ocks\u00e5 f\u00e5 se n\u00e5got du annars kanske skulle missat.<\/p>\n","protected":false},"excerpt":{"rendered":"<p>Studiefr\u00e4mjandet rivstartar nya lokalen i H\u00f6gdalen med Fringe, en tv\u00e5 dagars scenkonstfestival. Det kommer bli en spektakul\u00e4r upplevelse med n\u00e5got f\u00f6r alla. Den 7 oktober \u00e4r det dags f\u00f6r invigning av H\u00f6gkultur, Studiefr\u00e4mjandets nya lokaler i S\u00f6derort. Som om inte det vore nog presenterar de ocks\u00e5 sitt premi\u00e4revent n\u00e4r scenkonstfestivalen Stockholm Fringe Festival (STOFF)* och [&hellip;]<\/p>\n","protected":false},"author":13,"featured_media":0,"comment_status":"open","ping_status":"open","sticky":false,"template":"","format":"standard","meta":{"_genesis_hide_title":false,"_genesis_hide_breadcrumbs":false,"_genesis_hide_singular_image":false,"_genesis_hide_footer_widgets":false,"_genesis_custom_body_class":"","_genesis_custom_post_class":"","_genesis_layout":"","footnotes":""},"categories":[20],"tags":[13030,2377],"class_list":{"0":"post-105034","1":"post","2":"type-post","3":"status-publish","4":"format-standard","6":"category-film","7":"tag-fringe","8":"tag-hogdalen","9":"entry"},"_links":{"self":[{"href":"https:\/\/kulturbloggen.com\/index.php?rest_route=\/wp\/v2\/posts\/105034","targetHints":{"allow":["GET"]}}],"collection":[{"href":"https:\/\/kulturbloggen.com\/index.php?rest_route=\/wp\/v2\/posts"}],"about":[{"href":"https:\/\/kulturbloggen.com\/index.php?rest_route=\/wp\/v2\/types\/post"}],"author":[{"embeddable":true,"href":"https:\/\/kulturbloggen.com\/index.php?rest_route=\/wp\/v2\/users\/13"}],"replies":[{"embeddable":true,"href":"https:\/\/kulturbloggen.com\/index.php?rest_route=%2Fwp%2Fv2%2Fcomments&post=105034"}],"version-history":[{"count":4,"href":"https:\/\/kulturbloggen.com\/index.php?rest_route=\/wp\/v2\/posts\/105034\/revisions"}],"predecessor-version":[{"id":105040,"href":"https:\/\/kulturbloggen.com\/index.php?rest_route=\/wp\/v2\/posts\/105034\/revisions\/105040"}],"wp:attachment":[{"href":"https:\/\/kulturbloggen.com\/index.php?rest_route=%2Fwp%2Fv2%2Fmedia&parent=105034"}],"wp:term":[{"taxonomy":"category","embeddable":true,"href":"https:\/\/kulturbloggen.com\/index.php?rest_route=%2Fwp%2Fv2%2Fcategories&post=105034"},{"taxonomy":"post_tag","embeddable":true,"href":"https:\/\/kulturbloggen.com\/index.php?rest_route=%2Fwp%2Fv2%2Ftags&post=105034"}],"curies":[{"name":"wp","href":"https:\/\/api.w.org\/{rel}","templated":true}]}}