{"id":10503,"date":"2009-06-20T17:46:28","date_gmt":"2009-06-20T15:46:28","guid":{"rendered":"http:\/\/kulturbloggen.com\/?p=10503"},"modified":"2009-06-20T17:46:28","modified_gmt":"2009-06-20T15:46:28","slug":"folkets-hus-direktsander-film-med-oscarsvinnaren-helen-mirren-i-varldens-forsta-direktsanda-internationella-teaterforestallning","status":"publish","type":"post","link":"https:\/\/kulturbloggen.com\/?p=10503","title":{"rendered":"Folkets Hus direkts\u00e4nder film med Oscarsvinnaren Helen Mirren i v\u00e4rldens f\u00f6rsta direkts\u00e4nda internationella teaterf\u00f6rest\u00e4llning"},"content":{"rendered":"<p> <img loading=\"lazy\" decoding=\"async\" src=\"http:\/\/sodergren.com\/kulturbloggen\/wp-content\/uploads\/2009\/06\/fedra-193x300.jpg\" alt=\"Phedre2\" title=\"Phedre2\" width=\"193\" height=\"300\" class=\"alignright size-medium wp-image-10504\" \/><\/p>\n<p>25 juni, klockan 19.30 \u00e4r tiden som b\u00f6r intressera m\u00e5nga teaterintresserade. D\u00e5 s\u00e4nder Folkets hus f\u00f6rest\u00e4llningen &#8221;Fedra&#8221; direkt, live fr\u00e5n London.<\/p>\n<p>H\u00e4r \u00e4r pressmeddelandet fr\u00e5n Folkets Hus:<\/p>\n<p>Oscarsvinnare till Folkets Hus<\/p>\n<p>N\u00e4sta torsdag (kan Folkets Hus-publiken se Oscarsvinnaren Helen Mirren och Mamma Mia!-stj\u00e4rnan Dominic Cooper i kritikerhyllade Fedra. D\u00e5 direkts\u00e4nder National Theatre i London f\u00f6r f\u00f6rsta g\u00e5ngen en f\u00f6rest\u00e4llning till svenska biografer.<\/p>\n<p>Metropolitanoperans framg\u00e5ngar med direkts\u00e4ndningar fr\u00e5n New York till v\u00e4rldens alla h\u00f6rn v\u00e4ckte National Theatres intresse f\u00f6r fenomenet. 25 juni, klockan 19.30 [Obs! Ny starttid] visas Fedra \u2013 v\u00e4rldens f\u00f6rsta direkts\u00e4nda internationella teaterf\u00f6rest\u00e4llning \u2013 i Folkets Hus digitala biografer. Totalt direkts\u00e4nds Fedra till \u00f6ver 220 biografer i hela v\u00e4rlden.<\/p>\n<p>Direkts\u00e4ndningen \u00e4r den f\u00f6rsta i en serie av fyra planerade lives\u00e4ndningar fr\u00e5n National Theatre i London. D\u00e4refter visar biograferna en hyllad f\u00f6rest\u00e4llning av Shakespeares All\u2019s Well That Ends Well den f\u00f6rsta oktober och den uruppf\u00f6rda pj\u00e4sen Nation, baserad p\u00e5 en roman av Terry Pratchett, den 30 januari 2010. Den fj\u00e4rde pj\u00e4sen offentligg\u00f6rs inom kort.<\/p>\n<p>I rollerna ser vi Helen Mirren, Margaret Tyzack och Dominic Cooper. Den sistn\u00e4mnde k\u00e4nner Sverigepubliken som den blivande brudgummen i filmen Mamma Mia!<\/p>\n<p>\u2013 Jag \u00e4r v\u00e4ldigt glad att f\u00e5 m\u00f6jligheten att spela Fedra, en rik, komplex och kr\u00e4vande roll, och att f\u00e5 vara en del av NT Live, detta grandiosa \u00e4ventyr skapat av National Theatre, s\u00e4ger Helen Mirren.<\/p>\n<p>Helen Mirren har en l\u00e5ng och framg\u00e5ngsrik teater- och filmpremi\u00e4r bakom sig, bland annat vann hon en Oscar f\u00f6r The Queen, tre BAFTA-awards och tv\u00e5 Emmy-awards f\u00f6r sin insats i TV-serien om kommissarie Tennyson, Golden Globe f\u00f6r rollen i Elizabeth I. Hon har \u00e4ven gjort filmroller i Kalenderflickorna, Den galne kung George och State of Play.<\/p>\n<p>Margaret Tyzack har setts p\u00e5 scen i His Girl Friday, Tartuffe och Vem \u00e4r r\u00e4dd f\u00f6r Virginia Woolf? p\u00e5 National Theatre, liksom m\u00e5nga roller i West End.<\/p>\n<p>Svenska biografer som visar Fedra:<\/p>\n<p>B\u00e5stad, Falun, Filipstad, G\u00f6teborg (Roy) Heby, Hudiksvall, Karlstad, Katrineholm, Lund (Kino), L\u00f6v\u00e5nger, Malm\u00f6 (Spegeln), Nyn\u00e4shamn, Smedjebacken, Oskarshamn, Stockholm (Rio), Str\u00e4ngn\u00e4s, S\u00f6r\u00e5ker, Tomelilla, V\u00e4ster\u00e5s, Ystad, \u00c5seda och \u00c4lmhult.<\/p>\n<p><strong>Fedra-fakta<\/strong><\/p>\n<p>Fedra: Helen Mirren<\/p>\n<p>Oenone: Margaret Tyzack<\/p>\n<p>Hippolytus: Dominic Cooper<\/p>\n<p>Th\u00e9ram\u00e8ne: John Shrapnel<\/p>\n<p>Panope: Wendy Morgan<\/p>\n<p>Aricia: Ruth Negga<\/p>\n<p>Ism\u00e8ne: Chipo Chung<\/p>\n<p>Theseus: Stanley Townsend<\/p>\n<p>L\u00e4s \u00e4ven andra bloggares \u00e5sikter om <a href=\"http:\/\/bloggar.se\/om\/teater\" rel=\"tag\">teater<\/a>, <a href=\"http:\/\/bloggar.se\/om\/bio\" rel=\"tag\">bio<\/a>, <a href=\"http:\/\/bloggar.se\/om\/Folkets+Hus\" rel=\"tag\">Folkets Hus<\/a>, <a href=\"http:\/\/bloggar.se\/om\/Oscarsvinnare\" rel=\"tag\">Oscarsvinnare<\/a>, <a href=\"http:\/\/bloggar.se\/om\/Helen+Mirren\" rel=\"tag\">Helen Mirren<\/a>, <a href=\"http:\/\/bloggar.se\/om\/Fedra\" rel=\"tag\">Fedra<\/a>, <a href=\"http:\/\/bloggar.se\/om\/London\" rel=\"tag\">London<\/a><\/p>\n","protected":false},"excerpt":{"rendered":"<p>25 juni, klockan 19.30 \u00e4r tiden som b\u00f6r intressera m\u00e5nga teaterintresserade. D\u00e5 s\u00e4nder Folkets hus f\u00f6rest\u00e4llningen &#8221;Fedra&#8221; direkt, live fr\u00e5n London. H\u00e4r \u00e4r pressmeddelandet fr\u00e5n Folkets Hus: Oscarsvinnare till Folkets Hus N\u00e4sta torsdag (kan Folkets Hus-publiken se Oscarsvinnaren Helen Mirren och Mamma Mia!-stj\u00e4rnan Dominic Cooper i kritikerhyllade Fedra. D\u00e5 direkts\u00e4nder National Theatre i London f\u00f6r [&hellip;]<\/p>\n","protected":false},"author":2,"featured_media":0,"comment_status":"open","ping_status":"open","sticky":false,"template":"","format":"standard","meta":{"_genesis_hide_title":false,"_genesis_hide_breadcrumbs":false,"_genesis_hide_singular_image":false,"_genesis_hide_footer_widgets":false,"_genesis_custom_body_class":"","_genesis_custom_post_class":"","_genesis_layout":"","footnotes":""},"categories":[20,30],"tags":[661,12288],"class_list":{"0":"post-10503","1":"post","2":"type-post","3":"status-publish","4":"format-standard","6":"category-film","7":"category-teater","8":"tag-bio-folkets-hus","9":"tag-teater","10":"entry"},"_links":{"self":[{"href":"https:\/\/kulturbloggen.com\/index.php?rest_route=\/wp\/v2\/posts\/10503","targetHints":{"allow":["GET"]}}],"collection":[{"href":"https:\/\/kulturbloggen.com\/index.php?rest_route=\/wp\/v2\/posts"}],"about":[{"href":"https:\/\/kulturbloggen.com\/index.php?rest_route=\/wp\/v2\/types\/post"}],"author":[{"embeddable":true,"href":"https:\/\/kulturbloggen.com\/index.php?rest_route=\/wp\/v2\/users\/2"}],"replies":[{"embeddable":true,"href":"https:\/\/kulturbloggen.com\/index.php?rest_route=%2Fwp%2Fv2%2Fcomments&post=10503"}],"version-history":[{"count":0,"href":"https:\/\/kulturbloggen.com\/index.php?rest_route=\/wp\/v2\/posts\/10503\/revisions"}],"wp:attachment":[{"href":"https:\/\/kulturbloggen.com\/index.php?rest_route=%2Fwp%2Fv2%2Fmedia&parent=10503"}],"wp:term":[{"taxonomy":"category","embeddable":true,"href":"https:\/\/kulturbloggen.com\/index.php?rest_route=%2Fwp%2Fv2%2Fcategories&post=10503"},{"taxonomy":"post_tag","embeddable":true,"href":"https:\/\/kulturbloggen.com\/index.php?rest_route=%2Fwp%2Fv2%2Ftags&post=10503"}],"curies":[{"name":"wp","href":"https:\/\/api.w.org\/{rel}","templated":true}]}}