{"id":104230,"date":"2016-08-22T09:32:25","date_gmt":"2016-08-22T08:32:25","guid":{"rendered":"http:\/\/kulturbloggen.com\/?p=104230"},"modified":"2016-08-22T09:32:25","modified_gmt":"2016-08-22T08:32:25","slug":"sabaton-ger-sig-ut-pa-stor-sverige-turne-i-var","status":"publish","type":"post","link":"https:\/\/kulturbloggen.com\/?p=104230","title":{"rendered":"Sabaton ger sig ut p\u00e5 stor Sverige-turn\u00e9 i v\u00e5r"},"content":{"rendered":"<p><a href=\"http:\/\/kulturbloggen.com\/wp-content\/uploads\/2016\/08\/sabaton-2016-8-6_small.jpg\"><img loading=\"lazy\" decoding=\"async\" src=\"http:\/\/kulturbloggen.com\/wp-content\/uploads\/2016\/08\/sabaton-2016-8-6_small-200x300.jpg\" alt=\"sabaton-2016-8-6_small\" width=\"200\" height=\"300\" class=\"aligncenter size-medium wp-image-104231\" srcset=\"https:\/\/kulturbloggen.com\/wp-content\/uploads\/2016\/08\/sabaton-2016-8-6_small-200x300.jpg 200w, https:\/\/kulturbloggen.com\/wp-content\/uploads\/2016\/08\/sabaton-2016-8-6_small.jpg 591w\" sizes=\"auto, (max-width: 200px) 100vw, 200px\" \/><\/a><\/p>\n<p>Sabaton ger sig ut p\u00e5 en stor Sverigeturn\u00e9. Efter Europaturn\u00e9n i b\u00f6rjan av 2017 kommer bandet hem f\u00f6r \u00e5tta datum i mars\/april f\u00f6r att supporta det nya albumet \u201dThe Last Stand\u201d.<\/p>\n<p>Ett pressmeddelande:<br \/>\nBandet fr\u00e5n Falun har sedan starten 1999 er\u00f6vrat Sverige och resten av v\u00e4rlden med sin musik och texter om historiska slag. Deras platinas\u00e4ljande skiva \u201dCarolus Rex\u201d \u00e4r en av de mest framg\u00e5ngsrika h\u00e5rdrocksskivorna i svensk historia med \u00f6ver ett \u00e5r p\u00e5 toppen av svenska albumlistan. \u201dCarolus Rex\u201d f\u00f6ljdes upp med gulds\u00e4ljande \u201dHeroes\u201d och bandet \u00e4r nu \u00e5ter h\u00f6gaktuella med purf\u00e4rska albumet \u201dThe Last Stand\u201d vilket sl\u00e4pptes i fredags (19\/8).<\/p>\n<p>SABATON turnerar frekvent och har tack vare det tilldelats flera utm\u00e4rkelser f\u00f6r b\u00e4sta liveband. De har spelat p\u00e5 alla stora h\u00e5rdrocksfestivaler vilket bland annat inkluderar Przystanek Woodstock i Polen med 500 000 personer i publiken. Denna spelning filmades och finns med p\u00e5 gulds\u00e4ljande DVD:n \u201dSwedish Empire Live\u201d.<\/p>\n<p>Senaste Sverigeturn\u00e9n genomf\u00f6rdes 2014 och nu \u00e4r det allts\u00e5 dags igen. Den h\u00e4r g\u00e5ngen har SABATON med sig legendariska Accept som support under hela turn\u00e9n, vilken g\u00e5r under namnet \u201dThe Last Tour\u201d.<\/p>\n<p>\u201dDet var m\u00e5nga \u00e5r sedan vi k\u00f6rde en turn\u00e9 som t\u00e4ckte hela Sverige, s\u00e5 det k\u00e4nns grymt att g\u00f6ra denna i vinter. Inte sedan 2012 har vi gjort n\u00e5got liknande och det \u00e4r flera st\u00e4der vi s\u00e4llan bes\u00f6kt. Denna sv\u00e4ng blir den st\u00f6rsta vi gjort i Sverige och inkluderar inga andra \u00e4n Accept som v\u00e5rt f\u00f6rband, samt ett band till som vi kommer presentera senare i h\u00f6st. Vi har heller aldrig tagit med oss en s\u00e5dan produktion ut p\u00e5 turn\u00e9 som det blir denna g\u00e5ng.\u201d \/P\u00e4r Sundstr\u00f6m, SABATON<br \/>\n<strong><br \/>\nSABATON V\u00c5RTURN\u00c9 2017:<\/strong><br \/>\n17 mars \tNorrk\u00f6ping, Himmelstalundshallen<br \/>\n18 mars \tSandviken, G\u00f6ransson Arena<br \/>\n19 mars \t\u00d6rebro, Conventum Arena<br \/>\n22 mars \tLund, Sparbank Sk\u00e5ne Arena<br \/>\n24 mars \tStockholm, Hovet<br \/>\n25 mars \tG\u00f6teborg, Fr\u00f6lundaborg<br \/>\n31 mars \tUme\u00e5, Energi Vind Arena<br \/>\n1 april  \tLule\u00e5, Energi Arena<\/p>\n<p><strong>SABATON \u00e4r:<\/strong><br \/>\nP\u00e4r Sundstr\u00f6m \u2013 Bas<br \/>\nJoakim Brod\u00e9n \u2013 S\u00e5ng<br \/>\nChris R\u00f6rland \u2013 Gitarr<br \/>\nHannes Van Dahl \u2013 Trummor<br \/>\nTommy Johansson \u2013 Gitarr <\/p>\n","protected":false},"excerpt":{"rendered":"<p>Sabaton ger sig ut p\u00e5 en stor Sverigeturn\u00e9. Efter Europaturn\u00e9n i b\u00f6rjan av 2017 kommer bandet hem f\u00f6r \u00e5tta datum i mars\/april f\u00f6r att supporta det nya albumet \u201dThe Last Stand\u201d. Ett pressmeddelande: Bandet fr\u00e5n Falun har sedan starten 1999 er\u00f6vrat Sverige och resten av v\u00e4rlden med sin musik och texter om historiska slag. Deras [&hellip;]<\/p>\n","protected":false},"author":13,"featured_media":0,"comment_status":"open","ping_status":"open","sticky":false,"template":"","format":"standard","meta":{"_genesis_hide_title":false,"_genesis_hide_breadcrumbs":false,"_genesis_hide_singular_image":false,"_genesis_hide_footer_widgets":false,"_genesis_custom_body_class":"","_genesis_custom_post_class":"","_genesis_layout":"","footnotes":""},"categories":[7],"tags":[4890],"class_list":{"0":"post-104230","1":"post","2":"type-post","3":"status-publish","4":"format-standard","6":"category-musik","7":"tag-sabaton","8":"entry"},"_links":{"self":[{"href":"https:\/\/kulturbloggen.com\/index.php?rest_route=\/wp\/v2\/posts\/104230","targetHints":{"allow":["GET"]}}],"collection":[{"href":"https:\/\/kulturbloggen.com\/index.php?rest_route=\/wp\/v2\/posts"}],"about":[{"href":"https:\/\/kulturbloggen.com\/index.php?rest_route=\/wp\/v2\/types\/post"}],"author":[{"embeddable":true,"href":"https:\/\/kulturbloggen.com\/index.php?rest_route=\/wp\/v2\/users\/13"}],"replies":[{"embeddable":true,"href":"https:\/\/kulturbloggen.com\/index.php?rest_route=%2Fwp%2Fv2%2Fcomments&post=104230"}],"version-history":[{"count":1,"href":"https:\/\/kulturbloggen.com\/index.php?rest_route=\/wp\/v2\/posts\/104230\/revisions"}],"predecessor-version":[{"id":104232,"href":"https:\/\/kulturbloggen.com\/index.php?rest_route=\/wp\/v2\/posts\/104230\/revisions\/104232"}],"wp:attachment":[{"href":"https:\/\/kulturbloggen.com\/index.php?rest_route=%2Fwp%2Fv2%2Fmedia&parent=104230"}],"wp:term":[{"taxonomy":"category","embeddable":true,"href":"https:\/\/kulturbloggen.com\/index.php?rest_route=%2Fwp%2Fv2%2Fcategories&post=104230"},{"taxonomy":"post_tag","embeddable":true,"href":"https:\/\/kulturbloggen.com\/index.php?rest_route=%2Fwp%2Fv2%2Ftags&post=104230"}],"curies":[{"name":"wp","href":"https:\/\/api.w.org\/{rel}","templated":true}]}}