{"id":10387,"date":"2009-06-15T08:45:24","date_gmt":"2009-06-15T06:45:24","guid":{"rendered":"http:\/\/kulturbloggen.com\/?p=10387"},"modified":"2009-06-15T08:45:24","modified_gmt":"2009-06-15T06:45:24","slug":"markus-krunegards-utbrott-mot-piratpartiet","status":"publish","type":"post","link":"https:\/\/kulturbloggen.com\/?p=10387","title":{"rendered":"Markus Kruneg\u00e5rds utbrott mot Piratpartiet"},"content":{"rendered":"<p>Markus Kruneg\u00e5rd, s\u00e5ngaren i bandet Laakso, har en solokarri\u00e4r och spelader kring 17-tdien p\u00e5 musikfestivalen &#8221;Where the action is&#8221; p\u00e5 l\u00f6rdag 13 juni. Det regnade och Kruneg\u00e5rd var sur, verkade det som.<br \/>\nEn bit in i spelning till\u00e4gnade han Piratpartiet en l\u00e5t som heter &#8221;Idioter&#8221;.<br \/>\n<!--more--><br \/>\n<img loading=\"lazy\" decoding=\"async\" src=\"http:\/\/sodergren.com\/kulturbloggen\/wp-content\/uploads\/2009\/06\/wtai2009-049-150x150.jpg\" alt=\"wtai2009-049\" title=\"wtai2009-049\" width=\"150\" height=\"150\" class=\"alignright size-thumbnail wp-image-10390\" \/>F\u00f6r min del tycker jag tyv\u00e4rr att det \u00e4r Kruneg\u00e5rd sj\u00e4lv som i s\u00e5 fall kan kallas idiot.<br \/>\nHan tog upp EU-valet och sade: &#8221;Sj\u00e4lv var jag bakfull s\u00e5 jag kom inte iv\u00e4g och r\u00f6stade. Men till n\u00e4sta val ska jag bilda ett parti som heter &#8221;Allavill\u00e4tagratisp\u00e5Ica&#8221; och vi ska f\u00e5 7.5 procent av r\u00f6sterna.&#8221;<br \/>\nOch s\u00e5 till\u00e4gnade han det parti som nu tog 7.5 procent av r\u00f6sterna l\u00e5ter &#8221;Idioter&#8221;.<\/p>\n<p>Hmm. Att vara stolt \u00f6ver att inte r\u00f6sta? Att vara stolt \u00f6ver att vara s\u00e5 bakfull att han inte r\u00f6stade? De idioter som tillsammans med 7.5 procent av r\u00f6sterna: de orkade i alla fall ta sig till vallokal, de orkade ta st\u00e4llning i samh\u00e4llet.<\/p>\n<p>Kruneg\u00e5rd visar ocks\u00e5 hur okunnig han \u00e4r. Piratpartiet handlar inte om att &#8221;\u00e4ta gratis&#8221;, allts\u00e5 att fildela musik. Den fr\u00e5gan kommer snart att inte ens vara aktuell ju fler program som dyker upp p\u00e5 marknaden som erbjuder alternativ till att lyssna p\u00e5 musik, som Spotify.<\/p>\n<p>Den viktiga fr\u00e5gan f\u00f6r Piratpartiet \u00e4r f\u00f6rst\u00e5s integriteten, kampen mot Storabrorsamh\u00e4llet och \u00f6vervakningen.<\/p>\n<p>Jag tycker att artister har r\u00e4tt att vilja f\u00e5 betalt f\u00f6r sin musik. Men det ska inte ske genom integritetskr\u00e4nkande lagar. Att Kruneg\u00e5rd inte f\u00f6rst\u00e5tt detta \u00e4r sorgligt.<\/p>\n<p>Kruneg\u00e5rds Idioter p\u00e5 WTAI:<br \/>\n<object width=\"425\" height=\"344\"><param name=\"movie\" value=\"http:\/\/www.youtube.com\/v\/mDFXARYl1ZE&#038;hl=sv&#038;fs=1&#038;\"><\/param><param name=\"allowFullScreen\" value=\"true\"><\/param><param name=\"allowscriptaccess\" value=\"always\"><\/param><embed src=\"http:\/\/www.youtube.com\/v\/mDFXARYl1ZE&#038;hl=sv&#038;fs=1&#038;\" type=\"application\/x-shockwave-flash\" allowscriptaccess=\"always\" allowfullscreen=\"true\" width=\"425\" height=\"344\"><\/embed><\/object><\/p>\n","protected":false},"excerpt":{"rendered":"<p>Markus Kruneg\u00e5rd, s\u00e5ngaren i bandet Laakso, har en solokarri\u00e4r och spelader kring 17-tdien p\u00e5 musikfestivalen &#8221;Where the action is&#8221; p\u00e5 l\u00f6rdag 13 juni. Det regnade och Kruneg\u00e5rd var sur, verkade det som. En bit in i spelning till\u00e4gnade han Piratpartiet en l\u00e5t som heter &#8221;Idioter&#8221;.<\/p>\n","protected":false},"author":2,"featured_media":0,"comment_status":"open","ping_status":"open","sticky":false,"template":"","format":"standard","meta":{"_genesis_hide_title":false,"_genesis_hide_breadcrumbs":false,"_genesis_hide_singular_image":false,"_genesis_hide_footer_widgets":false,"_genesis_custom_body_class":"","_genesis_custom_post_class":"","_genesis_layout":"","footnotes":""},"categories":[20],"tags":[1708,4385,6442],"class_list":{"0":"post-10387","1":"post","2":"type-post","3":"status-publish","4":"format-standard","6":"category-film","7":"tag-fildelning","8":"tag-piratpartiet","9":"tag-wtai","10":"entry"},"_links":{"self":[{"href":"https:\/\/kulturbloggen.com\/index.php?rest_route=\/wp\/v2\/posts\/10387","targetHints":{"allow":["GET"]}}],"collection":[{"href":"https:\/\/kulturbloggen.com\/index.php?rest_route=\/wp\/v2\/posts"}],"about":[{"href":"https:\/\/kulturbloggen.com\/index.php?rest_route=\/wp\/v2\/types\/post"}],"author":[{"embeddable":true,"href":"https:\/\/kulturbloggen.com\/index.php?rest_route=\/wp\/v2\/users\/2"}],"replies":[{"embeddable":true,"href":"https:\/\/kulturbloggen.com\/index.php?rest_route=%2Fwp%2Fv2%2Fcomments&post=10387"}],"version-history":[{"count":0,"href":"https:\/\/kulturbloggen.com\/index.php?rest_route=\/wp\/v2\/posts\/10387\/revisions"}],"wp:attachment":[{"href":"https:\/\/kulturbloggen.com\/index.php?rest_route=%2Fwp%2Fv2%2Fmedia&parent=10387"}],"wp:term":[{"taxonomy":"category","embeddable":true,"href":"https:\/\/kulturbloggen.com\/index.php?rest_route=%2Fwp%2Fv2%2Fcategories&post=10387"},{"taxonomy":"post_tag","embeddable":true,"href":"https:\/\/kulturbloggen.com\/index.php?rest_route=%2Fwp%2Fv2%2Ftags&post=10387"}],"curies":[{"name":"wp","href":"https:\/\/api.w.org\/{rel}","templated":true}]}}