{"id":103759,"date":"2016-08-04T08:59:01","date_gmt":"2016-08-04T07:59:01","guid":{"rendered":"http:\/\/kulturbloggen.com\/?p=103759"},"modified":"2016-08-04T08:59:57","modified_gmt":"2016-08-04T07:59:57","slug":"vad-hander-nar-skadespelare-fran-storstaden-skickas-ut-for-att-vandra-i-naturen-urpremiar-pa-stockholms-stadsteater","status":"publish","type":"post","link":"https:\/\/kulturbloggen.com\/?p=103759","title":{"rendered":"Vad h\u00e4nder n\u00e4r sk\u00e5despelare fr\u00e5n storstaden skickas ut f\u00f6r att vandra i naturen? &#8211; urpremi\u00e4r p\u00e5 Stockholms stadsteater"},"content":{"rendered":"<p>En humoristisk vandringspj\u00e4s \u00e4r h\u00f6stens f\u00f6rsta urpremi\u00e4r p\u00e5 Kulturhuset Stadsteatern, ber\u00e4ttar ett pressmeddealnde:<\/p>\n<p>Vad h\u00e4nder n\u00e4r en grupp sk\u00e5despelare fr\u00e5n storstaden skickas ut f\u00f6r att vandra i naturen? Vad upplever de n\u00e4r tystnaden s\u00e4nker sig och kartan \u00e4r det enda s\u00e4llskapet? Vandring \u00e4r utg\u00e5ngspunkten i Den l\u00e5nga marschen &#8211; Gunilla Heilborns debut som regiss\u00f6r p\u00e5 Kulturhuset Stadsteatern. En dokument\u00e4r f\u00f6rest\u00e4llning med Alma P\u00f6ysti, Kirsti Stub\u00f8, Kristiina Viiala, Andreas Kundler, Jessica Liedberg, Daniel Nystr\u00f6m och Emil Alm\u00e9n. Urpremi\u00e4r 19 augusti p\u00e5 Lilla scenen.<\/p>\n<p>\u2013 Jag ville f\u00e5 ut sk\u00e5despelarna ur huset och g\u00f6ra n\u00e5gonting utifr\u00e5n deras upplevelser i st\u00e4llet f\u00f6r att ge dem ett f\u00e4rdigt manus. Att vandra \u00e4r enkelt, men det skapar samtidigt tid och rum f\u00f6r att t\u00e4nka, s\u00e4ger regiss\u00f6ren Gunilla Heilborn.<\/p>\n<p>Koreografen och filmskaparen Gunilla Heilborn har hyllats f\u00f6r sina unika f\u00f6rest\u00e4llningar, spetsade med humor. Bland hennes tidigare koreografiska verk m\u00e4rks bland andra Potatislandet, This is not a love story och Fem\u00e5rsplanen. Hennes senaste f\u00f6rest\u00e4llning, The Knowledge, handlade om kunskap, hj\u00e4rnan och att navigera. Gunilla Heilborn har flera g\u00e5nger Guldbaggenominerats f\u00f6r sina kortfilmer och vann 2007 med filmen Hur man g\u00f6r. <\/p>\n<p>Arbetet med Den l\u00e5nga marschen inleddes med flera veckor av vandring, p\u00e5 kortare och l\u00e4ngre str\u00e4ckor, i grupp och ensam. De medverkande sk\u00e5despelarna skickades ut ur repsalen med kartor och f\u00f6rslag p\u00e5 vandringsstr\u00e4ckor. De fick bland annat i uppgift att utforska det b\u00e4sta tempot att g\u00e5 i om man vill t\u00e4nka eller undvika att t\u00e4nka. <\/p>\n<p>\u2013 Det finns n\u00e5got pr\u00e4ktigt \u00f6ver att vara ute och g\u00e5 i naturen, men vi tar ner det till en mer m\u00e4nsklig niv\u00e5. N\u00e5gon \u00e4r hungrig, n\u00e5gon annan har g\u00e5tt vilse och en tredje funderar \u00f6ver vilka vandringsk\u00e4ngor som \u00e4r b\u00e4st. Hela upplevelsen blev lite som ett scoutl\u00e4ger, s\u00e4ger Gunilla Heilborn.<br \/>\nSk\u00e5despelarnas upplevelser ligger till grund f\u00f6r f\u00f6rest\u00e4llningen. Med humor, musik och koreografi \u00e4r det en betraktelse \u00f6ver v\u00e5r mest grundl\u00e4ggande r\u00f6relse: att g\u00e5.<br \/>\n\u2013 Alla har varit otroligt gener\u00f6sa med sina tankar och erfarenheter. Det ger en dokument\u00e4r k\u00e4nsla som vi hoppas kunna f\u00f6rmedla p\u00e5 scenen, s\u00e4ger Gunilla Heilborn.<\/p>\n<p><strong>Den l\u00e5nga marschen<br \/>\nAV GUNILLA HEILBORN<\/strong><\/p>\n<p>Premi\u00e4r 19 augusti p\u00e5 Lilla scenen<\/p>\n<p>Av och regi: Gunilla Heilborn<br \/>\nMusik: Hans Appelqvist<br \/>\nScenografi och kostym: Katarina Wiklund och Susanna Wiklund<br \/>\nLjus: Minna Tiikainen<br \/>\nMask: Maria Lindstedt<br \/>\nMedverkande och text:<br \/>\nAlma P\u00f6ysti<br \/>\nKirsti Stub\u00f8<br \/>\nKristiina Viiala<br \/>\nAndreas Kundler<br \/>\nJessica Liedberg<br \/>\nDaniel Nystr\u00f6m<br \/>\nEmil Alm\u00e9n<\/p>\n","protected":false},"excerpt":{"rendered":"<p>En humoristisk vandringspj\u00e4s \u00e4r h\u00f6stens f\u00f6rsta urpremi\u00e4r p\u00e5 Kulturhuset Stadsteatern, ber\u00e4ttar ett pressmeddealnde: Vad h\u00e4nder n\u00e4r en grupp sk\u00e5despelare fr\u00e5n storstaden skickas ut f\u00f6r att vandra i naturen? Vad upplever de n\u00e4r tystnaden s\u00e4nker sig och kartan \u00e4r det enda s\u00e4llskapet? Vandring \u00e4r utg\u00e5ngspunkten i Den l\u00e5nga marschen &#8211; Gunilla Heilborns debut som regiss\u00f6r p\u00e5 [&hellip;]<\/p>\n","protected":false},"author":13,"featured_media":0,"comment_status":"open","ping_status":"open","sticky":false,"template":"","format":"standard","meta":{"_genesis_hide_title":false,"_genesis_hide_breadcrumbs":false,"_genesis_hide_singular_image":false,"_genesis_hide_footer_widgets":false,"_genesis_custom_body_class":"","_genesis_custom_post_class":"","_genesis_layout":"","footnotes":""},"categories":[20,30],"tags":[4955,5420,12288,6124],"class_list":{"0":"post-103759","1":"post","2":"type-post","3":"status-publish","4":"format-standard","6":"category-film","7":"category-teater","8":"tag-scenkonst","9":"tag-stockholms-stadsteater","10":"tag-teater","11":"tag-urpremiar","12":"entry"},"_links":{"self":[{"href":"https:\/\/kulturbloggen.com\/index.php?rest_route=\/wp\/v2\/posts\/103759","targetHints":{"allow":["GET"]}}],"collection":[{"href":"https:\/\/kulturbloggen.com\/index.php?rest_route=\/wp\/v2\/posts"}],"about":[{"href":"https:\/\/kulturbloggen.com\/index.php?rest_route=\/wp\/v2\/types\/post"}],"author":[{"embeddable":true,"href":"https:\/\/kulturbloggen.com\/index.php?rest_route=\/wp\/v2\/users\/13"}],"replies":[{"embeddable":true,"href":"https:\/\/kulturbloggen.com\/index.php?rest_route=%2Fwp%2Fv2%2Fcomments&post=103759"}],"version-history":[{"count":2,"href":"https:\/\/kulturbloggen.com\/index.php?rest_route=\/wp\/v2\/posts\/103759\/revisions"}],"predecessor-version":[{"id":103761,"href":"https:\/\/kulturbloggen.com\/index.php?rest_route=\/wp\/v2\/posts\/103759\/revisions\/103761"}],"wp:attachment":[{"href":"https:\/\/kulturbloggen.com\/index.php?rest_route=%2Fwp%2Fv2%2Fmedia&parent=103759"}],"wp:term":[{"taxonomy":"category","embeddable":true,"href":"https:\/\/kulturbloggen.com\/index.php?rest_route=%2Fwp%2Fv2%2Fcategories&post=103759"},{"taxonomy":"post_tag","embeddable":true,"href":"https:\/\/kulturbloggen.com\/index.php?rest_route=%2Fwp%2Fv2%2Ftags&post=103759"}],"curies":[{"name":"wp","href":"https:\/\/api.w.org\/{rel}","templated":true}]}}