{"id":10370,"date":"2009-06-13T11:15:47","date_gmt":"2009-06-13T09:15:47","guid":{"rendered":"http:\/\/kulturbloggen.com\/?p=10370"},"modified":"2009-06-13T11:15:47","modified_gmt":"2009-06-13T09:15:47","slug":"intryck-efter-dag-1-pa-wtai","status":"publish","type":"post","link":"https:\/\/kulturbloggen.com\/?p=10370","title":{"rendered":"Intryck efter dag 1 p\u00e5 WTAI"},"content":{"rendered":"<p><img loading=\"lazy\" decoding=\"async\" src=\"http:\/\/sodergren.com\/kulturbloggen\/wp-content\/uploads\/2009\/06\/radstrom290.jpg\" alt=\"radstrom290\" title=\"radstrom290\" width=\"290\" height=\"200\" class=\"aligncenter size-full wp-image-10374\" \/><br \/>\n&#8221;Where the action is&#8221; \u00e4r en bra festival, ett bra initiativ. Stockholm beh\u00f6ver en bra rockfestival. Arrang\u00f6rerna har haft fingertoppsk\u00e4nsla och f\u00e5tt dit en s\u00e5dan bra blandning av artister att publiken ocks\u00e5 \u00e4r trevligt blandad, i olika \u00e5ldrar.<br \/>\nMen varf\u00f6r straffar v\u00e4drets gud arrangemanget med bedr\u00f6vlig regnv\u00e4der? Det undrar jag.<br \/>\nSom tur var slutade regnet en bit under under festivalen och p\u00e5 f\u00f6rsta kv\u00e4llens finalnummer med Neil Young var det packat med festivalbes\u00f6kare som sj\u00f6ng med i &#8221;Rockin \u00b4 in the Free World&#8221;.<br \/>\n<!--more--><br \/>\nSj\u00e4lv \u00e4r jag j\u00e4tten\u00f6jd efter f\u00f6rsta festivaldagen. Jag hann n\u00e4stan se allt jag planerat och uppt\u00e4ckte ocks\u00e5 tv\u00e5 nya artister som jag inte lyssnat p\u00e5 mycket p\u00e5 tidigare, men kommer att ha koll p\u00e5 fram\u00f6ver: Kristofer \u00c5str\u00f6m och Florence Valentin.<br \/>\nKristofer \u00c5str\u00f6m fick hoppa in f\u00f6r Existensminimum, som l\u00e4mnat \u00e5terbud.<br \/>\nVilket kanske var bra f\u00f6r festivalen. Han hoppade in med kort varsel och bj\u00f6d p\u00e5 rockig show d\u00e4r hans gitarrspel bitvis starkt p\u00e5minde om kv\u00e4llens toppnamn Neil Young.<br \/>\n<a href=\"http:\/\/www.myspace.com\/kastrom\">H\u00e4r finns Kristofer \u00c5str\u00f6m p\u00e5 MySpace<\/a> och <a href=\"http:\/\/www.kristoferastrom.com\/\">h\u00e4r \u00e4r hans hemsida<\/a>.<\/p>\n<p>Jag erk\u00e4nner: jag hade faktiskt missat bandet Florence Valentin tidigare.<br \/>\nNu fattar jag inte att jag hade missat dem. Festivaler \u00e4r bra, alltid hittar man ett nytt band eller en ny artist. F\u00f6r mig var det Florence Valentin den h\u00e4r g\u00e5ngen. Punkindieproggrockbandet som sl\u00e5r alla p\u00e5 n\u00e4san som s\u00e4ger att det inte finns svenska band som tar st\u00e4llning i samh\u00e4llsfr\u00e5gor. Florence Valentin har rej\u00e4l politisk attityd. <\/p>\n<p><a href=\"http:\/\/www.myspace.com\/florencevalentin\">De finns f\u00f6rst\u00e5s p\u00e5 MySpace.<\/a><br \/>\n<a href=\"http:\/\/blogg.aftonbladet.se\/festivalbloggen\/2009\/06\/florence-valentin-tackar-kungen\">Festivalbloggen noterar<\/a> att Florence Valentins s\u00e5ngare tackade kungen f\u00f6r att marken i Djurg\u00e5rden uppl\u00e5ts till musikfestivalen WTAI.<br \/>\n<a href=\"http:\/\/sv.wikipedia.org\/wiki\/Florence_Valentin\"><br \/>\nLite kortfakta om Florence Valentin fr\u00e5n Wikipedia:<\/a><\/p>\n<blockquote><p>Florence Valentin grundades 2002 och fick sitt genombrott \u00e5ret d\u00e4rp\u00e5 med l\u00e5ten &#8221;Allt dom bygger upp ska vi meja ner&#8221;. F\u00f6r allm\u00e4nheten blev bandet k\u00e4nt n\u00e4r de framf\u00f6rde l\u00e5ten p\u00e5 Sen kv\u00e4ll med Luuk. Debutalbumet Johnny Drama sl\u00e4pptes 2004 p\u00e5 MNW:s anrika etikett Mistlur och distribuerades av Bonnier Amigo. Uppf\u00f6ljaren Pokerkv\u00e4ll i V\u00e5rby G\u00e5rd, sl\u00e4pptes i juni 2007 p\u00e5 skivbolaget Bonnier Amigo. 25 mars 2009 sl\u00e4pptes bandets tredje full\u00e4ngdare Spring Ricco (Startracks) <\/p>\n<p>Enligt Florence Valentins frontman, Love Antell, har gruppnamnet inspirerats fr\u00e5n Johnny Bode.<\/p><\/blockquote>\n<p>Festival har positiva sidor, men en del trista. Det brukar bli grisigt och nerskr\u00e4pat. Men det k\u00e4mpade festivalvolont\u00e4rerna h\u00e5rt med att h\u00e5lla rent, de plockade undan skr\u00e4p hela tiden. Men att det blir en del fylla \u00e4r en annan skr\u00e4psak, som \u00e4r sv\u00e5rare att g\u00f6ra n\u00e5got \u00e5t. N\u00e4r vi stod och v\u00e4ntade p\u00e5 Pixies spelning kom ett stort g\u00e4ng svenska m\u00e4n i trettio\u00e5rs\u00e5ldern inst\u00f6vlande, tr\u00e4ngde sig in f\u00f6rbi oss andra som st\u00e5tt d\u00e4r och h\u00e5llit platser. De st\u00f6vlade p\u00e5 s\u00e5 d\u00e4r som en del g\u00f6r, som tycker att de \u00e4ger v\u00e4rlden. H\u00f6gljudda och r\u00e4tt berusade. De gjorde narr av Pixies fans som stod och v\u00e4ntade. N\u00e5gra minuter innan Pixies skulle ut p\u00e5 scen stod tre-fyra personer vid sidan av scenen och kikade ut. En av dessa var \u00f6verviktig.<\/p>\n<p>&#8221;H\u00f6, kolla fettot&#8221; sade en av de d\u00e4r fulla 30\u00e5ringarna.<\/p>\n<p>Minuterna senare hade den runde mannen tr\u00e4tt in p\u00e5 scenen, tagit gitarren och b\u00f6rjat sjunga. Snacka om att Pixies s\u00e5ngare \u00e4gde scenen och de br\u00f6tiga fyllfula m\u00e4nnen fick s\u00e5 de teg.<\/p>\n<p>Under Pixies blev publiken galen av punkgl\u00e4dje och de hoppade och knuffades. Jo, det \u00e4r kul att folk trivs, men det \u00e4r lite jobbigt n\u00e4r de har \u00f6l i h\u00e4nderna ocks\u00e5 och risken \u00e4r att de spiller ut \u00f6l p\u00e5 omgivningen. Men en av dessa var oerh\u00f6rt talangfull i att lyckas undvika att spilla ut \u00f6len. <\/p>\n<p>Pixies spelning var j\u00e4ttebra. F\u00f6rst\u00e5s. Det kommer mer om det i Kulturbloggen senare. Men jag tyckte inte LO-ballongerna passade in. Undrar vad LO betalat f\u00f6r att f\u00e5 \u00f6sa in ballonger under Pixies spelning.<\/p>\n<p>Seasick Steve &#8211; vilken sk\u00f6n blueskille. Det finns inte m\u00e5nga s\u00e5dana bluesgubbar idag.<br \/>\nOch The Pretenders \u00e4gde scenen. Synd att de spelade s\u00e5 tidigt som 16.30. Jag tror att m\u00e5nga inte hann dit tills dess.<\/p>\n<p><a href=\"http:\/\/kulturbloggen.com\/?p=10341\">Och finalnumret: Neil Young, har f\u00f6rst\u00e5s ett eget inl\u00e4gg.<\/a><br \/>\n<a href=\"http:\/\/www.flickr.com\/photos\/chadie\/sets\/72157619672306278\">H\u00e4r \u00e4r mina bilder fr\u00e5n WTAI 2009.<\/a><\/p>\n<p>Seasick Steve:<\/p>\n<p><object width=\"425\" height=\"344\"><param name=\"movie\" value=\"http:\/\/www.youtube.com\/v\/JyBf_Vmv9ok&#038;hl=sv&#038;fs=1&#038;\"><\/param><param name=\"allowFullScreen\" value=\"true\"><\/param><param name=\"allowscriptaccess\" value=\"always\"><\/param><embed src=\"http:\/\/www.youtube.com\/v\/JyBf_Vmv9ok&#038;hl=sv&#038;fs=1&#038;\" type=\"application\/x-shockwave-flash\" allowscriptaccess=\"always\" allowfullscreen=\"true\" width=\"425\" height=\"344\"><\/embed><\/object><\/p>\n<p>Andra bloggar om: <a href=\"http:\/\/bloggar.se\/om\/musikfestival\" rel=\"tag\">musikfestival<\/a>, <a href=\"http:\/\/bloggar.se\/om\/musik\" rel=\"tag\">musik<\/a>, <a href=\"http:\/\/bloggar.se\/om\/blues\" rel=\"tag\">blues<\/a>, <a href=\"http:\/\/bloggar.se\/om\/rockmusik\" rel=\"tag\">rockmusik<\/a>, <a href=\"http:\/\/bloggar.se\/om\/Stockholm\" rel=\"tag\">Stockholm<\/a>, <a href=\"http:\/\/bloggar.se\/om\/WTAI\" rel=\"tag\">WTAI<\/a>, <a href=\"http:\/\/bloggar.se\/om\/The+Pretenders\" rel=\"tag\">The Pretenders<\/a>, <a href=\"http:\/\/bloggar.se\/om\/Seasick+Steve\" rel=\"tag\">Seasick Steve<\/a>, <a href=\"http:\/\/bloggar.se\/om\/Pixies\" rel=\"tag\">Pixies<\/a>, <a href=\"http:\/\/bloggar.se\/om\/LO\" rel=\"tag\">LO<\/a>, <a href=\"http:\/\/bloggar.se\/om\/Florence+Valentin\" rel=\"tag\">Florence Valentin<\/a>, <a href=\"http:\/\/bloggar.se\/om\/Kristofer+%C5str%F6m\" rel=\"tag\">Kristofer \u00c5str\u00f6m<\/a><\/p>\n<p><img loading=\"lazy\" decoding=\"async\" src=\"http:\/\/sodergren.com\/kulturbloggen\/wp-content\/uploads\/2009\/06\/radstrom600.jpg\" alt=\"radstrom600\" title=\"radstrom600\" width=\"600\" height=\"200\" class=\"aligncenter size-full wp-image-10376\" \/><\/p>\n","protected":false},"excerpt":{"rendered":"<p>&#8221;Where the action is&#8221; \u00e4r en bra festival, ett bra initiativ. Stockholm beh\u00f6ver en bra rockfestival. Arrang\u00f6rerna har haft fingertoppsk\u00e4nsla och f\u00e5tt dit en s\u00e5dan bra blandning av artister att publiken ocks\u00e5 \u00e4r trevligt blandad, i olika \u00e5ldrar. Men varf\u00f6r straffar v\u00e4drets gud arrangemanget med bedr\u00f6vlig regnv\u00e4der? Det undrar jag. Som tur var slutade regnet [&hellip;]<\/p>\n","protected":false},"author":2,"featured_media":0,"comment_status":"open","ping_status":"open","sticky":false,"template":"","format":"standard","meta":{"_genesis_hide_title":false,"_genesis_hide_breadcrumbs":false,"_genesis_hide_singular_image":false,"_genesis_hide_footer_widgets":false,"_genesis_custom_body_class":"","_genesis_custom_post_class":"","_genesis_layout":"","footnotes":""},"categories":[7],"tags":[753,12282,3844,4803,5400,6442],"class_list":{"0":"post-10370","1":"post","2":"type-post","3":"status-publish","4":"format-standard","6":"category-musik","7":"tag-blues","8":"tag-musik","9":"tag-musikfestival","10":"tag-rockmusik","11":"tag-stockholm","12":"tag-wtai","13":"entry"},"_links":{"self":[{"href":"https:\/\/kulturbloggen.com\/index.php?rest_route=\/wp\/v2\/posts\/10370","targetHints":{"allow":["GET"]}}],"collection":[{"href":"https:\/\/kulturbloggen.com\/index.php?rest_route=\/wp\/v2\/posts"}],"about":[{"href":"https:\/\/kulturbloggen.com\/index.php?rest_route=\/wp\/v2\/types\/post"}],"author":[{"embeddable":true,"href":"https:\/\/kulturbloggen.com\/index.php?rest_route=\/wp\/v2\/users\/2"}],"replies":[{"embeddable":true,"href":"https:\/\/kulturbloggen.com\/index.php?rest_route=%2Fwp%2Fv2%2Fcomments&post=10370"}],"version-history":[{"count":0,"href":"https:\/\/kulturbloggen.com\/index.php?rest_route=\/wp\/v2\/posts\/10370\/revisions"}],"wp:attachment":[{"href":"https:\/\/kulturbloggen.com\/index.php?rest_route=%2Fwp%2Fv2%2Fmedia&parent=10370"}],"wp:term":[{"taxonomy":"category","embeddable":true,"href":"https:\/\/kulturbloggen.com\/index.php?rest_route=%2Fwp%2Fv2%2Fcategories&post=10370"},{"taxonomy":"post_tag","embeddable":true,"href":"https:\/\/kulturbloggen.com\/index.php?rest_route=%2Fwp%2Fv2%2Ftags&post=10370"}],"curies":[{"name":"wp","href":"https:\/\/api.w.org\/{rel}","templated":true}]}}