{"id":10364,"date":"2009-06-13T09:49:50","date_gmt":"2009-06-13T07:49:50","guid":{"rendered":"http:\/\/kulturbloggen.com\/?p=10364"},"modified":"2019-03-07T13:14:01","modified_gmt":"2019-03-07T12:14:01","slug":"skugga-av-karin-alvtegen","status":"publish","type":"post","link":"https:\/\/kulturbloggen.com\/?p=10364","title":{"rendered":"Skugga av Karin Alvtegen"},"content":{"rendered":"<p><img loading=\"lazy\" decoding=\"async\" src=\"http:\/\/sodergren.com\/kulturbloggen\/wp-content\/uploads\/2009\/06\/alvtegen_skugga290.jpg\" alt=\"alvtegen_skugga290\" title=\"alvtegen_skugga290\" width=\"290\" height=\"200\" class=\"aligncenter size-full wp-image-10366\"><br \/>\nF\u00f6rfattaren Karin Alvtegen blev i maj nominerad till det amerikanska deckarpriset Edgard Award, ett pris som anses vara det kanske mest prestigefyllda deckarpriset i v\u00e4rlden. Karin som blev nominerad f\u00f6r sin roman &#8221;Saknad&#8221; blev utan pris, men vann en m\u00e4ngd publicitet. I hennes femte roman &#8221;Skugga&#8221; drivs m\u00e5nga fr\u00e5gor kring framg\u00e5ng till sin spets.<br \/>\n<!--more--><br \/>\nF\u00f6rfattaren Axel Ragnerfeldt st\u00e5r i centrum f\u00f6r ber\u00e4ttelsen. Ber\u00f6mmelse och erk\u00e4nnande, bland annat i form av Nobelpriset, har han erh\u00e5llit, men hur har v\u00e4gen till succ\u00e9n egentligen sett ut? Har v\u00e4gen till toppen varit hederlig eller kan det vara s\u00e5 att Axel till och med klivit \u00f6ver lik f\u00f6r att lyckas som f\u00f6rfattare?<br \/>\nEn m\u00f6rk och f\u00f6ga komplicerad historia r\u00f6js sakta fram, allt under en sp\u00e4nning som f\u00f6rs\u00e4tter l\u00e4saren i en of\u00f6rm\u00e5ga att sl\u00e4cka nattdukslampan.<br \/>\nP\u00e5 sin officiella hemsida skriver Karin Alvtegen att id\u00e9n till Skugga v\u00e4xte fram ur tv\u00e5 fr\u00f6n. D\u00e5 hon i Svenska Nationalencyklopedin blev beskriven som en f\u00f6rfattare som med en nervpirrande ton skriver pregnanta kvinnoportr\u00e4tt, best\u00e4mde hon sig f\u00f6r att h\u00f6ja ribban och i sin n\u00e4sta bok f\u00f6rs\u00f6ka skriva lika skickligt om m\u00e4n. Den andra inspirationsk\u00e4llan till Skugga var f\u00f6rfattaren och Karin Alvetegens gammelfaster Astrid Lindgren. Karin ber\u00e4ttar hur Astrid f\u00f6rutom att ha varit en stor f\u00f6rebild, ocks\u00e5 var en fantastisk person.<br \/>\n&#8221;Tanken slog mig pl\u00f6tsligt, att t\u00e4nk om det varit precis tv\u00e4rtom. T\u00e4nk om en hyllad nationalikon, en Nobelpristagare i litteratur vars romaner \u00e4r fyllda av tankar om det goda och onda, egentligen b\u00e4r p\u00e5 m\u00f6rka hemligheter. Vars familj \u00e4nd\u00e5 \u00e4r tvungen att f\u00f6rvalta det v\u00f6rdade livsverket och h\u00e5lla auran av of\u00f6rvitlighet intakt&#8221;, skriver Karin Alvtegen.<\/p>\n<p>Stoffet \u00e4r bra och ber\u00e4ttarstilen i &#8221;Skugga&#8221; \u00e4r kanske en av Karin Alvtegens b\u00e4ttre. Intresset v\u00e4cks fr\u00e5n romanens f\u00f6rsta blad och varar sedan, utan att avta, \u00e4nda fram till slutet.<br \/>\nSom l\u00e4sare st\u00e4ller man sig st\u00e4ndigt fr\u00e5gan &#8217;hur kan denna s\u00e4ck egentligen knytas ihop?&#8217;, det vill s\u00e4ga, of\u00f6ruts\u00e4gbarheten i historien imponerar.<br \/>\nAlvtegen \u00e4r en sann ber\u00e4ttare, dock b\u00f6r hon lugna ned sig i sina avslut. Svaren p\u00e5 fr\u00e5gorna kommer i en s\u00e5dan hast och dramatik att mycket av det uppbyggda tenderar att raseras, helt i on\u00f6dan. Om Alvetegen ist\u00e4llet sparade en del p\u00e5 krutet s\u00e5 skulle slutresultatet ge ett mycket trov\u00e4rdigare intryck.<\/p>\n<p><a href=\"http:\/\/www.karinalvtegen.com\/\">Karin Alvtegens hemsida.<\/a><br \/>\nSkugga<br \/>\nF\u00f6rfattare:  Karin Alvtegen<br \/>\nF\u00f6rlag:  Natur &amp; Kultur<br \/>\nISBN10: 9127088642<br \/>\nISBN13: 9789127088641<\/p>\n<p>Andra bloggar om: <a href=\"http:\/\/bloggar.se\/om\/deckare\" rel=\"tag\">deckare<\/a>, <a href=\"http:\/\/bloggar.se\/om\/recension\" rel=\"tag\">recension<\/a>, <a href=\"http:\/\/bloggar.se\/om\/b%F6cker\" rel=\"tag\">b\u00f6cker<\/a>, <a href=\"http:\/\/bloggar.se\/om\/litteratur\" rel=\"tag\">litteratur<\/a>, <a href=\"http:\/\/bloggar.se\/om\/kriminalroman\" rel=\"tag\">kriminalroman<\/a>, <a href=\"http:\/\/bloggar.se\/om\/Karin+Alvtegen\" rel=\"tag\">Karin Alvtegen<\/a><\/p>\n","protected":false},"excerpt":{"rendered":"<p>F\u00f6rfattaren Karin Alvtegen blev i maj nominerad till det amerikanska deckarpriset Edgard Award, ett pris som anses vara det kanske mest prestigefyllda deckarpriset i v\u00e4rlden. Karin som blev nominerad f\u00f6r sin roman &#8221;Saknad&#8221; blev utan pris, men vann en m\u00e4ngd publicitet. I hennes femte roman &#8221;Skugga&#8221; drivs m\u00e5nga fr\u00e5gor kring framg\u00e5ng till sin spets.<\/p>\n","protected":false},"author":13,"featured_media":0,"comment_status":"open","ping_status":"open","sticky":false,"template":"","format":"standard","meta":{"_genesis_hide_title":false,"_genesis_hide_breadcrumbs":false,"_genesis_hide_singular_image":false,"_genesis_hide_footer_widgets":false,"_genesis_custom_body_class":"","_genesis_custom_post_class":"","_genesis_layout":"","footnotes":""},"categories":[16],"tags":[907,12280,1197,3041,12285],"class_list":{"0":"post-10364","1":"post","2":"type-post","3":"status-publish","4":"format-standard","6":"category-recension","7":"tag-bocker","8":"tag-litteratur","9":"tag-deckare","10":"tag-kriminalroman","11":"tag-recension","12":"entry"},"_links":{"self":[{"href":"https:\/\/kulturbloggen.com\/index.php?rest_route=\/wp\/v2\/posts\/10364","targetHints":{"allow":["GET"]}}],"collection":[{"href":"https:\/\/kulturbloggen.com\/index.php?rest_route=\/wp\/v2\/posts"}],"about":[{"href":"https:\/\/kulturbloggen.com\/index.php?rest_route=\/wp\/v2\/types\/post"}],"author":[{"embeddable":true,"href":"https:\/\/kulturbloggen.com\/index.php?rest_route=\/wp\/v2\/users\/13"}],"replies":[{"embeddable":true,"href":"https:\/\/kulturbloggen.com\/index.php?rest_route=%2Fwp%2Fv2%2Fcomments&post=10364"}],"version-history":[{"count":1,"href":"https:\/\/kulturbloggen.com\/index.php?rest_route=\/wp\/v2\/posts\/10364\/revisions"}],"predecessor-version":[{"id":123541,"href":"https:\/\/kulturbloggen.com\/index.php?rest_route=\/wp\/v2\/posts\/10364\/revisions\/123541"}],"wp:attachment":[{"href":"https:\/\/kulturbloggen.com\/index.php?rest_route=%2Fwp%2Fv2%2Fmedia&parent=10364"}],"wp:term":[{"taxonomy":"category","embeddable":true,"href":"https:\/\/kulturbloggen.com\/index.php?rest_route=%2Fwp%2Fv2%2Fcategories&post=10364"},{"taxonomy":"post_tag","embeddable":true,"href":"https:\/\/kulturbloggen.com\/index.php?rest_route=%2Fwp%2Fv2%2Ftags&post=10364"}],"curies":[{"name":"wp","href":"https:\/\/api.w.org\/{rel}","templated":true}]}}